{"id":999,"date":"2012-05-29T17:36:54","date_gmt":"2012-05-29T21:36:54","guid":{"rendered":"http:\/\/www.une-sen.org\/press\/?p=999"},"modified":"2014-02-25T18:58:24","modified_gmt":"2014-02-25T18:58:24","slug":"une-perte-de-notre-patrimoine","status":"publish","type":"post","link":"https:\/\/www.unesen.ca\/press\/?p=999&amp;lang=fr","title":{"rendered":"Une perte de notre patrimoine"},"content":{"rendered":"<p><img loading=\"lazy\" class=\"alignnone size-full wp-image-1000\" title=\"lac_f\" alt=\"\" src=\"http:\/\/www.une-sen.org\/press\/wp-content\/uploads\/2012\/05\/lac_f.jpg\" width=\"600\" height=\"400\" srcset=\"https:\/\/www.unesen.ca\/press\/wp-content\/uploads\/2012\/05\/lac_f.jpg 600w, https:\/\/www.unesen.ca\/press\/wp-content\/uploads\/2012\/05\/lac_f-300x200.jpg 300w\" sizes=\"(max-width: 600px) 100vw, 600px\" \/><\/p>\n<p>Des membres du SEN, des archivistes et des citoyens inquiets se sont r\u00e9unis devant l\u2019immeuble principal de Biblioth\u00e8que et Archives Canada, hier, pour pleurer la disparition de notre patrimoine documentaire.<\/p>\n<p>\u00ab\u00a0Au nom de quelque 68\u00a0000 membres du personnel enseignant des universit\u00e9s et coll\u00e8ges du Canada, nous sommes fiers de nous joindre \u00e0 tous les archivistes et alli\u00e9s rassembl\u00e9s ici aujourd&#8217;hui \u00e0 Ottawa pour d\u00e9noncer l&#8217;\u00e9limination du Programme national de d\u00e9veloppement des archives\u00a0\u00bb, a d\u00e9clar\u00e9 Angela Regnier, agente des communications de l\u2019Association canadienne des professeures et professeurs d\u2019universit\u00e9.<\/p>\n<p>Le Programme national de d\u00e9veloppement des archives est un programme de subventions qui appuyait les d\u00e9p\u00f4ts d\u2019archives provinciaux, territoriaux et municipaux. Ce programme a \u00e9t\u00e9 \u00e9limin\u00e9. Selon la <a href=\"http:\/\/www.cha-shc.ca\/fr\/Homepage_69\/items\/12.html\">Soci\u00e9t\u00e9 historique du Canada<\/a>, le budget annuel du programme qui n\u2019\u00e9tait que de 1,7\u00a0million de dollars a permis d\u2019entretenir plus de 800\u00a0d\u00e9p\u00f4ts d\u2019archives locaux au cours des 26 derni\u00e8res ann\u00e9es.<\/p>\n<p>Angela Regnier souligne que le Programme national de d\u00e9veloppement des archives n\u2019est que la plus r\u00e9cente victime des attaques du gouvernement actuel contre la recherche, le savoir et le patrimoine culturel.<\/p>\n<p>L\u2019Association canadienne des professeures et professeurs d\u2019universit\u00e9 condamnent aussi la modification du mandat de Biblioth\u00e8que et Archives Canada et la mise \u00e0 pied de nombreux employ\u00e9s comp\u00e9tents. Au cours du dernier mois, 235 des 544\u00a0membres du SEN qui travaillent dans les bureaux d\u2019Ottawa de Biblioth\u00e8que et Archives Canada ont re\u00e7u un avis. Selon le minist\u00e8re, 105\u00a0postes seront \u00e9limin\u00e9s.<\/p>\n<p>Voici ce que vous pouvez faire\u00a0:<\/p>\n<ul>\n<li>\u00c9crire une lettre au ministre du Patrimoine canadien et des langues officielles, James Moore, et au biblioth\u00e9caire et archiviste du Canada, Daniel Caron. <a href=\"http:\/\/www.sauvonsbiblioarchives.ca\/campagne.aspx\">Cliquez ici<\/a> pour des id\u00e9es de points \u00e0 aborder.<\/li>\n<li>Vous rendre sur le site Web <a href=\"http:\/\/www.sauvonsbiblioarchives.ca\/\">Sauvons Biblioth\u00e8que et Archives Canada<\/a> et vous inscrire pour recevoir des nouvelles.<\/li>\n<\/ul>\n<p>Il y a plusieurs photos du rassemblement sur notre <a href=\"http:\/\/www.flickr.com\/photos\/element_national_component\/sets\/72157629968938392\/\">page Flickr<\/a>.<\/p>\n","protected":false},"excerpt":{"rendered":"<p>Des membres du SEN, des archivistes et des citoyens inquiets se sont r\u00e9unis devant l\u2019immeuble principal de Biblioth\u00e8que et Archives Canada, hier, pour pleurer la disparition de notre patrimoine documentaire. \u00ab\u00a0Au nom de quelque 68\u00a0000 membres du personnel enseignant des universit\u00e9s et coll\u00e8ges du Canada, nous sommes fiers de nous joindre \u00e0 tous les archivistes &hellip; <\/p>\n<p class=\"link-more\"><a href=\"https:\/\/www.unesen.ca\/press\/?p=999&#038;lang=fr\" class=\"more-link\">>><span class=\"screen-reader-text\"> &#8220;Une perte de notre patrimoine&#8221;<\/span><\/a><\/p>\n","protected":false},"author":3,"featured_media":0,"comment_status":"open","ping_status":"open","sticky":false,"template":"","format":"standard","meta":{"_links_to":"","_links_to_target":""},"categories":[],"tags":[],"_links":{"self":[{"href":"https:\/\/www.unesen.ca\/press\/index.php?rest_route=\/wp\/v2\/posts\/999"}],"collection":[{"href":"https:\/\/www.unesen.ca\/press\/index.php?rest_route=\/wp\/v2\/posts"}],"about":[{"href":"https:\/\/www.unesen.ca\/press\/index.php?rest_route=\/wp\/v2\/types\/post"}],"author":[{"embeddable":true,"href":"https:\/\/www.unesen.ca\/press\/index.php?rest_route=\/wp\/v2\/users\/3"}],"replies":[{"embeddable":true,"href":"https:\/\/www.unesen.ca\/press\/index.php?rest_route=%2Fwp%2Fv2%2Fcomments&post=999"}],"version-history":[{"count":1,"href":"https:\/\/www.unesen.ca\/press\/index.php?rest_route=\/wp\/v2\/posts\/999\/revisions"}],"predecessor-version":[{"id":3540,"href":"https:\/\/www.unesen.ca\/press\/index.php?rest_route=\/wp\/v2\/posts\/999\/revisions\/3540"}],"wp:attachment":[{"href":"https:\/\/www.unesen.ca\/press\/index.php?rest_route=%2Fwp%2Fv2%2Fmedia&parent=999"}],"wp:term":[{"taxonomy":"category","embeddable":true,"href":"https:\/\/www.unesen.ca\/press\/index.php?rest_route=%2Fwp%2Fv2%2Fcategories&post=999"},{"taxonomy":"post_tag","embeddable":true,"href":"https:\/\/www.unesen.ca\/press\/index.php?rest_route=%2Fwp%2Fv2%2Ftags&post=999"}],"curies":[{"name":"wp","href":"https:\/\/api.w.org\/{rel}","templated":true}]}}