{"id":9855,"date":"2022-02-02T08:08:53","date_gmt":"2022-02-02T13:08:53","guid":{"rendered":"http:\/\/fr.une-sen.org\/press\/?p=9855"},"modified":"2022-02-02T08:08:55","modified_gmt":"2022-02-02T13:08:55","slug":"mois-de-lhistoire-des-noir%c2%b7e%c2%b7s-en-fevrier-et-en-tout-temps-celebrons-lhistoire-des-communautes-noires-aujourdhui-et-tous-les-jours","status":"publish","type":"post","link":"https:\/\/www.unesen.ca\/press\/?p=9855&amp;lang=fr","title":{"rendered":"MOIS DE L\u2019HISTOIRE DES NOIR\u00b7E\u00b7S &#8211; En f\u00e9vrier et en tout temps : C\u00e9l\u00e9brons l\u2019histoire des communaut\u00e9s noires aujourd\u2019hui et tous les jours"},"content":{"rendered":"\n<figure class=\"wp-block-image size-large\"><img loading=\"lazy\" width=\"1024\" height=\"538\" src=\"http:\/\/www.une-sen.org\/press\/wp-content\/uploads\/2022\/02\/FebBHM-F-1024x538.png\" alt=\"\" class=\"wp-image-9859\" srcset=\"https:\/\/www.unesen.ca\/press\/wp-content\/uploads\/2022\/02\/FebBHM-F-1024x538.png 1024w, https:\/\/www.unesen.ca\/press\/wp-content\/uploads\/2022\/02\/FebBHM-F-300x158.png 300w, https:\/\/www.unesen.ca\/press\/wp-content\/uploads\/2022\/02\/FebBHM-F-768x403.png 768w, https:\/\/www.unesen.ca\/press\/wp-content\/uploads\/2022\/02\/FebBHM-F.png 1200w\" sizes=\"(max-width: 767px) 89vw, (max-width: 1000px) 54vw, (max-width: 1071px) 543px, 580px\" \/><\/figure>\n\n\n\n<p>2 f\u00e9vrier 2022<\/p>\n\n\n\n<p>En f\u00e9vrier&nbsp;2008, le s\u00e9nateur Donald&nbsp;Oliver, le premier homme noir nomm\u00e9 au S\u00e9nat, a pr\u00e9sent\u00e9 la motion visant \u00e0 reconna\u00eetre les contributions des Canadien\u00b7ne\u00b7s noir\u00b7e\u00b7s et \u00e0 faire de f\u00e9vrier le Mois de l\u2019histoire des Noir\u00b7e\u00b7s.<\/p>\n\n\n\n<p>Le Mois de l\u2019histoire des Noirs existe pour nous rappeler les contributions importantes des personnes d\u2019origine africaine dans notre soci\u00e9t\u00e9, ainsi que leur lutte permanente pour l\u2019\u00e9quit\u00e9 et la justice sociale. C\u2019est l\u2019occasion de c\u00e9l\u00e9brer les nombreuses r\u00e9alisations et contributions des Canadien\u00b7nes noir\u00b7e\u00b7s qui, tout au long de l\u2019histoire, ont tant accompli pour faire du Canada la nation culturellement diversifi\u00e9e que nous connaissons aujourd\u2019hui. C\u2019est aussi une occasion pour l\u2019ensemble des Canadien\u00b7ne\u00b7s, notamment les jeunes g\u00e9n\u00e9rations, de se rappeler et d\u2019apprendre les exp\u00e9riences et les contributions des Canadien\u00b7ne\u00b7s noir\u00b7e\u00b7s au sein de notre soci\u00e9t\u00e9, ainsi que le r\u00f4le vital que cette communaut\u00e9 a jou\u00e9 tout au long de notre histoire commune.<\/p>\n\n\n\n<p>Allant des abolitionnistes aux h\u00e9ros de guerre, en passant par les c\u00e9l\u00e9brit\u00e9s sportives et les inventrices et inventeurs, nous c\u00e9l\u00e9brons les Canadien\u00b7ne\u00b7s noir\u00b7e\u00b7s \u00e9m\u00e9rites qui ont contribu\u00e9 \u00e0 faire du Canada une terre riche et multiculturelle. Au cours du mois qui vient, j\u2019encourage les membres du SEN \u00e0 faire l\u2019effort de s\u2019informer sur certaines de ces r\u00e9alisations. Ainsi, vous prendrez conscience de la mani\u00e8re dont la culture noire a influenc\u00e9 nos modes de vie aujourd\u2019hui&#8230;. qu\u2019il s\u2019agisse de la po\u00e9sie et de la musique que nous \u00e9coutons, de la nourriture que nous mangeons, des v\u00eatements que nous portons ou des progr\u00e8s r\u00e9alis\u00e9s dans le domaine des sciences et de l\u2019innovation.<\/p>\n\n\n\n<p>Il n\u2019est plus possible de choisir de faire abstraction d\u2019une histoire aussi riche qui a exerc\u00e9 une influence si profonde sur tous les aspects de notre vie aujourd\u2019hui. De nombreuses organisations et ressources \u00e9ducatives dans tout le pays se consacrent \u00e0 la promotion de l\u2019histoire des personnes noires canadiennes et \u00e0 la sensibilisation \u00e0 leurs r\u00e9alisations.<\/p>\n\n\n\n<p>Sam Padayachee<br>Repr\u00e9sentant national de l&#8217;\u00e9quit\u00e9 pour les membres racialis\u00e9\u00b7e\u00b7s<\/p>\n\n\n\n<p>Lien utile&nbsp;: <a href=\"https:\/\/www.canada.ca\/fr\/patrimoine-canadien\/campagnes\/mois-histoire-des-noirs\/ressources.html\" target=\"_blank\" rel=\"noreferrer noopener\">Organismes et ressources \u00e9ducatives li\u00e9es \u00e0 l\u2019histoire des Noirs<\/a><\/p>\n","protected":false},"excerpt":{"rendered":"<p>2 f\u00e9vrier 2022 En f\u00e9vrier&nbsp;2008, le s\u00e9nateur Donald&nbsp;Oliver, le premier homme noir nomm\u00e9 au S\u00e9nat, a pr\u00e9sent\u00e9 la motion visant \u00e0 reconna\u00eetre les contributions des Canadien\u00b7ne\u00b7s noir\u00b7e\u00b7s et \u00e0 faire de f\u00e9vrier le Mois de l\u2019histoire des Noir\u00b7e\u00b7s. Le Mois de l\u2019histoire des Noirs existe pour nous rappeler les contributions importantes des personnes d\u2019origine africaine &hellip; <\/p>\n<p class=\"link-more\"><a href=\"https:\/\/www.unesen.ca\/press\/?p=9855&#038;lang=fr\" class=\"more-link\">>><span class=\"screen-reader-text\"> &#8220;MOIS DE L\u2019HISTOIRE DES NOIR\u00b7E\u00b7S &#8211; En f\u00e9vrier et en tout temps : C\u00e9l\u00e9brons l\u2019histoire des communaut\u00e9s noires aujourd\u2019hui et tous les jours&#8221;<\/span><\/a><\/p>\n","protected":false},"author":6,"featured_media":0,"comment_status":"closed","ping_status":"open","sticky":false,"template":"","format":"standard","meta":{"_links_to":"","_links_to_target":""},"categories":[],"tags":[],"_links":{"self":[{"href":"https:\/\/www.unesen.ca\/press\/index.php?rest_route=\/wp\/v2\/posts\/9855"}],"collection":[{"href":"https:\/\/www.unesen.ca\/press\/index.php?rest_route=\/wp\/v2\/posts"}],"about":[{"href":"https:\/\/www.unesen.ca\/press\/index.php?rest_route=\/wp\/v2\/types\/post"}],"author":[{"embeddable":true,"href":"https:\/\/www.unesen.ca\/press\/index.php?rest_route=\/wp\/v2\/users\/6"}],"replies":[{"embeddable":true,"href":"https:\/\/www.unesen.ca\/press\/index.php?rest_route=%2Fwp%2Fv2%2Fcomments&post=9855"}],"version-history":[{"count":2,"href":"https:\/\/www.unesen.ca\/press\/index.php?rest_route=\/wp\/v2\/posts\/9855\/revisions"}],"predecessor-version":[{"id":9860,"href":"https:\/\/www.unesen.ca\/press\/index.php?rest_route=\/wp\/v2\/posts\/9855\/revisions\/9860"}],"wp:attachment":[{"href":"https:\/\/www.unesen.ca\/press\/index.php?rest_route=%2Fwp%2Fv2%2Fmedia&parent=9855"}],"wp:term":[{"taxonomy":"category","embeddable":true,"href":"https:\/\/www.unesen.ca\/press\/index.php?rest_route=%2Fwp%2Fv2%2Fcategories&post=9855"},{"taxonomy":"post_tag","embeddable":true,"href":"https:\/\/www.unesen.ca\/press\/index.php?rest_route=%2Fwp%2Fv2%2Ftags&post=9855"}],"curies":[{"name":"wp","href":"https:\/\/api.w.org\/{rel}","templated":true}]}}