{"id":9828,"date":"2021-12-21T16:09:44","date_gmt":"2021-12-21T21:09:44","guid":{"rendered":"http:\/\/fr.une-sen.org\/press\/?p=9828"},"modified":"2021-12-21T16:10:18","modified_gmt":"2021-12-21T21:10:18","slug":"changements-temporaires-au-conge-699-lafpc-attend-une-decision-sur-les-griefs-de-principe-en-janvier","status":"publish","type":"post","link":"https:\/\/www.unesen.ca\/press\/?p=9828&amp;lang=fr","title":{"rendered":"Changements temporaires au cong\u00e9 699; L\u2019AFPC attend une d\u00e9cision sur les griefs de principe en janvier"},"content":{"rendered":"\n<figure class=\"wp-block-image size-large\"><img loading=\"lazy\" width=\"960\" height=\"400\" src=\"http:\/\/www.une-sen.org\/press\/wp-content\/uploads\/2021\/12\/699-leave_1-1.jpeg\" alt=\"\" class=\"wp-image-9829\" srcset=\"https:\/\/www.unesen.ca\/press\/wp-content\/uploads\/2021\/12\/699-leave_1-1.jpeg 960w, https:\/\/www.unesen.ca\/press\/wp-content\/uploads\/2021\/12\/699-leave_1-1-300x125.jpeg 300w, https:\/\/www.unesen.ca\/press\/wp-content\/uploads\/2021\/12\/699-leave_1-1-768x320.jpeg 768w\" sizes=\"(max-width: 767px) 89vw, (max-width: 1000px) 54vw, (max-width: 1071px) 543px, 580px\" \/><\/figure>\n\n\n\n<p>20 d\u00e9cembre 2021<\/p>\n\n\n\n<p>L\u2019AFPC devrait conna\u00eetre, d\u2019ici la fin janvier&nbsp;2022, l\u2019issue des griefs de principe qu\u2019elle a d\u00e9pos\u00e9s pour d\u00e9fendre le recours des fonctionnaires au cong\u00e9&nbsp;699 durant la pand\u00e9mie.<\/p>\n\n\n\n<p>\u00c0 l\u2019occasion d\u2019audiences tenues par la Commission des relations de travail et de l\u2019emploi dans le secteur public f\u00e9d\u00e9ral depuis l\u2019\u00e9t\u00e9, l\u2019AFPC a pr\u00e9sent\u00e9 ses arguments contre la d\u00e9cision du Conseil du Tr\u00e9sor de limiter l\u2019acc\u00e8s \u00e0 ce cong\u00e9 pour les membres qui n\u2019ont pas pu travailler \u00e0 cause de leurs responsabilit\u00e9s parentales ou familiales, d\u2019un handicap ou d\u2019autres facteurs li\u00e9s \u00e0 la pand\u00e9mie.<\/p>\n\n\n\n<h3><strong>Politique discriminatoire<\/strong><\/h3>\n\n\n\n<p>Les griefs contestent la politique qui oblige les membres \u00e0 \u00e9puiser tous leurs autres cong\u00e9s pay\u00e9s (annuels, de maladie et pour obligations familiales) avant de pouvoir prendre un cong\u00e9&nbsp;699 pour des raisons li\u00e9es \u00e0 la COVID-19.&nbsp;<\/p>\n\n\n\n<p>Selon l\u2019APFC, la politique de l\u2019employeur contrevient aux dispositions des conventions collectives de ses membres et pourrait \u00eatre discriminatoire \u00e0 l\u2019endroit des groupes les plus touch\u00e9s par la pand\u00e9mie.<\/p>\n\n\n\n<h3><strong>Prochaines \u00e9tapes et griefs individuels<\/strong><\/h3>\n\n\n\n<p>La Commission compte rendre sa d\u00e9cision d\u2019ici la fin janvier&nbsp;2022.<\/p>\n\n\n\n<p>Entretemps, l\u2019AFPC fait des pieds et des mains pour que tous ses membres, notamment ceux que la pand\u00e9mie frappe le plus durement, aient le soutien n\u00e9cessaire pour traverser la crise.<\/p>\n\n\n\n<h3>Changements&nbsp;temporaires&nbsp;au cong\u00e9 699&nbsp;<\/h3>\n\n\n\n<p>En date du 20 d\u00e9cembre 2021, le Conseil du Tr\u00e9sor a mis en place des\u00a0<a href=\"https:\/\/www.canada.ca\/fr\/gouvernement\/fonctionpublique\/covid-19\/maladie-conge-employes.html\" target=\"_blank\" rel=\"noreferrer noopener\">changements temporaires pour faciliter l\u2019acc\u00e8s au cong\u00e9 699<\/a>\u00a0pendant la pand\u00e9mie pour les employ\u00e9s de la fonction publique f\u00e9d\u00e9rale ayant des responsabilit\u00e9s en mati\u00e8re de soins.\u00a0<\/p>\n\n\n\n<p>Le Conseil du Tr\u00e9sor a \u00e9galement clarifi\u00e9 son libell\u00e9 concernant l\u2019utilisation des cong\u00e9s annuels relativement au cong\u00e9 699. Ce sont des enjeux cl\u00e9s que l\u2019AFPC a soulev\u00e9es pendant l\u2019audience sur les griefs de principe, et il est encourageant de voir le gouvernement mettre en \u0153uvre ces changements de fa\u00e7on proactive avant qu\u2019une d\u00e9cision ne soit rendue par la Commission.&nbsp;<\/p>\n\n\n\n<p>Si vous ne pouvez pas travailler \u00e0 cause de la COVID-19, continuez \u00e0 demander un cong\u00e9\u00a0699. Si on vous refuse le cong\u00e9 ou si on vous oblige \u00e0 prendre un autre cong\u00e9 (annuel, de maladie ou pour obligations familiales), communiquez imm\u00e9diatement avec votre repr\u00e9sentante ou repr\u00e9sentant de l\u2019APFC ou avec<a href=\"http:\/\/fr.une-sen.org\/who_we_are\/NLRO\/index.php\" data-type=\"URL\" data-id=\"http:\/\/fr.une-sen.org\/who_we_are\/NLRO\/index.php\" target=\"_blank\" rel=\"noreferrer noopener\"> l\u2019agente ou l\u2019agent des relations de travail de votre \u00c9l\u00e9ment<\/a>. On vous aidera \u00e0 d\u00e9terminer s\u2019il est possible de d\u00e9poser un grief individuel ou collectif.<\/p>\n\n\n\n<p>Les membres qui rel\u00e8vent du Conseil du Tr\u00e9sor et ceux de l\u2019AFPC-SEI peuvent aussi utiliser\u00a0<a href=\"http:\/\/syndicatafpc.ca\/conge-paye-698-pour-les-fonctionnaires-qui-se-font-vacciner\" target=\"_blank\" rel=\"noreferrer noopener\">le cong\u00e9\u00a0698<\/a>\u00a0lorsqu\u2019ils vont se faire vacciner contre la COVID-19.<\/p>\n\n\n\n<p>Obtenez les derni\u00e8res nouvelles sur le cong\u00e9\u00a0699 et d\u2019autres enjeux importants en\u00a0<a href=\"http:\/\/syndicatafpc.ca\/user?_ga=2.192206634.1254686986.1639675289-1425164324.1631283960\" target=\"_blank\" rel=\"noreferrer noopener\">mettant vos coordonn\u00e9es \u00e0 jour<\/a>\u00a0et en vous inscrivant \u00e0 notre\u00a0<a href=\"http:\/\/syndicatafpc.ca\/inscrivez-vous-liste-diffusion-lafpc-0?_ga=2.192206634.1254686986.1639675289-1425164324.1631283960\" target=\"_blank\" rel=\"noreferrer noopener\">liste de diffusion<\/a>.<\/p>\n\n\n\n<p>Source : <a href=\"http:\/\/syndicatafpc.ca\/changements-temporaires-conge-699-lafpc-attend?_ga=2.20167345.869373908.1640119546-1121130890.1580157739\">Changements temporaires au cong\u00e9 699 ; L\u2019AFPC attend une d\u00e9cision sur les griefs de principe en janvier | Alliance de la Fonction publique du Canada (syndicatafpc.ca)<\/a><\/p>\n","protected":false},"excerpt":{"rendered":"<p>20 d\u00e9cembre 2021 L\u2019AFPC devrait conna\u00eetre, d\u2019ici la fin janvier&nbsp;2022, l\u2019issue des griefs de principe qu\u2019elle a d\u00e9pos\u00e9s pour d\u00e9fendre le recours des fonctionnaires au cong\u00e9&nbsp;699 durant la pand\u00e9mie. \u00c0 l\u2019occasion d\u2019audiences tenues par la Commission des relations de travail et de l\u2019emploi dans le secteur public f\u00e9d\u00e9ral depuis l\u2019\u00e9t\u00e9, l\u2019AFPC a pr\u00e9sent\u00e9 ses arguments &hellip; <\/p>\n<p class=\"link-more\"><a href=\"https:\/\/www.unesen.ca\/press\/?p=9828&#038;lang=fr\" class=\"more-link\">>><span class=\"screen-reader-text\"> &#8220;Changements temporaires au cong\u00e9 699; L\u2019AFPC attend une d\u00e9cision sur les griefs de principe en janvier&#8221;<\/span><\/a><\/p>\n","protected":false},"author":6,"featured_media":0,"comment_status":"closed","ping_status":"open","sticky":false,"template":"","format":"standard","meta":{"_links_to":"","_links_to_target":""},"categories":[],"tags":[],"_links":{"self":[{"href":"https:\/\/www.unesen.ca\/press\/index.php?rest_route=\/wp\/v2\/posts\/9828"}],"collection":[{"href":"https:\/\/www.unesen.ca\/press\/index.php?rest_route=\/wp\/v2\/posts"}],"about":[{"href":"https:\/\/www.unesen.ca\/press\/index.php?rest_route=\/wp\/v2\/types\/post"}],"author":[{"embeddable":true,"href":"https:\/\/www.unesen.ca\/press\/index.php?rest_route=\/wp\/v2\/users\/6"}],"replies":[{"embeddable":true,"href":"https:\/\/www.unesen.ca\/press\/index.php?rest_route=%2Fwp%2Fv2%2Fcomments&post=9828"}],"version-history":[{"count":2,"href":"https:\/\/www.unesen.ca\/press\/index.php?rest_route=\/wp\/v2\/posts\/9828\/revisions"}],"predecessor-version":[{"id":9831,"href":"https:\/\/www.unesen.ca\/press\/index.php?rest_route=\/wp\/v2\/posts\/9828\/revisions\/9831"}],"wp:attachment":[{"href":"https:\/\/www.unesen.ca\/press\/index.php?rest_route=%2Fwp%2Fv2%2Fmedia&parent=9828"}],"wp:term":[{"taxonomy":"category","embeddable":true,"href":"https:\/\/www.unesen.ca\/press\/index.php?rest_route=%2Fwp%2Fv2%2Fcategories&post=9828"},{"taxonomy":"post_tag","embeddable":true,"href":"https:\/\/www.unesen.ca\/press\/index.php?rest_route=%2Fwp%2Fv2%2Ftags&post=9828"}],"curies":[{"name":"wp","href":"https:\/\/api.w.org\/{rel}","templated":true}]}}