{"id":9820,"date":"2021-12-20T09:17:01","date_gmt":"2021-12-20T14:17:01","guid":{"rendered":"http:\/\/fr.une-sen.org\/press\/?p=9820"},"modified":"2021-12-20T09:17:04","modified_gmt":"2021-12-20T14:17:04","slug":"parcs-canada%e2%80%af-lequipe-de-nego-etablit-les-priorites-pour-la-prochaine-ronde","status":"publish","type":"post","link":"https:\/\/www.unesen.ca\/press\/?p=9820&amp;lang=fr","title":{"rendered":"Parcs Canada\u202f: l\u2019\u00e9quipe de n\u00e9go \u00e9tablit les priorit\u00e9s pour la prochaine ronde"},"content":{"rendered":"\n<figure class=\"wp-block-image size-large\"><img loading=\"lazy\" width=\"960\" height=\"400\" src=\"http:\/\/www.une-sen.org\/press\/wp-content\/uploads\/2021\/12\/2021-bargaining-scrape-960x488_parks-parcs-1.png\" alt=\"\" class=\"wp-image-9821\" srcset=\"https:\/\/www.unesen.ca\/press\/wp-content\/uploads\/2021\/12\/2021-bargaining-scrape-960x488_parks-parcs-1.png 960w, https:\/\/www.unesen.ca\/press\/wp-content\/uploads\/2021\/12\/2021-bargaining-scrape-960x488_parks-parcs-1-300x125.png 300w, https:\/\/www.unesen.ca\/press\/wp-content\/uploads\/2021\/12\/2021-bargaining-scrape-960x488_parks-parcs-1-768x320.png 768w\" sizes=\"(max-width: 767px) 89vw, (max-width: 1000px) 54vw, (max-width: 1071px) 543px, 580px\" \/><\/figure>\n\n\n\n<p>17 d\u00e9cembre 2021<\/p>\n\n\n\n<p>L\u2019\u00e9quipe de n\u00e9gociation&nbsp;de Parcs Canada s\u2019est r\u00e9unie du 29\u202fnovembre au 1er\u202fd\u00e9cembre pour \u00e9tablir l\u2019ordre de priorit\u00e9 des revendications qu\u2019elle pr\u00e9sentera \u00e0 l\u2019employeur&nbsp;au&nbsp;d\u00e9but de&nbsp;l\u2019ann\u00e9e.&nbsp;<\/p>\n\n\n\n<p>En plus des pr\u00e9occupations croissantes&nbsp;concernant&nbsp;la&nbsp;<a href=\"http:\/\/syndicatafpc.ca\/parcs-canada-equipe-de-negociation-elue-priorites-etablies?_ga=2.194893545.515884678.1639400521-1438915545.1603109801\" rel=\"noreferrer noopener\" target=\"_blank\">s\u00e9curit\u00e9 d\u2019emploi et le travail pr\u00e9caire<\/a>, l\u2019\u00e9quipe a discut\u00e9 de l\u2019importance de faire&nbsp;participer&nbsp;Parcs Canada au Conseil national mixte et&nbsp;au Programme d\u2019apprentissage mixte.&nbsp;&nbsp;<\/p>\n\n\n\n<p>On a \u00e9galement abord\u00e9 d\u2019autres enjeux cruciaux&nbsp;comme&nbsp;le harc\u00e8lement,&nbsp;la discrimination, la r\u00e9mun\u00e9ration d\u2019int\u00e9rim, les primes de langue autochtone, les cong\u00e9s annuels, le cong\u00e9 parental, l\u2019adaptation en milieu de travail et l\u2019\u00e9quit\u00e9.&nbsp;&nbsp;&nbsp;<\/p>\n\n\n\n<p>Pendant la pand\u00e9mie de COVID-19, les membres de Parcs Canada ont redoubl\u00e9 d&#8217;efforts pour s&#8217;assurer que le public puisse acc\u00e9der en toute s\u00e9curit\u00e9 aux parcs nationaux, aux canaux, aux aires marines et aux sites historiques nationaux du pays. La pand\u00e9mie a n\u00e9cessit\u00e9 des restrictions sans pr\u00e9c\u00e9dent sur les rassemblements en int\u00e9rieur, rendant la nature et les lieux prot\u00e9g\u00e9s encore plus importants pour la sant\u00e9 physique et mentale. Malgr\u00e9 le r\u00f4le crucial que les membres ont jou\u00e9 tout au long de cette pand\u00e9mie,&nbsp;les employ\u00e9s saisonniers et les employ\u00e9s nomm\u00e9s pour une p\u00e9riode d\u00e9termin\u00e9e repr\u00e9sentent pr\u00e8s de la moiti\u00e9 de la main-d&#8217;\u0153uvre de Parcs Canada.&nbsp;&nbsp;<\/p>\n\n\n\n<p>L\u2019\u00e9quipe doit se r\u00e9unir \u00e0 nouveau en janvier pour finaliser le cahier de revendications qu\u2019elle pr\u00e9sentera \u00e0 l\u2019employeur&nbsp;au d\u00e9but de 2022.&nbsp;<\/p>\n\n\n\n<p>Pour ne rien manquer des n\u00e9gos, assurez-vous que vos coordonn\u00e9es sont \u00e0 jour dans le\u00a0<a rel=\"noreferrer noopener\" href=\"http:\/\/syndicatafpc.ca\/user?_ga=2.30377087.1140481219.1636029149-1438915545.1603109801\" target=\"_blank\">portail des membres<\/a>.\u00a0<\/p>\n\n\n\n<p>Source : <a href=\"http:\/\/syndicatafpc.ca\/parcs-canada-lequipe-nego-etablit-priorites?_ga=2.255523080.1495723204.1640009556-1121130890.1580157739\">Parcs Canada\u202f: l\u2019\u00e9quipe de n\u00e9go \u00e9tablit les priorit\u00e9s pour la prochaine ronde | Alliance de la Fonction publique du Canada (syndicatafpc.ca)<\/a><\/p>\n","protected":false},"excerpt":{"rendered":"<p>17 d\u00e9cembre 2021 L\u2019\u00e9quipe de n\u00e9gociation&nbsp;de Parcs Canada s\u2019est r\u00e9unie du 29\u202fnovembre au 1er\u202fd\u00e9cembre pour \u00e9tablir l\u2019ordre de priorit\u00e9 des revendications qu\u2019elle pr\u00e9sentera \u00e0 l\u2019employeur&nbsp;au&nbsp;d\u00e9but de&nbsp;l\u2019ann\u00e9e.&nbsp; En plus des pr\u00e9occupations croissantes&nbsp;concernant&nbsp;la&nbsp;s\u00e9curit\u00e9 d\u2019emploi et le travail pr\u00e9caire, l\u2019\u00e9quipe a discut\u00e9 de l\u2019importance de faire&nbsp;participer&nbsp;Parcs Canada au Conseil national mixte et&nbsp;au Programme d\u2019apprentissage mixte.&nbsp;&nbsp; On a \u00e9galement &hellip; <\/p>\n<p class=\"link-more\"><a href=\"https:\/\/www.unesen.ca\/press\/?p=9820&#038;lang=fr\" class=\"more-link\">>><span class=\"screen-reader-text\"> &#8220;Parcs Canada\u202f: l\u2019\u00e9quipe de n\u00e9go \u00e9tablit les priorit\u00e9s pour la prochaine ronde&#8221;<\/span><\/a><\/p>\n","protected":false},"author":6,"featured_media":0,"comment_status":"closed","ping_status":"open","sticky":false,"template":"","format":"standard","meta":{"_links_to":"","_links_to_target":""},"categories":[],"tags":[],"_links":{"self":[{"href":"https:\/\/www.unesen.ca\/press\/index.php?rest_route=\/wp\/v2\/posts\/9820"}],"collection":[{"href":"https:\/\/www.unesen.ca\/press\/index.php?rest_route=\/wp\/v2\/posts"}],"about":[{"href":"https:\/\/www.unesen.ca\/press\/index.php?rest_route=\/wp\/v2\/types\/post"}],"author":[{"embeddable":true,"href":"https:\/\/www.unesen.ca\/press\/index.php?rest_route=\/wp\/v2\/users\/6"}],"replies":[{"embeddable":true,"href":"https:\/\/www.unesen.ca\/press\/index.php?rest_route=%2Fwp%2Fv2%2Fcomments&post=9820"}],"version-history":[{"count":1,"href":"https:\/\/www.unesen.ca\/press\/index.php?rest_route=\/wp\/v2\/posts\/9820\/revisions"}],"predecessor-version":[{"id":9822,"href":"https:\/\/www.unesen.ca\/press\/index.php?rest_route=\/wp\/v2\/posts\/9820\/revisions\/9822"}],"wp:attachment":[{"href":"https:\/\/www.unesen.ca\/press\/index.php?rest_route=%2Fwp%2Fv2%2Fmedia&parent=9820"}],"wp:term":[{"taxonomy":"category","embeddable":true,"href":"https:\/\/www.unesen.ca\/press\/index.php?rest_route=%2Fwp%2Fv2%2Fcategories&post=9820"},{"taxonomy":"post_tag","embeddable":true,"href":"https:\/\/www.unesen.ca\/press\/index.php?rest_route=%2Fwp%2Fv2%2Ftags&post=9820"}],"curies":[{"name":"wp","href":"https:\/\/api.w.org\/{rel}","templated":true}]}}