{"id":9809,"date":"2021-12-17T10:05:41","date_gmt":"2021-12-17T15:05:41","guid":{"rendered":"http:\/\/fr.une-sen.org\/press\/?p=9809"},"modified":"2021-12-17T10:05:43","modified_gmt":"2021-12-17T15:05:43","slug":"dedommagement-general-phenix%e2%80%afenfin-ouvert-aux-retraites-et-anciens-membres","status":"publish","type":"post","link":"https:\/\/www.unesen.ca\/press\/?p=9809&amp;lang=fr","title":{"rendered":"D\u00e9dommagement g\u00e9n\u00e9ral Ph\u00e9nix\u202fenfin ouvert aux retrait\u00e9s et anciens membres"},"content":{"rendered":"\n<figure class=\"wp-block-image size-large\"><img loading=\"lazy\" width=\"960\" height=\"400\" src=\"http:\/\/www.une-sen.org\/press\/wp-content\/uploads\/2021\/12\/bargain-pattern-blue_-1.png\" alt=\"\" class=\"wp-image-9810\" srcset=\"https:\/\/www.unesen.ca\/press\/wp-content\/uploads\/2021\/12\/bargain-pattern-blue_-1.png 960w, https:\/\/www.unesen.ca\/press\/wp-content\/uploads\/2021\/12\/bargain-pattern-blue_-1-300x125.png 300w, https:\/\/www.unesen.ca\/press\/wp-content\/uploads\/2021\/12\/bargain-pattern-blue_-1-768x320.png 768w\" sizes=\"(max-width: 767px) 89vw, (max-width: 1000px) 54vw, (max-width: 1071px) 543px, 580px\" \/><\/figure>\n\n\n\n<p>16 d\u00e9cmebre 2021<\/p>\n\n\n\n<p>Apr\u00e8s des mois d\u2019attente, les retrait\u00e9s et anciens membres de l\u2019AFPC ont&nbsp;enfin acc\u00e8s&nbsp;au&nbsp;d\u00e9dommagement g\u00e9n\u00e9ral&nbsp;pour les rat\u00e9s&nbsp;de&nbsp;Ph\u00e9nix.<\/p>\n\n\n\n<p>Tout ancien membre, repr\u00e9sentant l\u00e9gal d\u2019un ancien membre&nbsp;ou la succession d\u2019un membre&nbsp;d\u00e9c\u00e9d\u00e9&nbsp;ayant travaill\u00e9 pour la fonction publique f\u00e9d\u00e9rale entre 2016 et 2020&nbsp;et&nbsp;qui est admissible,&nbsp;peut&nbsp;d\u00e8s maintenant&nbsp;r\u00e9clamer&nbsp;la somme forfaitaire&nbsp;maximum&nbsp;de&nbsp;2 500$.&nbsp;Le montant&nbsp;inclut une indemnit\u00e9 pour le retard de l\u2019entr\u00e9e en vigueur des conventions collectives durant ces ann\u00e9es en raison de Ph\u00e9nix.&nbsp;L\u2019indemnit\u00e9 est r\u00e9partie comme suit :&nbsp;&nbsp;<\/p>\n\n\n\n<figure class=\"wp-block-table\"><table><tbody><tr><td>&nbsp;2016-2017&nbsp; &nbsp; &nbsp; &nbsp; &nbsp; &nbsp; &nbsp; &nbsp;&nbsp;&nbsp; &nbsp; &nbsp;<\/td><td>1 000 $&nbsp; &nbsp; &nbsp; &nbsp; &nbsp; &nbsp; &nbsp; &nbsp;&nbsp;&nbsp;&nbsp; &nbsp;&nbsp;<\/td><\/tr><tr><td>2017-2018&nbsp;<\/td><td>500 $&nbsp;<\/td><\/tr><tr><td>2018-2019&nbsp;<\/td><td>500 $&nbsp;<\/td><\/tr><tr><td>2019-2020&nbsp;<\/td><td>500 $&nbsp;<\/td><\/tr><\/tbody><\/table><\/figure>\n\n\n\n<p>Ce d\u00e9dommagement a \u00e9t\u00e9&nbsp;n\u00e9goci\u00e9 en octobre 2020 par l\u2019AFPC dans le cadre de&nbsp;l\u2019<a href=\"http:\/\/syndicatafpc.ca\/dommages-causes-phenix-lafpc-obtient-meilleure?_ga=2.265994311.91254520.1625496805-944700863.1615900723\" rel=\"noreferrer noopener\" target=\"_blank\">entente sur les dommages caus\u00e9s par&nbsp;le syst\u00e8me de paie&nbsp;Ph\u00e9nix<\/a>.<\/p>\n\n\n\n<p>Pour avoir droit \u00e0 chaque ann\u00e9e de la compensation financi\u00e8re, une personne&nbsp;doit avoir \u00e9t\u00e9 membre de l\u2019AFPC,&nbsp;eu sa paye&nbsp;trait\u00e9e&nbsp;par Ph\u00e9nix et&nbsp;\u00e9t\u00e9&nbsp;\u00e0 l\u2019effectif pendant au moins une journ\u00e9e au cours de l\u2019exercice vis\u00e9.&nbsp;Pour&nbsp;\u00eatre clairs :&nbsp;\u00ab&nbsp;\u00e0 l\u2019effectif&nbsp;\u00bb signifie une personne&nbsp;qui travaillait activement, en cong\u00e9, en affectation, en invalidit\u00e9 de longue dur\u00e9e ou qui n\u2019\u00e9tait pas actif, mais qui est demeur\u00e9 au travail.&nbsp;<\/p>\n\n\n\n<p>Pour recevoir le montant auquel vous avez droit, vous devez&nbsp;faire votre&nbsp;r\u00e9clamation, en ligne ou par la poste.&nbsp;Une fois que&nbsp;la&nbsp;demande aura \u00e9t\u00e9 \u00e9valu\u00e9e&nbsp;et&nbsp;que vous avez indiqu\u00e9&nbsp;votre accord&nbsp;avec&nbsp;le calcul des sommes dues par le gouvernement,&nbsp;les&nbsp;montants&nbsp;seront pay\u00e9s en un seul versement.&nbsp;Veuillez noter que&nbsp;le gouvernement pourrait d\u00e9duire les trop-pay\u00e9s du d\u00e9dommagement g\u00e9n\u00e9ral.&nbsp;<\/p>\n\n\n\n<h3><a href=\"https:\/\/www.canada.ca\/fr\/secretariat-conseil-tresor\/sujets\/remuneration\/systeme-paye-phenix\/phenix\/reclamer-dommages-causes-phenix-paiement-equivalent-conge.html#toc01\" target=\"_blank\" rel=\"noreferrer noopener\">Faites votre&nbsp;r\u00e9clamation en ligne<\/a><\/h3>\n\n\n\n<h3><a href=\"https:\/\/www.canada.ca\/content\/dam\/tbs-sct\/services\/pay-remuneration\/340-57_demande-indemnisation-generale-anciens-employes-2019.pdf\" rel=\"noreferrer noopener\" target=\"_blank\">Faites votre&nbsp;r\u00e9clamation par la poste<\/a>&nbsp;<\/h3>\n\n\n\n<p>Si vous avez des questions&nbsp;ou besoin d\u2019aide concernant le processus de r\u00e9clamation,&nbsp;contactez&nbsp;votre&nbsp;agent de r\u00e9clamations minist\u00e9riel. Si vous avez d\u2019autres inqui\u00e9tudes, adressez-vous au\u202f <a rel=\"noreferrer noopener\" href=\"https:\/\/www.tpsgc-pwgsc.gc.ca\/remuneration-compensation\/services-paye-pay-services\/paye-centre-pay\/cn-cu-fra.html\" target=\"_blank\">Centre de contact avec la client\u00e8le<\/a>.&nbsp;&nbsp;<\/p>\n\n\n\n<p>Pour en savoir plus sur le d\u00e9dommagement Ph\u00e9nix,&nbsp;<a href=\"http:\/\/syndicatafpc.ca\/foire-questions-dedommagement-phenix\" target=\"_blank\" rel=\"noreferrer noopener\">consultez notre FAQ<\/a>.<\/p>\n\n\n\n<p>Source : <a href=\"http:\/\/syndicatafpc.ca\/dedommagement-general-phenix-enfin-ouvert\">D\u00e9dommagement&nbsp;g\u00e9n\u00e9ral&nbsp;Ph\u00e9nix\u202fenfin&nbsp;ouvert aux&nbsp;retrait\u00e9s et anciens membres | Alliance de la Fonction publique du Canada (syndicatafpc.ca)<\/a><\/p>\n","protected":false},"excerpt":{"rendered":"<p>16 d\u00e9cmebre 2021 Apr\u00e8s des mois d\u2019attente, les retrait\u00e9s et anciens membres de l\u2019AFPC ont&nbsp;enfin acc\u00e8s&nbsp;au&nbsp;d\u00e9dommagement g\u00e9n\u00e9ral&nbsp;pour les rat\u00e9s&nbsp;de&nbsp;Ph\u00e9nix. Tout ancien membre, repr\u00e9sentant l\u00e9gal d\u2019un ancien membre&nbsp;ou la succession d\u2019un membre&nbsp;d\u00e9c\u00e9d\u00e9&nbsp;ayant travaill\u00e9 pour la fonction publique f\u00e9d\u00e9rale entre 2016 et 2020&nbsp;et&nbsp;qui est admissible,&nbsp;peut&nbsp;d\u00e8s maintenant&nbsp;r\u00e9clamer&nbsp;la somme forfaitaire&nbsp;maximum&nbsp;de&nbsp;2 500$.&nbsp;Le montant&nbsp;inclut une indemnit\u00e9 pour le retard de l\u2019entr\u00e9e &hellip; <\/p>\n<p class=\"link-more\"><a href=\"https:\/\/www.unesen.ca\/press\/?p=9809&#038;lang=fr\" class=\"more-link\">>><span class=\"screen-reader-text\"> &#8220;D\u00e9dommagement g\u00e9n\u00e9ral Ph\u00e9nix\u202fenfin ouvert aux retrait\u00e9s et anciens membres&#8221;<\/span><\/a><\/p>\n","protected":false},"author":6,"featured_media":0,"comment_status":"closed","ping_status":"open","sticky":false,"template":"","format":"standard","meta":{"_links_to":"","_links_to_target":""},"categories":[],"tags":[],"_links":{"self":[{"href":"https:\/\/www.unesen.ca\/press\/index.php?rest_route=\/wp\/v2\/posts\/9809"}],"collection":[{"href":"https:\/\/www.unesen.ca\/press\/index.php?rest_route=\/wp\/v2\/posts"}],"about":[{"href":"https:\/\/www.unesen.ca\/press\/index.php?rest_route=\/wp\/v2\/types\/post"}],"author":[{"embeddable":true,"href":"https:\/\/www.unesen.ca\/press\/index.php?rest_route=\/wp\/v2\/users\/6"}],"replies":[{"embeddable":true,"href":"https:\/\/www.unesen.ca\/press\/index.php?rest_route=%2Fwp%2Fv2%2Fcomments&post=9809"}],"version-history":[{"count":4,"href":"https:\/\/www.unesen.ca\/press\/index.php?rest_route=\/wp\/v2\/posts\/9809\/revisions"}],"predecessor-version":[{"id":9815,"href":"https:\/\/www.unesen.ca\/press\/index.php?rest_route=\/wp\/v2\/posts\/9809\/revisions\/9815"}],"wp:attachment":[{"href":"https:\/\/www.unesen.ca\/press\/index.php?rest_route=%2Fwp%2Fv2%2Fmedia&parent=9809"}],"wp:term":[{"taxonomy":"category","embeddable":true,"href":"https:\/\/www.unesen.ca\/press\/index.php?rest_route=%2Fwp%2Fv2%2Fcategories&post=9809"},{"taxonomy":"post_tag","embeddable":true,"href":"https:\/\/www.unesen.ca\/press\/index.php?rest_route=%2Fwp%2Fv2%2Ftags&post=9809"}],"curies":[{"name":"wp","href":"https:\/\/api.w.org\/{rel}","templated":true}]}}