{"id":9803,"date":"2021-12-16T09:19:32","date_gmt":"2021-12-16T14:19:32","guid":{"rendered":"http:\/\/fr.une-sen.org\/press\/?p=9803"},"modified":"2021-12-16T09:19:34","modified_gmt":"2021-12-16T14:19:34","slug":"recours-collectif-des-fonctionnaires-noirs-contre-le-gouvernement-federal-les-dates-daudience-sont-fixees","status":"publish","type":"post","link":"https:\/\/www.unesen.ca\/press\/?p=9803&amp;lang=fr","title":{"rendered":"Recours collectif des fonctionnaires noirs contre le gouvernement f\u00e9d\u00e9ral : les dates d\u2019audience sont fix\u00e9es"},"content":{"rendered":"\n<figure class=\"wp-block-image size-large\"><img loading=\"lazy\" width=\"960\" height=\"400\" src=\"http:\/\/www.une-sen.org\/press\/wp-content\/uploads\/2021\/12\/bpsw_class_action_0_1-1.png\" alt=\"\" class=\"wp-image-9804\" srcset=\"https:\/\/www.unesen.ca\/press\/wp-content\/uploads\/2021\/12\/bpsw_class_action_0_1-1.png 960w, https:\/\/www.unesen.ca\/press\/wp-content\/uploads\/2021\/12\/bpsw_class_action_0_1-1-300x125.png 300w, https:\/\/www.unesen.ca\/press\/wp-content\/uploads\/2021\/12\/bpsw_class_action_0_1-1-768x320.png 768w\" sizes=\"(max-width: 767px) 89vw, (max-width: 1000px) 54vw, (max-width: 1071px) 543px, 580px\" \/><\/figure>\n\n\n\n<p>16 d\u00e9cembre 2021<\/p>\n\n\n\n<p>Une nouvelle \u00e9tape a \u00e9t\u00e9 franchie dans le recours collectif qu\u2019ont d\u00e9pos\u00e9 d\u2019anciens et d\u2019actuels fonctionnaires noirs contre le gouvernement f\u00e9d\u00e9ral. L\u2019audience portant sur l\u2019accr\u00e9ditation aura lieu du 21 au 23 septembre 2022.<\/p>\n\n\n\n<p>La juge Jocelyne Gagn\u00e9, de la Cour f\u00e9d\u00e9rale, a rejet\u00e9 la demande de report ant\u00e9rieure du gouvernement. Cette audience est une \u00e9tape cruciale, qui d\u00e9terminera la survie du recours collectif.<\/p>\n\n\n\n<p>Le recours collectif continue de prendre de l\u2019ampleur, car ce sont maintenant 1\u2009082 fonctionnaires f\u00e9d\u00e9raux noirs, anciens et actuels, qui r\u00e9clament un d\u00e9dommagement de plus de 2,5 milliards de dollars. Nombre des plaignants ont d\u00e9j\u00e0 \u00e9t\u00e9 ou sont encore membres de l\u2019AFPC.<\/p>\n\n\n\n<p><a href=\"https:\/\/syndicatafpc.ca\/racisme-antinoir-fonction-publique-Le-Rassembleur-1-2021?_ga=2.259900490.1306215960.1639567003-1254430764.1628086105\" target=\"_blank\" rel=\"noreferrer noopener\">L\u2019AFPC appuie ce recours collectif historique et a demand\u00e9 le statut d\u2019intervenant dans cette affaire.<\/a><\/p>\n\n\n\n<p>Si vous \u00eates une personne noire, antillaise ou d\u2019origine africaine et que vous travaillez ou avez travaill\u00e9 pour le gouvernement f\u00e9d\u00e9ral au cours des 50 derni\u00e8res ann\u00e9es, vous pouvez vous\u00a0<a href=\"https:\/\/fr.blackclassaction.ca\/join-us\" target=\"_blank\" rel=\"noreferrer noopener\">inscrire au recours collectif<\/a>.<\/p>\n\n\n\n<h2><strong>Contexte<\/strong><\/h2>\n\n\n\n<p>Les fonctionnaires en cause, qui ont travaill\u00e9 au gouvernement au cours des 50&nbsp;derni\u00e8res ann\u00e9es, all\u00e8guent que l\u2019employeur a perp\u00e9tu\u00e9 leur exclusion, en limitant l\u2019avancement professionnel des personnes noires au sein de la fonction publique f\u00e9d\u00e9rale, comme en t\u00e9moigne leur sous-repr\u00e9sentation dans les rangs de la gestion et de la direction.<\/p>\n\n\n\n<p>Selon les statistiques du Conseil du Tr\u00e9sor de 2020, les personnes noires forment le plus important groupe racialis\u00e9 de fonctionnaires f\u00e9d\u00e9raux, soit 3,5&nbsp;%. Toutefois, elles ne repr\u00e9sentent que 1,6&nbsp;% des membres de la direction. Elles ont d\u2019ailleurs tendance \u00e0 occuper les postes de niveau inf\u00e9rieur.<\/p>\n\n\n\n<h2><strong>Manifestez votre appui!<\/strong><\/h2>\n\n\n\n<ul><li><a href=\"https:\/\/fr.blackclassaction.ca\/\" target=\"_blank\" rel=\"noreferrer noopener\">Apprenez-en davantage<\/a>\u00a0sur le recours collectif des fonctionnaires noirs.<\/li><li><a href=\"https:\/\/www.change.org\/p\/canada-justice-for-black-federal-public-service-workers?signed=true\" target=\"_blank\" rel=\"noreferrer noopener\">Signez la p\u00e9tition<\/a>\u00a0exigeant que justice soit rendue aux fonctionnaires f\u00e9d\u00e9raux noirs.\u00a0<\/li><\/ul>\n\n\n\n<p>Source : <a href=\"https:\/\/syndicatafpc.ca\/recours-collectif-fonctionnaires-noirs-contre?_ga=2.229081244.1204811512.1639663941-1121130890.1580157739\">Recours collectif des fonctionnaires noirs contre le gouvernement f\u00e9d\u00e9ral : les dates d\u2019audience sont fix\u00e9es | Alliance de la Fonction publique du Canada (syndicatafpc.ca)<\/a><\/p>\n","protected":false},"excerpt":{"rendered":"<p>16 d\u00e9cembre 2021 Une nouvelle \u00e9tape a \u00e9t\u00e9 franchie dans le recours collectif qu\u2019ont d\u00e9pos\u00e9 d\u2019anciens et d\u2019actuels fonctionnaires noirs contre le gouvernement f\u00e9d\u00e9ral. L\u2019audience portant sur l\u2019accr\u00e9ditation aura lieu du 21 au 23 septembre 2022. La juge Jocelyne Gagn\u00e9, de la Cour f\u00e9d\u00e9rale, a rejet\u00e9 la demande de report ant\u00e9rieure du gouvernement. Cette audience &hellip; <\/p>\n<p class=\"link-more\"><a href=\"https:\/\/www.unesen.ca\/press\/?p=9803&#038;lang=fr\" class=\"more-link\">>><span class=\"screen-reader-text\"> &#8220;Recours collectif des fonctionnaires noirs contre le gouvernement f\u00e9d\u00e9ral : les dates d\u2019audience sont fix\u00e9es&#8221;<\/span><\/a><\/p>\n","protected":false},"author":6,"featured_media":0,"comment_status":"closed","ping_status":"open","sticky":false,"template":"","format":"standard","meta":{"_links_to":"","_links_to_target":""},"categories":[],"tags":[],"_links":{"self":[{"href":"https:\/\/www.unesen.ca\/press\/index.php?rest_route=\/wp\/v2\/posts\/9803"}],"collection":[{"href":"https:\/\/www.unesen.ca\/press\/index.php?rest_route=\/wp\/v2\/posts"}],"about":[{"href":"https:\/\/www.unesen.ca\/press\/index.php?rest_route=\/wp\/v2\/types\/post"}],"author":[{"embeddable":true,"href":"https:\/\/www.unesen.ca\/press\/index.php?rest_route=\/wp\/v2\/users\/6"}],"replies":[{"embeddable":true,"href":"https:\/\/www.unesen.ca\/press\/index.php?rest_route=%2Fwp%2Fv2%2Fcomments&post=9803"}],"version-history":[{"count":1,"href":"https:\/\/www.unesen.ca\/press\/index.php?rest_route=\/wp\/v2\/posts\/9803\/revisions"}],"predecessor-version":[{"id":9805,"href":"https:\/\/www.unesen.ca\/press\/index.php?rest_route=\/wp\/v2\/posts\/9803\/revisions\/9805"}],"wp:attachment":[{"href":"https:\/\/www.unesen.ca\/press\/index.php?rest_route=%2Fwp%2Fv2%2Fmedia&parent=9803"}],"wp:term":[{"taxonomy":"category","embeddable":true,"href":"https:\/\/www.unesen.ca\/press\/index.php?rest_route=%2Fwp%2Fv2%2Fcategories&post=9803"},{"taxonomy":"post_tag","embeddable":true,"href":"https:\/\/www.unesen.ca\/press\/index.php?rest_route=%2Fwp%2Fv2%2Ftags&post=9803"}],"curies":[{"name":"wp","href":"https:\/\/api.w.org\/{rel}","templated":true}]}}