{"id":9796,"date":"2021-12-13T12:45:29","date_gmt":"2021-12-13T17:45:29","guid":{"rendered":"http:\/\/fr.une-sen.org\/press\/?p=9796"},"modified":"2021-12-13T12:45:31","modified_gmt":"2021-12-13T17:45:31","slug":"avis-aux-membres-relevant-du-conseil-du-tresor%e2%80%af-levee-du-moratoire-sur-lencaissement-automatique-des-conges","status":"publish","type":"post","link":"https:\/\/www.unesen.ca\/press\/?p=9796&amp;lang=fr","title":{"rendered":"Avis aux membres relevant du Conseil du Tr\u00e9sor\u202f: Lev\u00e9e du moratoire sur l\u2019encaissement automatique des cong\u00e9s"},"content":{"rendered":"\n<figure class=\"wp-block-image size-large\"><img loading=\"lazy\" width=\"960\" height=\"400\" src=\"http:\/\/www.une-sen.org\/press\/wp-content\/uploads\/2021\/12\/bargain-pattern-grey_3_0_11-1.png\" alt=\"\" class=\"wp-image-9797\" srcset=\"https:\/\/www.unesen.ca\/press\/wp-content\/uploads\/2021\/12\/bargain-pattern-grey_3_0_11-1.png 960w, https:\/\/www.unesen.ca\/press\/wp-content\/uploads\/2021\/12\/bargain-pattern-grey_3_0_11-1-300x125.png 300w, https:\/\/www.unesen.ca\/press\/wp-content\/uploads\/2021\/12\/bargain-pattern-grey_3_0_11-1-768x320.png 768w\" sizes=\"(max-width: 767px) 89vw, (max-width: 1000px) 54vw, (max-width: 1071px) 543px, 580px\" \/><\/figure>\n\n\n\n<p>9 d\u00e9cembre 2021<\/p>\n\n\n\n<p>L\u2019AFPC et le Conseil du Tr\u00e9sor\u00a0<a href=\"http:\/\/psacunion.ca\/sites\/psac\/files\/afpc-pe-fr_0.pdf\" target=\"_blank\" rel=\"noreferrer noopener\">ont conclu une entente<\/a>\u00a0pour lever le moratoire sur l\u2019encaissement automatique des cong\u00e9s annuels et compensatoires des groupes PA, TC, EB, SV et FB.<\/p>\n\n\n\n<p>Il y a quelques ann\u00e9es, l\u2019AFPC et le Conseil du Tr\u00e9sor ont convenu de suspendre l\u2019encaissement automatique des cong\u00e9s pr\u00e9vu dans les conventions collectives jusqu\u2019au 31 mars 2022. Ce moratoire devait permettre de s\u2019attaquer aux rat\u00e9s de Ph\u00e9nix et de lib\u00e9rer les conseill\u00e8res et conseillers en r\u00e9mun\u00e9ration pour qu\u2019ils se concentrent sur le traitement de l\u2019arri\u00e9r\u00e9.<\/p>\n\n\n\n<p>En vertu de la plupart des conventions collectives de l\u2019AFPC, les cong\u00e9s acquis durant un exercice financier qui n\u2019ont pas \u00e9t\u00e9 pris au 30 septembre de l\u2019exercice suivant sont sujet aux dispositions automatiques de r\u00e9mun\u00e9ration en esp\u00e8ces.<\/p>\n\n\n\n<p>L\u2019encaissement des cong\u00e9s annuels et compensatoires en suspens reprendra comme pr\u00e9vu le 31\u202fmars prochain. Cependant, notre entente avec le Conseil du Tr\u00e9sor pr\u00e9voit une p\u00e9riode de transition qui permettra de r\u00e9tablir le seuil de report des cong\u00e9s pr\u00e9vu dans les conventions collectives.<\/p>\n\n\n\n<p>Selon cette entente, les cong\u00e9s annuels et compensatoires qui d\u00e9passent le seuil maximum de report pr\u00e9vu dans les conventions collectives seront encaiss\u00e9s \u00e0 raison de 20\u202f% par ann\u00e9e sur cinq ans.<\/p>\n\n\n\n<p>Si cette p\u00e9riode de cinq ans ne suffit pas \u00e0 \u00e9couler tous les cong\u00e9s exc\u00e9dentaires, les membres recevront un montant forfaitaire repr\u00e9sentant la valeur de tous les cong\u00e9s restants, conform\u00e9ment aux dispositions pertinentes de leur convention collective.<\/p>\n\n\n\n<p>L\u2019AFPC sait que de nombreux membres pr\u00e9f\u00e8rent prendre des jours de cong\u00e9 compensatoire au lieu de recevoir l\u2019\u00e9quivalent en argent. C\u2019est pour cette raison qu\u2019ils&nbsp;pourront continuer \u00e0 prendre des cong\u00e9s annuels ou compensatoires ou se faire payer leurs heures suppl\u00e9mentaires durant l\u2019ann\u00e9e, de la fa\u00e7on d\u00e9crite dans leur convention collective.<\/p>\n\n\n\n<p>Lorsque des probl\u00e8mes subsistent, notamment en cas de mutation en suspens ou de difficult\u00e9 \u00e0 \u00e9tablir le solde des cong\u00e9s \u00e0 cause des probl\u00e8mes du syst\u00e8me de paye, l\u2019encaissement automatique des cong\u00e9s peut \u00eatre mis en attente par l\u2019employeur, en consultation avec la personne salari\u00e9e.<\/p>\n\n\n\n<p>Pour des pr\u00e9cisions sur l\u2019encaissement automatique des cong\u00e9s, les membres peuvent consulter le\u00a0<a href=\"http:\/\/psacunion.ca\/sites\/psac\/files\/afpc-pe-fr_0.pdf\" target=\"_blank\" rel=\"noreferrer noopener\">protocole d\u2019entente<\/a>.<\/p>\n\n\n\n<p>Source : <a href=\"http:\/\/syndicatafpc.ca\/levee-moratoire-encaissement-automatique-des-conges?_ga=2.89218334.465198938.1639417199-1121130890.1580157739\">Avis aux membres relevant du Conseil du Tr\u00e9sor\u202f: Lev\u00e9e du moratoire sur l\u2019encaissement automatique des cong\u00e9s | Alliance de la Fonction publique du Canada (syndicatafpc.ca)<\/a><\/p>\n","protected":false},"excerpt":{"rendered":"<p>9 d\u00e9cembre 2021 L\u2019AFPC et le Conseil du Tr\u00e9sor\u00a0ont conclu une entente\u00a0pour lever le moratoire sur l\u2019encaissement automatique des cong\u00e9s annuels et compensatoires des groupes PA, TC, EB, SV et FB. Il y a quelques ann\u00e9es, l\u2019AFPC et le Conseil du Tr\u00e9sor ont convenu de suspendre l\u2019encaissement automatique des cong\u00e9s pr\u00e9vu dans les conventions collectives &hellip; <\/p>\n<p class=\"link-more\"><a href=\"https:\/\/www.unesen.ca\/press\/?p=9796&#038;lang=fr\" class=\"more-link\">>><span class=\"screen-reader-text\"> &#8220;Avis aux membres relevant du Conseil du Tr\u00e9sor\u202f: Lev\u00e9e du moratoire sur l\u2019encaissement automatique des cong\u00e9s&#8221;<\/span><\/a><\/p>\n","protected":false},"author":6,"featured_media":0,"comment_status":"closed","ping_status":"open","sticky":false,"template":"","format":"standard","meta":{"_links_to":"","_links_to_target":""},"categories":[],"tags":[],"_links":{"self":[{"href":"https:\/\/www.unesen.ca\/press\/index.php?rest_route=\/wp\/v2\/posts\/9796"}],"collection":[{"href":"https:\/\/www.unesen.ca\/press\/index.php?rest_route=\/wp\/v2\/posts"}],"about":[{"href":"https:\/\/www.unesen.ca\/press\/index.php?rest_route=\/wp\/v2\/types\/post"}],"author":[{"embeddable":true,"href":"https:\/\/www.unesen.ca\/press\/index.php?rest_route=\/wp\/v2\/users\/6"}],"replies":[{"embeddable":true,"href":"https:\/\/www.unesen.ca\/press\/index.php?rest_route=%2Fwp%2Fv2%2Fcomments&post=9796"}],"version-history":[{"count":1,"href":"https:\/\/www.unesen.ca\/press\/index.php?rest_route=\/wp\/v2\/posts\/9796\/revisions"}],"predecessor-version":[{"id":9798,"href":"https:\/\/www.unesen.ca\/press\/index.php?rest_route=\/wp\/v2\/posts\/9796\/revisions\/9798"}],"wp:attachment":[{"href":"https:\/\/www.unesen.ca\/press\/index.php?rest_route=%2Fwp%2Fv2%2Fmedia&parent=9796"}],"wp:term":[{"taxonomy":"category","embeddable":true,"href":"https:\/\/www.unesen.ca\/press\/index.php?rest_route=%2Fwp%2Fv2%2Fcategories&post=9796"},{"taxonomy":"post_tag","embeddable":true,"href":"https:\/\/www.unesen.ca\/press\/index.php?rest_route=%2Fwp%2Fv2%2Ftags&post=9796"}],"curies":[{"name":"wp","href":"https:\/\/api.w.org\/{rel}","templated":true}]}}