{"id":9783,"date":"2021-12-09T17:00:08","date_gmt":"2021-12-09T22:00:08","guid":{"rendered":"http:\/\/fr.une-sen.org\/press\/?p=9783"},"modified":"2021-12-09T17:00:10","modified_gmt":"2021-12-09T22:00:10","slug":"journee-internationale-des-droits-de-la-personne-lorigine-des-droits-de-la-personne","status":"publish","type":"post","link":"https:\/\/www.unesen.ca\/press\/?p=9783&amp;lang=fr","title":{"rendered":"Journ\u00e9e internationale des droits de la personne : l\u2019origine des droits de la personne"},"content":{"rendered":"\n<figure class=\"wp-block-image size-large\"><img loading=\"lazy\" width=\"1024\" height=\"538\" src=\"http:\/\/www.une-sen.org\/press\/wp-content\/uploads\/2021\/12\/HRDayDec10-f-1024x538.png\" alt=\"\" class=\"wp-image-9784\" srcset=\"https:\/\/www.unesen.ca\/press\/wp-content\/uploads\/2021\/12\/HRDayDec10-f-1024x538.png 1024w, https:\/\/www.unesen.ca\/press\/wp-content\/uploads\/2021\/12\/HRDayDec10-f-300x158.png 300w, https:\/\/www.unesen.ca\/press\/wp-content\/uploads\/2021\/12\/HRDayDec10-f-768x403.png 768w, https:\/\/www.unesen.ca\/press\/wp-content\/uploads\/2021\/12\/HRDayDec10-f.png 1200w\" sizes=\"(max-width: 767px) 89vw, (max-width: 1000px) 54vw, (max-width: 1071px) 543px, 580px\" \/><\/figure>\n\n\n\n<p>10 d\u00e9cembre 2021<\/p>\n\n\n\n<p>Je me suis souvent pos\u00e9 la question sur l\u2019origine de la <a href=\"https:\/\/www.un.org\/fr\/universal-declaration-human-rights\/\" target=\"_blank\" rel=\"noreferrer noopener\"><em>D\u00e9claration universelle des droits de l&#8217;homme<\/em><\/a> qui a \u00e9t\u00e9 adopt\u00e9e par l&#8217;Assembl\u00e9e g\u00e9n\u00e9rale des Nations unies le 10 d\u00e9cembre 1948 \u00e0 Paris, au palais de Chaillot, par la r\u00e9solution 217 (III) A. Elle pr\u00e9cise les droits fondamentaux de la personne. Pour donner suite aux horreurs de la Seconde Guerre Mondiale, la communaut\u00e9 internationale d\u00e9cide d&#8217;\u00e9laborer une <strong>charte internationale de&nbsp;droits<\/strong> pour affirmer les valeurs mises en avant dans la lutte contre le fascisme et le nazisme.<\/p>\n\n\n\n<p>Mais en continuant mes recherches, j\u2019ai constat\u00e9 que l\u2019origine remontait encore plus loin, soit l\u2019Antiquit\u00e9&nbsp;:<\/p>\n\n\n\n<ul><li>Dans l&#8217;<a href=\"https:\/\/fr.wikipedia.org\/wiki\/%C3%89thique_%C3%A0_Nicomaque\">\u00c9thique \u00e0 Nicomaque<\/a>,&nbsp;<a href=\"https:\/\/fr.wikipedia.org\/wiki\/Aristote\">Aristote<\/a>&nbsp;\u00e9voque le principe de dignit\u00e9 et le respect que l&#8217;individu\u00b7e doit porter aux autres;<\/li><li>Dans les&nbsp;Pens\u00e9es&nbsp;pour moi-m\u00eame de&nbsp;<a href=\"https:\/\/fr.wikipedia.org\/wiki\/Marc_Aur%C3%A8le\">Marc Aur\u00e8le<\/a>&nbsp;et les&nbsp;<a href=\"https:\/\/fr.wikipedia.org\/wiki\/Tusculanes\">Tusculanes<\/a>&nbsp;de&nbsp;<a href=\"https:\/\/fr.wikipedia.org\/wiki\/Cic%C3%A9ron\">Cic\u00e9ron<\/a>&nbsp;(sur la notion de&nbsp;jus hominum, \u00ab&nbsp;droit des hommes&nbsp;\u00bb), reprenant Platon;<\/li><li>Dans des textes religieux (comme les&nbsp;<a href=\"https:\/\/fr.wikipedia.org\/wiki\/D%C3%A9calogue\">Dix Commandements<\/a>, qui commandent le&nbsp;<a href=\"https:\/\/fr.wikipedia.org\/wiki\/Droit_%C3%A0_la_vie\">droit \u00e0 la vie<\/a>, \u00e0 l&#8217;<a href=\"https:\/\/fr.wikipedia.org\/wiki\/Honneur\">honneur<\/a>, etc.);<\/li><li>Chez&nbsp;<a href=\"https:\/\/fr.wikipedia.org\/wiki\/Paul_de_Tarse\">Saint Paul<\/a>, dans l\u2019<a href=\"https:\/\/fr.wikipedia.org\/wiki\/%C3%89p%C3%AEtre_aux_Corinthiens\">\u00e9p\u00eetre aux Corinthiens<\/a>, qui parle de l\u2019homme int\u00e9rieur, totalement vierge, en lui accordant une dignit\u00e9 absolue;<\/li><li>Dans des textes litt\u00e9raires, comme la&nbsp;<a href=\"https:\/\/fr.wikipedia.org\/wiki\/Antigone_(Sophocle)\">pi\u00e8ce de th\u00e9\u00e2tre&nbsp;Antigone<\/a>&nbsp;de&nbsp;<a href=\"https:\/\/fr.wikipedia.org\/wiki\/Sophocle\">Sophocle<\/a>&nbsp;ou purement&nbsp;<a href=\"https:\/\/fr.wikipedia.org\/wiki\/Philosophie\">philosophiques<\/a>, comme dans les textes de l\u2019\u00e9cole de pens\u00e9e des&nbsp;<a href=\"https:\/\/fr.wikipedia.org\/wiki\/Sto%C3%AFcisme\">sto\u00efciens<\/a>;<\/li><\/ul>\n\n\n\n<p>De plus, nous retrouvons des \u00e9crits dans plusieurs r\u00e9gions du monde comme l\u2019\u00c9dit de Milan ou l\u2019\u00c9dit de Constantin 1<sup>er<\/sup> en l\u2019an 313, au XIII<sup>e<\/sup> si\u00e8cle avec la Charte du Manden en Afrique et au XV<sup>e<\/sup> et XVI<sup>e<\/sup> si\u00e8cles avec les grands jurisconsultes islamiques de l\u2019empire du Mali.<\/p>\n\n\n\n<p>Qui plus est, \u00e0 travers les Grands Textes (XIII<sup>e<\/sup> \u2013 XVII<sup>e<\/sup> si\u00e8cles), on peut remonter jusqu\u2019au Moyen-\u00c2ge pour trouver les premi\u00e8res manifestations, concr\u00e8tes et avec des effets r\u00e9els dans les pratiques, de l&#8217;id\u00e9e des droits de la personne, r\u00e9unies sous le nom de droits de l&#8217;homme de la premi\u00e8re g\u00e9n\u00e9ration&nbsp;:<\/p>\n\n\n\n<ul><li>La&nbsp;<a href=\"https:\/\/fr.wikipedia.org\/wiki\/Magna_Carta\"><em>Magna Carta<\/em><\/a>&nbsp;de 1215. Ce texte est important mais n&#8217;a \u00e9t\u00e9 v\u00e9ritablement utilis\u00e9 qu&#8217;\u00e0 partir du&nbsp;<a>XVII<sup>e<\/sup><\/a>&nbsp;si\u00e8cle comme instrument contre l&#8217;absolutisme royal des Stuart;<\/li><li>Les&nbsp;<a href=\"https:\/\/fr.wikipedia.org\/wiki\/Douze_Articles\"><em>Douze Articles<\/em><\/a>&nbsp;de 1525;<\/li><li>La&nbsp;<a href=\"https:\/\/fr.wikipedia.org\/wiki\/P%C3%A9tition_des_droits\"><em>P\u00e9tition des Droits<\/em><\/a>&nbsp;de 1628;<\/li><li>L&#8217;<a href=\"https:\/\/fr.wikipedia.org\/wiki\/Habeas_corpus#L.27Acte_d'habeas_corpus_de_1679\">Acte d&#8217;<em>Habeas Corpus<\/em><\/a> de 1679 (fondement du&nbsp;<a href=\"https:\/\/fr.wikipedia.org\/wiki\/Droit_p%C3%A9nal\">droit p\u00e9nal<\/a>);<\/li><li>La <em>D\u00e9claration des droits<\/em> (<a href=\"https:\/\/fr.wikipedia.org\/wiki\/D%C3%A9claration_des_droits\"><em>Bill of Rights<\/em><\/a>) de 1689. Elle est consid\u00e9r\u00e9e dans le monde anglophone comme la base des concepts actuels des droits humains.<\/li><\/ul>\n\n\n\n<p>La premi\u00e8re d\u00e9claration des droits humains (12 juin 1776) est celle de l\u2019\u00c9tat de Virginie, \u00e9crite par George Mason, que l\u2019on appelait \u2018\u2019Le p\u00e8re de la D\u00e9claration des droits\u2019\u2019. Cette derni\u00e8re a \u00e9t\u00e9 incluse dans la <em>D\u00e9claration d\u2019ind\u00e9pendance des \u00c9tats-Unis<\/em> le 4 juillet 1776 par Thomas Jefferson et a inspir\u00e9 la <em>D\u00e9claration des droits de l\u2019Homme <\/em>de 1948. &nbsp;Quelques ann\u00e9es plus tard, la France sous le r\u00e8gne de Louis XVI, promulguait la <em>D\u00e9claration des droits de l\u2019homme et du citoyen, <\/em>le 3 novembre 1789. Malheureusement, cette d\u00e9claration excluait les femmes et il a fallu attendre 1948 et l\u2019intervention d\u2019Eleanor Roosevelt pour que la notion entre les sexes figure explicitement dans une convention internationale, soit la fameuse <em>D\u00e9claration universelle des droits de l&#8217;homme<\/em> des Nations Unies.<\/p>\n\n\n\n<p>Les&nbsp;droits de la personne&nbsp;sont bas\u00e9s sur le respect de l&#8217;individu\u00b7e. Leur principe fondamental est qu&#8217;une personne est un\u00b7e \u00eatre moral\u00b7e et rationnel\u00b7lle qui m\u00e9rite d&#8217;\u00eatre trait\u00e9\u00b7e avec dignit\u00e9. On les appelle les&nbsp;droits de la personne&nbsp;parce qu&#8217;ils sont universels. Les&nbsp;droits de la personne sont&nbsp;les&nbsp;droits&nbsp;et libert\u00e9s fondamentaux qui appartiennent \u00e0 chaque personne dans le monde, de la naissance \u00e0 la mort. Ces&nbsp;droits&nbsp;fondamentaux reposent sur des valeurs communes telles que la dignit\u00e9, l&#8217;\u00e9quit\u00e9, l&#8217;\u00e9galit\u00e9, le respect et l&#8217;ind\u00e9pendance.<\/p>\n\n\n\n<p>En terminant, j\u2019aimerais que cette journ\u00e9e du 10 d\u00e9cembre ouvre la discussion dans vos communaut\u00e9s, vos familles, vos lieux de travail car c\u2019est la base d\u2019un monde meilleur et c\u2019est \u00e0 chacun\u00b7e de nous d\u2019en faire la promotion en continuant \u00e0 d\u00e9fendre ces droits. Le Comit\u00e9 des droits de la personne du SEN est fier de son leadership au sein de l\u2019AFPC et continuera \u00e0 aider les membres \u00e0 se pencher sur l\u2019importance du respect de ces DROITS et \u00e0 les d\u00e9fendre.<\/p>\n\n\n\n<p>Daniel Toutant<br>Vice-pr\u00e9sident national aux droits de la personne<br>SEN-AFPC<\/p>\n","protected":false},"excerpt":{"rendered":"<p>10 d\u00e9cembre 2021 Je me suis souvent pos\u00e9 la question sur l\u2019origine de la D\u00e9claration universelle des droits de l&#8217;homme qui a \u00e9t\u00e9 adopt\u00e9e par l&#8217;Assembl\u00e9e g\u00e9n\u00e9rale des Nations unies le 10 d\u00e9cembre 1948 \u00e0 Paris, au palais de Chaillot, par la r\u00e9solution 217 (III) A. Elle pr\u00e9cise les droits fondamentaux de la personne. Pour &hellip; <\/p>\n<p class=\"link-more\"><a href=\"https:\/\/www.unesen.ca\/press\/?p=9783&#038;lang=fr\" class=\"more-link\">>><span class=\"screen-reader-text\"> &#8220;Journ\u00e9e internationale des droits de la personne : l\u2019origine des droits de la personne&#8221;<\/span><\/a><\/p>\n","protected":false},"author":6,"featured_media":0,"comment_status":"closed","ping_status":"open","sticky":false,"template":"","format":"standard","meta":{"_links_to":"","_links_to_target":""},"categories":[],"tags":[],"_links":{"self":[{"href":"https:\/\/www.unesen.ca\/press\/index.php?rest_route=\/wp\/v2\/posts\/9783"}],"collection":[{"href":"https:\/\/www.unesen.ca\/press\/index.php?rest_route=\/wp\/v2\/posts"}],"about":[{"href":"https:\/\/www.unesen.ca\/press\/index.php?rest_route=\/wp\/v2\/types\/post"}],"author":[{"embeddable":true,"href":"https:\/\/www.unesen.ca\/press\/index.php?rest_route=\/wp\/v2\/users\/6"}],"replies":[{"embeddable":true,"href":"https:\/\/www.unesen.ca\/press\/index.php?rest_route=%2Fwp%2Fv2%2Fcomments&post=9783"}],"version-history":[{"count":3,"href":"https:\/\/www.unesen.ca\/press\/index.php?rest_route=\/wp\/v2\/posts\/9783\/revisions"}],"predecessor-version":[{"id":9789,"href":"https:\/\/www.unesen.ca\/press\/index.php?rest_route=\/wp\/v2\/posts\/9783\/revisions\/9789"}],"wp:attachment":[{"href":"https:\/\/www.unesen.ca\/press\/index.php?rest_route=%2Fwp%2Fv2%2Fmedia&parent=9783"}],"wp:term":[{"taxonomy":"category","embeddable":true,"href":"https:\/\/www.unesen.ca\/press\/index.php?rest_route=%2Fwp%2Fv2%2Fcategories&post=9783"},{"taxonomy":"post_tag","embeddable":true,"href":"https:\/\/www.unesen.ca\/press\/index.php?rest_route=%2Fwp%2Fv2%2Ftags&post=9783"}],"curies":[{"name":"wp","href":"https:\/\/api.w.org\/{rel}","templated":true}]}}