{"id":9753,"date":"2021-11-25T08:58:23","date_gmt":"2021-11-25T13:58:23","guid":{"rendered":"http:\/\/fr.une-sen.org\/press\/?p=9753"},"modified":"2021-11-25T09:02:30","modified_gmt":"2021-11-25T14:02:30","slug":"journee-internationale-pour-lelimination-de-la-violence-a-legard-des-femmes-2","status":"publish","type":"post","link":"https:\/\/www.unesen.ca\/press\/?p=9753&amp;lang=fr","title":{"rendered":"Journ\u00e9e internationale pour l\u2019\u00e9limination de la violence \u00e0 l\u2019\u00e9gard des femmes"},"content":{"rendered":"\n<figure class=\"wp-block-image size-large\"><img loading=\"lazy\" width=\"1024\" height=\"538\" src=\"http:\/\/www.une-sen.org\/press\/wp-content\/uploads\/2021\/11\/IDEVAW-1-1024x538.png\" alt=\"\" class=\"wp-image-9754\" srcset=\"https:\/\/www.unesen.ca\/press\/wp-content\/uploads\/2021\/11\/IDEVAW-1-1024x538.png 1024w, https:\/\/www.unesen.ca\/press\/wp-content\/uploads\/2021\/11\/IDEVAW-1-300x158.png 300w, https:\/\/www.unesen.ca\/press\/wp-content\/uploads\/2021\/11\/IDEVAW-1-768x403.png 768w, https:\/\/www.unesen.ca\/press\/wp-content\/uploads\/2021\/11\/IDEVAW-1.png 1200w\" sizes=\"(max-width: 767px) 89vw, (max-width: 1000px) 54vw, (max-width: 1071px) 543px, 580px\" \/><\/figure>\n\n\n\n<p>25 novembre 2021<\/p>\n\n\n\n<p>\u00c0 l\u2019approche de la Journ\u00e9e internationale pour l\u2019\u00e9limination de la violence \u00e0 l\u2019\u00e9gard des femmes, j\u2019aimerais vous faire part de quelques r\u00e9flexions. Ma premi\u00e8re pens\u00e9e, c\u2019est POURQUOI? Pourquoi cela se produit-il encore? Pourquoi dans notre soci\u00e9t\u00e9 est-ce encore acceptable? Pourquoi est-ce que quelqu\u2019un penserait que c\u2019est acceptable? Ma pens\u00e9e suivante, c\u2019est : \u00c7A NE L\u2019EST PAS! Ce n\u2019est pas acceptable. C\u2019est inadmissible, et ce n\u2019est pas quelque chose qui peut continuer.<\/p>\n\n\n\n<p><br>En tant que soci\u00e9t\u00e9, nous devrions nous attendre \u00e0 plus, et c\u2019est bien ce que nous faisons. Nous devons prot\u00e9ger nos droits en tant que femmes, grands-m\u00e8res, m\u00e8res, filles, s\u0153urs, tantes et ni\u00e8ces. Nous devons nous assurer que chaque personne, quel que soit son genre, son sexe, sa race ou ses croyances, est prot\u00e9g\u00e9e. Il ne faut plus tol\u00e9rer une telle situation. Si vous voyez quelque chose, dites quelque chose. Prenez position, aidez votre prochain. Soyez cette personne. Tout le monde a le droit de se sentir en s\u00e9curit\u00e9 et de faire partie de la soci\u00e9t\u00e9.<\/p>\n\n\n\n<p><br>En cette Journ\u00e9e internationale de la violence \u00e0 l\u2019\u00e9gard des femmes, joignez-vous \u00e0 moi et d\u00e9fendez toutes ces belles femmes. Dites : \u00ab \u00e7a suffit! \u00bb Nous ne resterons pas les bras crois\u00e9s pendant que des femmes sont bless\u00e9es, maltrait\u00e9es et contraintes de se sentir inf\u00e9rieures aux hommes. Cons\u0153urs, confr\u00e8res et ami\u00b7e\u00b7s, tenez-vous \u00e0 mes c\u00f4t\u00e9s en ce jour de solidarit\u00e9 et engagez-vous \u00e0 mettre fin au cercle vicieux de la violence \u00e0 l\u2019\u00e9gard des femmes.<\/p>\n\n\n\n<p><br>Que chaque femme sache que nous sommes fortes. NOUS sommes r\u00e9silientes, nous sommes dignes d\u2019estime, nous sommes belles et nous sommes des guerri\u00e8res. Communiquez avec les responsables des programmes et de l\u2019\u00e9ducation qui sont en place pour aider \u00e0 mettre fin \u00e0 ce crime contre les femmes. Cela se passe dans nos lieux de travail, dans nos maisons et dans nos collectivit\u00e9s. Faisons toutes et tous notre part pour nous \u00e9duquer les un\u00b7e\u00b7s les autres et utilisons ces ressources pour tendre la main aux femmes qui en ont si d\u00e9sesp\u00e9r\u00e9ment besoin.<\/p>\n\n\n\n<p>Nous sommes toujours plus fort\u00b7e\u00b7s ensemble, et c\u2019est ensemble que nous avan\u00e7ons. Nous sommes l\u2019Esprit, nous sommes la Lumi\u00e8re. Nous sommes le cycle de la Vie. Nous sommes alors plus grandes et nous nous \u00e9l\u00e8verons. Nous esp\u00e9rons qu\u2019en ce jour, vous vous l\u00e8verez toutes et tous avec nous. Ensemble, gr\u00e2ce \u00e0 l\u2019\u00e9ducation, \u00e0 l\u2019apprentissage et \u00e0 la mise en commun de nos ressources qui sont \u00e0 notre disposition, nous deviendrons tous de meilleurs \u00eatres humains.<\/p>\n\n\n\n<p>En toute solidarit\u00e9,<\/p>\n\n\n\n<p>Ellen Cross<br>Vice-pr\u00e9sidente nationale de la sant\u00e9 et de la s\u00e9curit\u00e9 au travail du SEN<\/p>\n","protected":false},"excerpt":{"rendered":"<p>25 novembre 2021 \u00c0 l\u2019approche de la Journ\u00e9e internationale pour l\u2019\u00e9limination de la violence \u00e0 l\u2019\u00e9gard des femmes, j\u2019aimerais vous faire part de quelques r\u00e9flexions. Ma premi\u00e8re pens\u00e9e, c\u2019est POURQUOI? Pourquoi cela se produit-il encore? Pourquoi dans notre soci\u00e9t\u00e9 est-ce encore acceptable? Pourquoi est-ce que quelqu\u2019un penserait que c\u2019est acceptable? Ma pens\u00e9e suivante, c\u2019est : &hellip; <\/p>\n<p class=\"link-more\"><a href=\"https:\/\/www.unesen.ca\/press\/?p=9753&#038;lang=fr\" class=\"more-link\">>><span class=\"screen-reader-text\"> &#8220;Journ\u00e9e internationale pour l\u2019\u00e9limination de la violence \u00e0 l\u2019\u00e9gard des femmes&#8221;<\/span><\/a><\/p>\n","protected":false},"author":6,"featured_media":0,"comment_status":"closed","ping_status":"open","sticky":false,"template":"","format":"standard","meta":{"_links_to":"","_links_to_target":""},"categories":[],"tags":[],"_links":{"self":[{"href":"https:\/\/www.unesen.ca\/press\/index.php?rest_route=\/wp\/v2\/posts\/9753"}],"collection":[{"href":"https:\/\/www.unesen.ca\/press\/index.php?rest_route=\/wp\/v2\/posts"}],"about":[{"href":"https:\/\/www.unesen.ca\/press\/index.php?rest_route=\/wp\/v2\/types\/post"}],"author":[{"embeddable":true,"href":"https:\/\/www.unesen.ca\/press\/index.php?rest_route=\/wp\/v2\/users\/6"}],"replies":[{"embeddable":true,"href":"https:\/\/www.unesen.ca\/press\/index.php?rest_route=%2Fwp%2Fv2%2Fcomments&post=9753"}],"version-history":[{"count":2,"href":"https:\/\/www.unesen.ca\/press\/index.php?rest_route=\/wp\/v2\/posts\/9753\/revisions"}],"predecessor-version":[{"id":9756,"href":"https:\/\/www.unesen.ca\/press\/index.php?rest_route=\/wp\/v2\/posts\/9753\/revisions\/9756"}],"wp:attachment":[{"href":"https:\/\/www.unesen.ca\/press\/index.php?rest_route=%2Fwp%2Fv2%2Fmedia&parent=9753"}],"wp:term":[{"taxonomy":"category","embeddable":true,"href":"https:\/\/www.unesen.ca\/press\/index.php?rest_route=%2Fwp%2Fv2%2Fcategories&post=9753"},{"taxonomy":"post_tag","embeddable":true,"href":"https:\/\/www.unesen.ca\/press\/index.php?rest_route=%2Fwp%2Fv2%2Ftags&post=9753"}],"curies":[{"name":"wp","href":"https:\/\/api.w.org\/{rel}","templated":true}]}}