{"id":974,"date":"2012-05-19T13:50:20","date_gmt":"2012-05-19T17:50:20","guid":{"rendered":"http:\/\/www.une-sen.org\/press\/?p=974"},"modified":"2014-02-25T18:59:03","modified_gmt":"2014-02-25T18:59:03","slug":"in-memoriam-laurel-gladu","status":"publish","type":"post","link":"https:\/\/www.unesen.ca\/press\/?p=974&amp;lang=fr","title":{"rendered":"In Memoriam &#8211; Laurel Gladu"},"content":{"rendered":"<p><img loading=\"lazy\" class=\"alignnone size-full wp-image-975\" title=\"laurel_bil\" alt=\"\" src=\"http:\/\/www.une-sen.org\/press\/wp-content\/uploads\/2012\/05\/laurel_bil1.png\" width=\"600\" height=\"400\" srcset=\"https:\/\/www.unesen.ca\/press\/wp-content\/uploads\/2012\/05\/laurel_bil1.png 600w, https:\/\/www.unesen.ca\/press\/wp-content\/uploads\/2012\/05\/laurel_bil1-300x200.png 300w\" sizes=\"(max-width: 600px) 100vw, 600px\" \/><\/p>\n<p><em>Les mots suivants ont \u00e9t\u00e9 \u00e9crits par Kevin King, Vice-pr\u00e9sident r\u00e9gional de l&#8217;Alberta, des T.N.-O. et du Nunavut, et un ami de Laurel Gladu.<\/em><\/p>\n<p>J\u2019aimerais \u00e9crire quelques mots au sujet du d\u00e9c\u00e8s soudain et inattendu de notre cons\u0153ur Laurel Gladu, Vice-pr\u00e9sidente r\u00e9gionale adjointe de la r\u00e9gion de l\u2019Alberta, des Territoires du Nord-Ouest et du Nunavut du Syndicat des employ\u00e9es et employ\u00e9s nationaux.<\/p>\n<p>Laurel est d\u00e9c\u00e9d\u00e9e le 15 mai, 2012. Elle venait tout juste d\u2019effectuer un travail au sein du comit\u00e9 de planification de la Conf\u00e9rence sur la Sant\u00e9 et S\u00e9curit\u00e9 en milieu de travail qui aura lieu \u00e0 Montr\u00e9al en octobre.<\/p>\n<p>Laurel \u00e9tait une militante au sein de l\u2019AFPC dans son milieu de travail aux Affaires autochtones et D\u00e9veloppement du Nord Canada depuis le d\u00e9but des ann\u00e9es 1980. Sa participation syndicale a d\u00e9but\u00e9 lorsqu\u2019elle a assum\u00e9 le r\u00f4le de d\u00e9l\u00e9gu\u00e9e syndicale \u00e0 Inuvik (section locale X0305), et plus tard \u00e0 Yellowknife (section locale X0304). Vers la fin des ann\u00e9es 1980, Laurel a d\u00e9m\u00e9nag\u00e9 \u00e0 Edmonton o\u00f9 elle est devenue membre de fa\u00e7on continue de l\u2019ex\u00e9cutif de sa section locale (30067) jusqu\u2019au d\u00e9but du printemps de cette ann\u00e9e.<\/p>\n<p>Laurel \u00e9tait une militante avec de bonnes intentions qui travaillait fort \u2013 souvent en repr\u00e9sentant directement les membres en tant que d\u00e9l\u00e9gu\u00e9e syndicale en chef. Elle a \u0153uvr\u00e9 sans rel\u00e2che, avec une dose formidable de bon sens, \u00e0 l\u2019avancement de la condition f\u00e9minine, \u00e0 la promotion des droits des peuples autochtones et \u00e0 la sensibilisation en mati\u00e8re de sant\u00e9 et s\u00e9curit\u00e9 en milieu de travail.<\/p>\n<p>Laurel \u00e9tait ma confidente au sein de l\u2019\u00e9quipe r\u00e9gionale du SEN. Malgr\u00e9 que cette r\u00e9gion est extr\u00eamement difficile \u00e0 g\u00e9rer, Laurel s\u2019est charg\u00e9 des enjeux syndicaux tout en offrant de la dignit\u00e9 et du respect \u00e0 nos membres qui travaillaient dans des milieux de travail difficile, et souvent, avec des gestionnaires qui \u00e9taient bien loin de vouloir coop\u00e9rer.<\/p>\n<p>Elle avait plusieurs amies et amis au sein du milieu syndical; son d\u00e9c\u00e8s laisse un vide parmi tous les militantes et militants dans les prairies et dans la r\u00e9gion des prairies de l\u2019AFPC.<\/p>\n<p>Au niveau r\u00e9gional, Laurel a \u00e9t\u00e9 Repr\u00e9sentante aux droits de la personne en mati\u00e8re de l\u2019\u00e9galit\u00e9 des chances. Elle a \u00e9galement \u00e9t\u00e9 Vice-pr\u00e9sidente r\u00e9gionale adjointe au SEN \u00e0 partir de 2008 jusqu\u2019\u00e0 tout r\u00e9cemment. Laurel a \u00e9galement repr\u00e9sent\u00e9 les membres durant tous les congr\u00e8s triennaux du SEN, sauf un, depuis 1990.<\/p>\n<p>Plus important encore, Laurel \u00e9tait mon amie.<\/p>\n<p>Elle ch\u00e9rissait l\u2019amour de sa famille, ses enfants et ses petits enfants, le golf et ses m\u00e9moires de ses destinations de vacances pr\u00e9f\u00e9r\u00e9es : Las Vegas et Myrtle Beach.<\/p>\n<p>Je suis profond\u00e9ment attrist\u00e9 par son d\u00e9c\u00e8s et je ne peux imaginer la peine de sa famille et ses amis.<\/p>\n<p>La famille de Laurel a partag\u00e9 les informations suivantes concernant son enterrement :<\/p>\n<p>23 mai 2012<br \/>\n14 h (heure avanc\u00e9e des Rocheuses)<br \/>\nEvergreen Memorial Gardens<br \/>\nEdmonton, Alberta<\/p>\n<p>Il y aura un service afin de t\u00e9moigner de votre respect \u00e0 la famille de Laurel \u00e0 13 h 30.<\/p>\n<p>Cordialement et en toute solidarit\u00e9,<\/p>\n<p>Kevin King<br \/>\nVice-pr\u00e9sident r\u00e9gional<br \/>\nSyndicat des employ\u00e9es et employ\u00e9s nationaux, AFPC<\/p>\n","protected":false},"excerpt":{"rendered":"<p>Les mots suivants ont \u00e9t\u00e9 \u00e9crits par Kevin King, Vice-pr\u00e9sident r\u00e9gional de l&#8217;Alberta, des T.N.-O. et du Nunavut, et un ami de Laurel Gladu. J\u2019aimerais \u00e9crire quelques mots au sujet du d\u00e9c\u00e8s soudain et inattendu de notre cons\u0153ur Laurel Gladu, Vice-pr\u00e9sidente r\u00e9gionale adjointe de la r\u00e9gion de l\u2019Alberta, des Territoires du Nord-Ouest et du Nunavut &hellip; <\/p>\n<p class=\"link-more\"><a href=\"https:\/\/www.unesen.ca\/press\/?p=974&#038;lang=fr\" class=\"more-link\">>><span class=\"screen-reader-text\"> &#8220;In Memoriam &#8211; Laurel Gladu&#8221;<\/span><\/a><\/p>\n","protected":false},"author":3,"featured_media":0,"comment_status":"open","ping_status":"open","sticky":false,"template":"","format":"standard","meta":{"_links_to":"","_links_to_target":""},"categories":[],"tags":[],"_links":{"self":[{"href":"https:\/\/www.unesen.ca\/press\/index.php?rest_route=\/wp\/v2\/posts\/974"}],"collection":[{"href":"https:\/\/www.unesen.ca\/press\/index.php?rest_route=\/wp\/v2\/posts"}],"about":[{"href":"https:\/\/www.unesen.ca\/press\/index.php?rest_route=\/wp\/v2\/types\/post"}],"author":[{"embeddable":true,"href":"https:\/\/www.unesen.ca\/press\/index.php?rest_route=\/wp\/v2\/users\/3"}],"replies":[{"embeddable":true,"href":"https:\/\/www.unesen.ca\/press\/index.php?rest_route=%2Fwp%2Fv2%2Fcomments&post=974"}],"version-history":[{"count":1,"href":"https:\/\/www.unesen.ca\/press\/index.php?rest_route=\/wp\/v2\/posts\/974\/revisions"}],"predecessor-version":[{"id":3541,"href":"https:\/\/www.unesen.ca\/press\/index.php?rest_route=\/wp\/v2\/posts\/974\/revisions\/3541"}],"wp:attachment":[{"href":"https:\/\/www.unesen.ca\/press\/index.php?rest_route=%2Fwp%2Fv2%2Fmedia&parent=974"}],"wp:term":[{"taxonomy":"category","embeddable":true,"href":"https:\/\/www.unesen.ca\/press\/index.php?rest_route=%2Fwp%2Fv2%2Fcategories&post=974"},{"taxonomy":"post_tag","embeddable":true,"href":"https:\/\/www.unesen.ca\/press\/index.php?rest_route=%2Fwp%2Fv2%2Ftags&post=974"}],"curies":[{"name":"wp","href":"https:\/\/api.w.org\/{rel}","templated":true}]}}