{"id":9734,"date":"2021-11-22T09:34:03","date_gmt":"2021-11-22T14:34:03","guid":{"rendered":"http:\/\/fr.une-sen.org\/press\/?p=9734"},"modified":"2021-11-22T09:34:05","modified_gmt":"2021-11-22T14:34:05","slug":"negociation-des-enjeux-communs-il-faut-indexer-les-salaires-sur-linflation-galopante","status":"publish","type":"post","link":"https:\/\/www.unesen.ca\/press\/?p=9734&amp;lang=fr","title":{"rendered":"N\u00e9gociation des enjeux communs : il faut indexer les salaires sur l\u2019inflation galopante"},"content":{"rendered":"\n<figure class=\"wp-block-image size-large\"><img loading=\"lazy\" width=\"960\" height=\"400\" src=\"http:\/\/www.une-sen.org\/press\/wp-content\/uploads\/2021\/11\/bargaining-pattern_psac_0_0_0_2-1.png\" alt=\"\" class=\"wp-image-9735\" srcset=\"https:\/\/www.unesen.ca\/press\/wp-content\/uploads\/2021\/11\/bargaining-pattern_psac_0_0_0_2-1.png 960w, https:\/\/www.unesen.ca\/press\/wp-content\/uploads\/2021\/11\/bargaining-pattern_psac_0_0_0_2-1-300x125.png 300w, https:\/\/www.unesen.ca\/press\/wp-content\/uploads\/2021\/11\/bargaining-pattern_psac_0_0_0_2-1-768x320.png 768w\" sizes=\"(max-width: 767px) 89vw, (max-width: 1000px) 54vw, (max-width: 1071px) 543px, 580px\" \/><\/figure>\n\n\n\n<p>19 novembre 2021<\/p>\n\n\n\n<p>L\u2019AFPC a d\u00e9pos\u00e9 &nbsp;une revendication salariale pour plus de 110\u2009000&nbsp;fonctionnaires f\u00e9d\u00e9raux qui tient compte de la hausse spectaculaire des taux d\u2019inflation partout au pays.<\/p>\n\n\n\n<p>L\u2019\u00e9quipe de n\u00e9go des enjeux communs a revendiqu\u00e9 une augmentation salariale de 4,5&nbsp;% par ann\u00e9e sur trois ans, soit la dur\u00e9e de la convention collective, lors des pourparlers avec le Conseil du Tr\u00e9sor au d\u00e9but novembre.<\/p>\n\n\n\n<p>Les taux d\u2019inflation sont \u00e0 leur plus haut en plus de 18&nbsp;ans, et nos membres m\u00e9ritent une augmentation salariale qui tient compte du co\u00fbt croissant de la nourriture, du logement et des services de garde. Moins que \u00e7a \u00e9quivaudrait \u00e0 une baisse de salaire. D\u2019octobre&nbsp;2020 \u00e0 octobre&nbsp;2021, l\u2019indice des prix \u00e0 la consommation a augment\u00e9 de 4,7&nbsp;%, apr\u00e8s avoir affich\u00e9 une hausse de 4,4&nbsp;% en septembre. &nbsp;<\/p>\n\n\n\n<p>Nombre d\u2019employeurs, conscients de la p\u00e9nurie de main-d\u2019\u0153uvre, augmentent les salaires en cons\u00e9quence afin de recruter et de garder du personnel qualifi\u00e9. En tant que premier employeur au Canada, le Conseil du Tr\u00e9sor doit montrer l\u2019exemple et offrir des salaires justes et \u00e9quitables qui tiennent compte de l\u2019augmentation du co\u00fbt de la vie ce qui fixera la barre pour les autres employeurs du pays. Ce faisant, il aidera la population \u00e0 &nbsp;se remettre de la pand\u00e9mie.<\/p>\n\n\n\n<p>Les d\u00e9tails concernant les ajustements au march\u00e9, les allocations et les grilles restructur\u00e9es propres \u00e0 chaque groupe ne font pas partie de cette revendication, puisqu\u2019ils seront pr\u00e9sent\u00e9s s\u00e9par\u00e9ment aux autres tables de n\u00e9gociation.<\/p>\n\n\n\n<h3>L\u2019employeur refuse d\u2019aborder la question du t\u00e9l\u00e9travail<\/h3>\n\n\n\n<p>Le Conseil du Tr\u00e9sor a rejet\u00e9 la revendication du syndicat visant \u00e0 inclure des dispositions sur le t\u00e9l\u00e9travail dans les conventions collectives. Selon l\u2019employeur, cela ne serait pas n\u00e9cessaire et un libell\u00e9 sur le droit \u00e0 la d\u00e9connexion serait redondant.<\/p>\n\n\n\n<p>Les membres ont pourtant \u00e9t\u00e9 clairs&nbsp;: la conciliation travail-vie personnelle et la possibilit\u00e9 de travail \u00e0 distance sont au c\u0153ur de leurs priorit\u00e9s. Ils devraient avoir leur mot \u00e0 dire sur leur horaire et leur lieu de travail, et le meilleur moyen d\u2019y parvenir, c\u2019est de pr\u00e9voir des dispositions \u00e0 cet effet dans les conventions collectives. C\u2019est pourquoi le syndicat ne cessera de presser le Conseil du Tr\u00e9sor jusqu\u2019\u00e0 ce qu\u2019il accepte nos demandes.<\/p>\n\n\n\n<h3>Nouvelles revendications concernant la prime de bilinguisme, la formation sur la pr\u00e9vention de l\u2019oppression et le cong\u00e9 parental<\/h3>\n\n\n\n<p>L\u2019AFPC a propos\u00e9 de nouvelles dispositions \u00e0 ajouter aux articles \u00c9limination de la discrimination et Harc\u00e8lement sexuel afin d\u2019assurer le traitement \u00e9quitable des plaintes. On propose notamment d\u2019\u00e9largir la port\u00e9e de la d\u00e9finition du harc\u00e8lement afin que les membres soient mieux prot\u00e9g\u00e9s. On r\u00e9clame \u00e9galement une formation obligatoire pour tous les membres du personnel sur la pr\u00e9vention contre l\u2019oppression et la discrimination, le harc\u00e8lement, le harc\u00e8lement sexuel et la violence dans le lieu de travail.<\/p>\n\n\n\n<p>Les nouvelles dispositions concernant la formation obligeront l\u2019employeur \u00e0 reconna\u00eetre la place du bilinguisme dans la fonction publique et \u00e0 en faire la promotion, tandis que le nouveau libell\u00e9 sur la prime de bilinguisme a pour but d\u2019augmenter le montant actuel pr\u00e9vu dans la Directive sur la prime au bilinguisme du Conseil national mixte, qui est le m\u00eame depuis des d\u00e9cennies.<\/p>\n\n\n\n<p>L\u2019AFPC propose \u00e9galement d\u2019augmenter le suppl\u00e9ment accord\u00e9 aux membres en cong\u00e9 de maternit\u00e9 ou parental non pay\u00e9, afin de permettre aux familles monoparentales ou \u00e0 faible revenu de faire meilleur usage des prestations parentales prolong\u00e9es.<\/p>\n\n\n\n<h3>Prochaines s\u00e9ances e n\u00e9gociation<\/h3>\n\n\n\n<p>Les pourparlers reprendront les&nbsp;14 et 15&nbsp;d\u00e9cembre&nbsp;prochains.<\/p>\n\n\n\n<p>La n\u00e9gociation des enjeux communs vise les membres des unit\u00e9s de n\u00e9gociations suivantes&nbsp;:&nbsp;<a href=\"http:\/\/syndicatafpc.ca\/groupe-pa?_ga=2.113836545.724436896.1637331182-1766204533.1637331182\" target=\"_blank\" rel=\"noreferrer noopener\">Services des programmes et de l\u2019administration (PA)<\/a>,&nbsp;<a href=\"http:\/\/syndicatafpc.ca\/groupe-tc?_ga=2.113836545.724436896.1637331182-1766204533.1637331182\" target=\"_blank\" rel=\"noreferrer noopener\">Services techniques (TC)<\/a>,&nbsp;<a href=\"http:\/\/syndicatafpc.ca\/groupe-sv?_ga=2.40937636.724436896.1637331182-1766204533.1637331182\" target=\"_blank\" rel=\"noreferrer noopener\">Services de l\u2019exploitation (SV)<\/a>&nbsp;et&nbsp;<a href=\"http:\/\/syndicatafpc.ca\/groupe-eb-0?_ga=2.40937636.724436896.1637331182-1766204533.1637331182\" target=\"_blank\" rel=\"noreferrer noopener\">Enseignement et biblioth\u00e9conomie (EB)<\/a>.<\/p>\n\n\n\n<p>Source : <a href=\"http:\/\/syndicatafpc.ca\/negociation-enjeux-communs-il-faut-indexer?_ga=2.242257154.1887284234.1637585319-816252136.1628617825\">http:\/\/syndicatafpc.ca\/negociation-enjeux-communs-il-faut-indexer?_ga=2.242257154.1887284234.1637585319-816252136.1628617825<\/a><\/p>\n\n\n\n<p><\/p>\n","protected":false},"excerpt":{"rendered":"<p>19 novembre 2021 L\u2019AFPC a d\u00e9pos\u00e9 &nbsp;une revendication salariale pour plus de 110\u2009000&nbsp;fonctionnaires f\u00e9d\u00e9raux qui tient compte de la hausse spectaculaire des taux d\u2019inflation partout au pays. L\u2019\u00e9quipe de n\u00e9go des enjeux communs a revendiqu\u00e9 une augmentation salariale de 4,5&nbsp;% par ann\u00e9e sur trois ans, soit la dur\u00e9e de la convention collective, lors des pourparlers &hellip; <\/p>\n<p class=\"link-more\"><a href=\"https:\/\/www.unesen.ca\/press\/?p=9734&#038;lang=fr\" class=\"more-link\">>><span class=\"screen-reader-text\"> &#8220;N\u00e9gociation des enjeux communs : il faut indexer les salaires sur l\u2019inflation galopante&#8221;<\/span><\/a><\/p>\n","protected":false},"author":6,"featured_media":0,"comment_status":"closed","ping_status":"open","sticky":false,"template":"","format":"standard","meta":{"_links_to":"","_links_to_target":""},"categories":[],"tags":[],"_links":{"self":[{"href":"https:\/\/www.unesen.ca\/press\/index.php?rest_route=\/wp\/v2\/posts\/9734"}],"collection":[{"href":"https:\/\/www.unesen.ca\/press\/index.php?rest_route=\/wp\/v2\/posts"}],"about":[{"href":"https:\/\/www.unesen.ca\/press\/index.php?rest_route=\/wp\/v2\/types\/post"}],"author":[{"embeddable":true,"href":"https:\/\/www.unesen.ca\/press\/index.php?rest_route=\/wp\/v2\/users\/6"}],"replies":[{"embeddable":true,"href":"https:\/\/www.unesen.ca\/press\/index.php?rest_route=%2Fwp%2Fv2%2Fcomments&post=9734"}],"version-history":[{"count":3,"href":"https:\/\/www.unesen.ca\/press\/index.php?rest_route=\/wp\/v2\/posts\/9734\/revisions"}],"predecessor-version":[{"id":9739,"href":"https:\/\/www.unesen.ca\/press\/index.php?rest_route=\/wp\/v2\/posts\/9734\/revisions\/9739"}],"wp:attachment":[{"href":"https:\/\/www.unesen.ca\/press\/index.php?rest_route=%2Fwp%2Fv2%2Fmedia&parent=9734"}],"wp:term":[{"taxonomy":"category","embeddable":true,"href":"https:\/\/www.unesen.ca\/press\/index.php?rest_route=%2Fwp%2Fv2%2Fcategories&post=9734"},{"taxonomy":"post_tag","embeddable":true,"href":"https:\/\/www.unesen.ca\/press\/index.php?rest_route=%2Fwp%2Fv2%2Ftags&post=9734"}],"curies":[{"name":"wp","href":"https:\/\/api.w.org\/{rel}","templated":true}]}}