{"id":9724,"date":"2021-11-17T08:26:42","date_gmt":"2021-11-17T13:26:42","guid":{"rendered":"http:\/\/fr.une-sen.org\/press\/?p=9724"},"modified":"2021-11-17T08:26:44","modified_gmt":"2021-11-17T13:26:44","slug":"phenix-les-membres-de-lafpc-durement-eprouves-seront-enfin-indemnises","status":"publish","type":"post","link":"https:\/\/www.unesen.ca\/press\/?p=9724&amp;lang=fr","title":{"rendered":"Ph\u00e9nix : les membres de l\u2019AFPC durement \u00e9prouv\u00e9s seront enfin indemnis\u00e9s"},"content":{"rendered":"\n<figure class=\"wp-block-image size-large\"><img loading=\"lazy\" width=\"960\" height=\"400\" src=\"http:\/\/www.une-sen.org\/press\/wp-content\/uploads\/2021\/11\/bargain-pattern-grey_3_0_6-1.png\" alt=\"\" class=\"wp-image-9725\" srcset=\"https:\/\/www.unesen.ca\/press\/wp-content\/uploads\/2021\/11\/bargain-pattern-grey_3_0_6-1.png 960w, https:\/\/www.unesen.ca\/press\/wp-content\/uploads\/2021\/11\/bargain-pattern-grey_3_0_6-1-300x125.png 300w, https:\/\/www.unesen.ca\/press\/wp-content\/uploads\/2021\/11\/bargain-pattern-grey_3_0_6-1-768x320.png 768w\" sizes=\"(max-width: 767px) 89vw, (max-width: 1000px) 54vw, (max-width: 1071px) 543px, 580px\" \/><\/figure>\n\n\n\n<p>16 novembre 2021<\/p>\n\n\n\n<p>Le Secr\u00e9tariat du Conseil du Tr\u00e9sor a annonc\u00e9 que les membres de l\u2019AFPC peuvent maintenant&nbsp;<a href=\"https:\/\/www.canada.ca\/fr\/secretariat-conseil-tresor\/services\/remuneration\/indemnisation-repercussions-graves.html\" target=\"_blank\" rel=\"noreferrer noopener\">demander une indemnisation pour les r\u00e9percussions graves<\/a>&nbsp;des rat\u00e9s du syst\u00e8me de paye Ph\u00e9nix, gr\u00e2ce au tout nouveau processus de r\u00e9clamation en ligne. Ce d\u00e9dommagement avait \u00e9t\u00e9 n\u00e9goci\u00e9 en octobre 2020 par l\u2019AFPC dans le cadre de l\u2019<a href=\"http:\/\/syndicatafpc.ca\/dommages-causes-phenix-lafpc-obtient-meilleure?_ga=2.265994311.91254520.1625496805-944700863.1615900723\" target=\"_blank\" rel=\"noreferrer noopener\">entente sur les dommages caus\u00e9s par Ph\u00e9nix<\/a>.<\/p>\n\n\n\n<p>Les fonctionnaires ayant subi de graves r\u00e9percussions personnelles ou financi\u00e8res peuvent pr\u00e9senter une ou plusieurs demandes d\u2019indemnisation.&nbsp;<strong>La r\u00e8gle s\u2019applique aux employ\u00e9s actuels, \u00e0 ceux et celles qui ont quitt\u00e9 la fonction publique et aux personnes qui repr\u00e9sentent la succession d\u2019un membre d\u00e9c\u00e9d\u00e9.<\/strong><\/p>\n\n\n\n<h3><a href=\"https:\/\/www.canada.ca\/fr\/secretariat-conseil-tresor\/services\/remuneration\/indemnisation-repercussions-graves.html\" target=\"_blank\" rel=\"noreferrer noopener\">Commencez votre demande d&#8217;indemnisation pour les r\u00e9percussions graves de Ph\u00e9nix<\/a><a href=\"https:\/\/www.canada.ca\/en\/treasury-board-secretariat\/services\/pay\/compensation-severe-impacts.html\"><\/a><\/h3>\n\n\n\n<p>Pour \u00eatre admissible, vous devez avoir \u00e9t\u00e9 membre de l\u2019AFPC et avoir subi de graves dommages en raison des rat\u00e9s de Ph\u00e9nix entre le 1<sup>er<\/sup>&nbsp;avril 2016 et le 31 mars 2020.<\/p>\n\n\n\n<p>D\u00e9pendamment du type de demande, un seuil minimum de 1&nbsp;500&nbsp;$ pourrait s\u2019appliquer. Si le total de votre r\u00e9clamation est sup\u00e9rieur \u00e0 1&nbsp;500&nbsp;$, vous aurez donc droit \u00e0 une indemnisation. Le seuil minimum ne s\u2019appliquera qu\u2019une seule fois pour toutes les demandes soumises dans le cadre du processus.<\/p>\n\n\n\n<p>Les r\u00e9clamations peuvent inclure :<\/p>\n\n\n\n<ul><li>les co\u00fbts financiers ou la perte de revenus d\u2019investissement dus \u00e0 des retards de paiement;<\/li><li>les cong\u00e9s pris en raison de probl\u00e8mes de sant\u00e9;<\/li><li>les dommages importants et les difficult\u00e9s personnelles, y compris l\u2019angoisse.<\/li><\/ul>\n\n\n\n<p>Pour d\u2019autres exemples de r\u00e9clamations pour r\u00e9percussions graves, <a href=\"http:\/\/syndicatafpc.ca\/phenix-les-membres-afpc-durement-epouves-enfin-indemnises\" data-type=\"URL\" data-id=\"http:\/\/syndicatafpc.ca\/phenix-les-membres-afpc-durement-epouves-enfin-indemnises\" target=\"_blank\" rel=\"noreferrer noopener\">cliquez sur la section&nbsp;\u00ab&nbsp;Plus de renseignements sur les r\u00e9percussions personnelles et financi\u00e8res graves li\u00e9es \u00e0 Ph\u00e9nix&nbsp;\u00bb<\/a> au bas de la page.<\/p>\n\n\n\n<p><strong>Dommages g\u00e9n\u00e9raux \u2013 retrait\u00e9s et anciens membres de l\u2019AFPC<\/strong><\/p>\n\n\n\n<p>Nous poursuivons le travail afin que les retrait\u00e9s et anciens membres de l\u2019AFPC re\u00e7oivent le plus rapidement possible le d\u00e9dommagement g\u00e9n\u00e9ral auquel ils ont droit. Le Conseil du Tr\u00e9sor a d\u00e9clar\u00e9 que le processus de r\u00e9clamation pour les retrait\u00e9s et anciens membres de l\u2019AFPC sera lanc\u00e9 en&nbsp;<strong>d\u00e9cembre&nbsp;2021<\/strong>. Nous continuons \u00e0 mettre de la pression afin d\u2019obtenir des dates pr\u00e9cises et un r\u00e8glement rapide.<\/p>\n\n\n\n<p>Pour ne rien manquer, assurez-vous que vos coordonn\u00e9es sont \u00e0 jour dans&nbsp;<a href=\"http:\/\/syndicatafpc.ca\/user?_ga=2.101564745.91254520.1625496805-944700863.1615900723\" target=\"_blank\" rel=\"noreferrer noopener\">le portail des membres<\/a>. Pour en savoir plus sur le d\u00e9dommagement Ph\u00e9nix,&nbsp;<a href=\"http:\/\/syndicatafpc.ca\/foire-questions-dedommagement-phenix\" target=\"_blank\" rel=\"noreferrer noopener\">consultez notre FAQ<\/a>.<\/p>\n\n\n\n<p>Source : <a href=\"http:\/\/syndicatafpc.ca\/phenix-les-membres-afpc-durement-epouves-enfin-indemnises\">Ph\u00e9nix : les membres de l\u2019AFPC durement \u00e9prouv\u00e9s seront enfin indemnis\u00e9s | Alliance de la Fonction publique du Canada (syndicatafpc.ca)<\/a><\/p>\n","protected":false},"excerpt":{"rendered":"<p>16 novembre 2021 Le Secr\u00e9tariat du Conseil du Tr\u00e9sor a annonc\u00e9 que les membres de l\u2019AFPC peuvent maintenant&nbsp;demander une indemnisation pour les r\u00e9percussions graves&nbsp;des rat\u00e9s du syst\u00e8me de paye Ph\u00e9nix, gr\u00e2ce au tout nouveau processus de r\u00e9clamation en ligne. Ce d\u00e9dommagement avait \u00e9t\u00e9 n\u00e9goci\u00e9 en octobre 2020 par l\u2019AFPC dans le cadre de l\u2019entente sur &hellip; <\/p>\n<p class=\"link-more\"><a href=\"https:\/\/www.unesen.ca\/press\/?p=9724&#038;lang=fr\" class=\"more-link\">>><span class=\"screen-reader-text\"> &#8220;Ph\u00e9nix : les membres de l\u2019AFPC durement \u00e9prouv\u00e9s seront enfin indemnis\u00e9s&#8221;<\/span><\/a><\/p>\n","protected":false},"author":6,"featured_media":0,"comment_status":"closed","ping_status":"open","sticky":false,"template":"","format":"standard","meta":{"_links_to":"","_links_to_target":""},"categories":[],"tags":[],"_links":{"self":[{"href":"https:\/\/www.unesen.ca\/press\/index.php?rest_route=\/wp\/v2\/posts\/9724"}],"collection":[{"href":"https:\/\/www.unesen.ca\/press\/index.php?rest_route=\/wp\/v2\/posts"}],"about":[{"href":"https:\/\/www.unesen.ca\/press\/index.php?rest_route=\/wp\/v2\/types\/post"}],"author":[{"embeddable":true,"href":"https:\/\/www.unesen.ca\/press\/index.php?rest_route=\/wp\/v2\/users\/6"}],"replies":[{"embeddable":true,"href":"https:\/\/www.unesen.ca\/press\/index.php?rest_route=%2Fwp%2Fv2%2Fcomments&post=9724"}],"version-history":[{"count":2,"href":"https:\/\/www.unesen.ca\/press\/index.php?rest_route=\/wp\/v2\/posts\/9724\/revisions"}],"predecessor-version":[{"id":9728,"href":"https:\/\/www.unesen.ca\/press\/index.php?rest_route=\/wp\/v2\/posts\/9724\/revisions\/9728"}],"wp:attachment":[{"href":"https:\/\/www.unesen.ca\/press\/index.php?rest_route=%2Fwp%2Fv2%2Fmedia&parent=9724"}],"wp:term":[{"taxonomy":"category","embeddable":true,"href":"https:\/\/www.unesen.ca\/press\/index.php?rest_route=%2Fwp%2Fv2%2Fcategories&post=9724"},{"taxonomy":"post_tag","embeddable":true,"href":"https:\/\/www.unesen.ca\/press\/index.php?rest_route=%2Fwp%2Fv2%2Ftags&post=9724"}],"curies":[{"name":"wp","href":"https:\/\/api.w.org\/{rel}","templated":true}]}}