{"id":9707,"date":"2021-11-03T08:09:50","date_gmt":"2021-11-03T13:09:50","guid":{"rendered":"http:\/\/fr.une-sen.org\/press\/?p=9707"},"modified":"2021-11-03T08:09:52","modified_gmt":"2021-11-03T13:09:52","slug":"negociations-des-oes-statistique-canada-continue-a-procrastiner","status":"publish","type":"post","link":"https:\/\/www.unesen.ca\/press\/?p=9707&amp;lang=fr","title":{"rendered":"N\u00e9gociations des OES : Statistique Canada continue \u00e0 procrastiner"},"content":{"rendered":"\n<figure class=\"wp-block-image size-large\"><img loading=\"lazy\" width=\"960\" height=\"400\" src=\"http:\/\/www.une-sen.org\/press\/wp-content\/uploads\/2021\/11\/2021-bargaining-scrape-960x488_sso-oes_0-1.png\" alt=\"\" class=\"wp-image-9708\" srcset=\"https:\/\/www.unesen.ca\/press\/wp-content\/uploads\/2021\/11\/2021-bargaining-scrape-960x488_sso-oes_0-1.png 960w, https:\/\/www.unesen.ca\/press\/wp-content\/uploads\/2021\/11\/2021-bargaining-scrape-960x488_sso-oes_0-1-300x125.png 300w, https:\/\/www.unesen.ca\/press\/wp-content\/uploads\/2021\/11\/2021-bargaining-scrape-960x488_sso-oes_0-1-768x320.png 768w\" sizes=\"(max-width: 767px) 89vw, (max-width: 1000px) 54vw, (max-width: 1071px) 543px, 580px\" \/><\/figure>\n\n\n\n<p>2 novembre 2021<\/p>\n\n\n\n<p>Lors de la s\u00e9ance des 26 et 27 octobre, l\u2019\u00e9quipe de n\u00e9gociation des Op\u00e9rations des enqu\u00eates statistiques (OES) a fait des gains au chapitre des heures de travail malgr\u00e9 les tactiques dilatoires de l\u2019employeur.<\/p>\n\n\n\n<p>En effet, Statistique Canada n\u2019a rien propos\u00e9 de nouveau, m\u00eame si nos membres sont sans contrat de travail depuis 2018. L\u2019AFPC a pr\u00e9sent\u00e9 deux s\u00e9ries compl\u00e8tes de revendications en&nbsp;<a href=\"https:\/\/syndicatafpc.ca\/sites\/psac\/files\/sso_-_union_proposals_1_2021-05-12_fr.pdf\" target=\"_blank\" rel=\"noreferrer noopener\">mai<\/a>&nbsp;et&nbsp;<a href=\"https:\/\/syndicatafpc.ca\/sites\/psac\/files\/sso_-_union_proposals_2_2021-07-07_fr.pdf\" target=\"_blank\" rel=\"noreferrer noopener\">juillet<\/a>, mais l\u2019\u00e9quipe n\u2019a pas encore re\u00e7u de r\u00e9ponse ad\u00e9quate de l\u2019employeur.<\/p>\n\n\n\n<p>Malgr\u00e9 l\u2019immobilisme de l\u2019employeur, les repr\u00e9sentants des deux parties ont eu une longue discussion sur les heures de travail. Notre \u00e9quipe revendique des dispositions garantissant un travail normal \u00e0 temps plein pour les membres des OES.<\/p>\n\n\n\n<p>L\u2019AFPC pr\u00e9voit revenir \u00e0 la table une autre fois d\u2019ici la fin de l\u2019ann\u00e9e et s\u2019attend de l\u2019employeur qu\u2019il r\u00e9agisse \u00e0 nos revendications pour une am\u00e9lioration notable des conditions et des heures de travail, notamment&nbsp;:<\/p>\n\n\n\n<ul><li>la parit\u00e9 salariale avec l\u2019administration publique centrale;<\/li><li>une indemnit\u00e9 qui englobe toutes les d\u00e9penses personnelles li\u00e9es au travail \u00e0 distance;<\/li><li>plus de s\u00e9curit\u00e9 d\u2019emploi et un m\u00e9canisme juste et transparent pour l\u2019\u00e9tablissement des horaires;<\/li><li>la bonification des prestations de cong\u00e9 parental et de maternit\u00e9;<\/li><li>de meilleures primes pour le travail en soir\u00e9e et les fins de semaine;<\/li><li>l\u2019am\u00e9lioration des cong\u00e9s de maladie, du cong\u00e9 pour obligations familiales, des cong\u00e9s annuels et du cong\u00e9 de compassion.<\/li><\/ul>\n\n\n\n<p>Pour ne rien manquer, inscrivez-vous \u00e0 notre&nbsp;<a href=\"https:\/\/syndicatafpc.ca\/inscrivez-vous-liste-diffusion-lafpc-0\" target=\"_blank\" rel=\"noreferrer noopener\">liste de diffusion<\/a>&nbsp;ou consultez&nbsp;<a href=\"https:\/\/syndicatafpc.ca\/operations-enquetes-statistiques-1\" target=\"_blank\" rel=\"noreferrer noopener\">la page Web des OES<\/a>.<\/p>\n\n\n\n<p>Source : <a href=\"https:\/\/syndicatafpc.ca\/negociations-oes-statistique-canada-continue?_ga=2.129032207.200361151.1635798268-1121130890.1580157739\">N\u00e9gociations des OES : Statistique Canada continue \u00e0 procrastiner | Alliance de la Fonction publique du Canada (syndicatafpc.ca)<\/a><\/p>\n","protected":false},"excerpt":{"rendered":"<p>2 novembre 2021 Lors de la s\u00e9ance des 26 et 27 octobre, l\u2019\u00e9quipe de n\u00e9gociation des Op\u00e9rations des enqu\u00eates statistiques (OES) a fait des gains au chapitre des heures de travail malgr\u00e9 les tactiques dilatoires de l\u2019employeur. En effet, Statistique Canada n\u2019a rien propos\u00e9 de nouveau, m\u00eame si nos membres sont sans contrat de travail &hellip; <\/p>\n<p class=\"link-more\"><a href=\"https:\/\/www.unesen.ca\/press\/?p=9707&#038;lang=fr\" class=\"more-link\">>><span class=\"screen-reader-text\"> &#8220;N\u00e9gociations des OES : Statistique Canada continue \u00e0 procrastiner&#8221;<\/span><\/a><\/p>\n","protected":false},"author":6,"featured_media":0,"comment_status":"closed","ping_status":"open","sticky":false,"template":"","format":"standard","meta":{"_links_to":"","_links_to_target":""},"categories":[],"tags":[],"_links":{"self":[{"href":"https:\/\/www.unesen.ca\/press\/index.php?rest_route=\/wp\/v2\/posts\/9707"}],"collection":[{"href":"https:\/\/www.unesen.ca\/press\/index.php?rest_route=\/wp\/v2\/posts"}],"about":[{"href":"https:\/\/www.unesen.ca\/press\/index.php?rest_route=\/wp\/v2\/types\/post"}],"author":[{"embeddable":true,"href":"https:\/\/www.unesen.ca\/press\/index.php?rest_route=\/wp\/v2\/users\/6"}],"replies":[{"embeddable":true,"href":"https:\/\/www.unesen.ca\/press\/index.php?rest_route=%2Fwp%2Fv2%2Fcomments&post=9707"}],"version-history":[{"count":3,"href":"https:\/\/www.unesen.ca\/press\/index.php?rest_route=\/wp\/v2\/posts\/9707\/revisions"}],"predecessor-version":[{"id":9712,"href":"https:\/\/www.unesen.ca\/press\/index.php?rest_route=\/wp\/v2\/posts\/9707\/revisions\/9712"}],"wp:attachment":[{"href":"https:\/\/www.unesen.ca\/press\/index.php?rest_route=%2Fwp%2Fv2%2Fmedia&parent=9707"}],"wp:term":[{"taxonomy":"category","embeddable":true,"href":"https:\/\/www.unesen.ca\/press\/index.php?rest_route=%2Fwp%2Fv2%2Fcategories&post=9707"},{"taxonomy":"post_tag","embeddable":true,"href":"https:\/\/www.unesen.ca\/press\/index.php?rest_route=%2Fwp%2Fv2%2Ftags&post=9707"}],"curies":[{"name":"wp","href":"https:\/\/api.w.org\/{rel}","templated":true}]}}