{"id":961,"date":"2012-05-18T11:15:54","date_gmt":"2012-05-18T15:15:54","guid":{"rendered":"http:\/\/www.une-sen.org\/press\/?p=961"},"modified":"2014-02-25T17:26:50","modified_gmt":"2014-02-25T17:26:50","slug":"le-mois-de-mai-cest-le-mois-du-patrimoine-asiatique","status":"publish","type":"post","link":"https:\/\/www.unesen.ca\/press\/?p=961&amp;lang=fr","title":{"rendered":"Le mois de mai, c&#8217;est le Mois du patrimoine asiatique"},"content":{"rendered":"<p><img loading=\"lazy\" class=\"alignnone size-full wp-image-986\" title=\"AHM_f\" alt=\"\" src=\"http:\/\/www.une-sen.org\/press\/wp-content\/uploads\/2012\/05\/AHM_f.jpg\" width=\"600\" height=\"400\" srcset=\"https:\/\/www.unesen.ca\/press\/wp-content\/uploads\/2012\/05\/AHM_f.jpg 600w, https:\/\/www.unesen.ca\/press\/wp-content\/uploads\/2012\/05\/AHM_f-300x200.jpg 300w\" sizes=\"(max-width: 600px) 100vw, 600px\" \/><\/p>\n<p>Le mois de mai, c\u2019est le Mois du patrimoine asiatique. Ainsi, je me joins \u00e0 plusieurs autres, et surtout \u00e0 nos compatriotes d\u2019ascendance asiatique, pour vous encourager \u00e0 vous informer sur ce mois et \u00e0 c\u00e9l\u00e9brer les contributions des Canadiens d\u2019origine asiatique \u00e0 la soci\u00e9t\u00e9 canadienne!<\/p>\n<p>Comme M. John Yap, Ministre d\u2019\u00c9tat charg\u00e9 du Multiculturalisme en C.-B., <a href=\"http:\/\/www.newsroom.gov.bc.ca\/2012\/05\/british-columbia-celebrates-asian-heritage-month.html\">l\u2019a mentionn\u00e9 r\u00e9cemment<\/a>, la d\u00e9finition du mot \u00ab asiatique \u00bb est tr\u00e8s large et inclusive. \u00ab\u00a0Le Mois du patrimoine asiatique c\u00e9l\u00e8bre les personnes qui viennent, ou dont les anc\u00eatres viennent, de l\u2019Asie orientale (la Chine, Hong Kong, le Japon, la Mongolie, la Cor\u00e9e du Nord, la Cor\u00e9e du Sud et Ta\u00efwan), de l\u2019Asie du Sud (le Bangladesh, le Bhoutan, l\u2019Inde, les \u00celes Maldives, le N\u00e9pal, le Pakistan et le Sri Lanka), de l\u2019Asie Centrale (l\u2019Afghanistan, le Kazakhstan, le Kirghizistan, le Tadjikistan, le Turkm\u00e9nistan et l\u2019Ouzb\u00e9kistan) et de l\u2019Asie du Sud-Est (le Brunei Darussalam, le Cambodge, l\u2019Indon\u00e9sie, le Laos, la Malaisie, le Myanmar, les Philippines, Singapour, la Tha\u00eflande et le Vietnam)\u00a0\u00bb, a t-il \u00e9crit.<\/p>\n<p>Ce mois me tient beaucoup \u00e0 c\u0153ur puisque mes origines ont un double lien avec l\u2019Asie : je viens de l\u2019Asie du Sud-Est (Brunei Darussalam) et je suis d\u2019ascendance chinoise. \u00c0 mon arriv\u00e9e au Canada, j\u2019avais beaucoup \u00e0 apprendre au sujet du pays (les provinces et territoires, par exemple), du peuple et du gouvernement ainsi que des lois, du syst\u00e8me d\u2019\u00e9ducation et des droits de la personne.<\/p>\n<p>En revanche, mon immigration au Canada a offert aux autres la possibilit\u00e9 de s\u2019informer sur les aspects uniques de la culture chinoise et de celle de l\u2019Asie du Sud-Est en g\u00e9n\u00e9ral. Aujourd\u2019hui, en tant que Canadiens, nous sommes reconnaissants de la riche diversit\u00e9 asiatique de notre pays ainsi que ses plusieurs ethnies, langues et traditions diverses.<\/p>\n<p>Enfin, en tant que Britanno-Colombienne d\u2019origine asiatique, je suis heureuse de pouvoir vous dire qu\u2019aujourd\u2019hui, le lundi 7 mai, soit 70 ans apr\u00e8s le fait, la Province de la Colombie-Britannique a pr\u00e9sent\u00e9 des excuses officielles \u00e0 la communaut\u00e9 japonaise du Canada pour l\u2019internement de milliers de Canadiens d\u2019origine japonaise durant la Seconde Guerre mondiale. Pour plus de renseignements \u00e0 ce sujet, veuillez consulter <a href=\"http:\/\/www.radio-canada.ca\/regions\/colombie-britannique\/2012\/05\/07\/006-excuses-camps-japon.shtml\">cet article de Radio Canada<\/a>.<\/p>\n<p>Je vous souhaite une bonne lecture et une bonne semaine.<\/p>\n","protected":false},"excerpt":{"rendered":"<p>Le mois de mai, c\u2019est le Mois du patrimoine asiatique. Ainsi, je me joins \u00e0 plusieurs autres, et surtout \u00e0 nos compatriotes d\u2019ascendance asiatique, pour vous encourager \u00e0 vous informer sur ce mois et \u00e0 c\u00e9l\u00e9brer les contributions des Canadiens d\u2019origine asiatique \u00e0 la soci\u00e9t\u00e9 canadienne! Comme M. John Yap, Ministre d\u2019\u00c9tat charg\u00e9 du Multiculturalisme &hellip; <\/p>\n<p class=\"link-more\"><a href=\"https:\/\/www.unesen.ca\/press\/?p=961&#038;lang=fr\" class=\"more-link\">>><span class=\"screen-reader-text\"> &#8220;Le mois de mai, c&#8217;est le Mois du patrimoine asiatique&#8221;<\/span><\/a><\/p>\n","protected":false},"author":2,"featured_media":0,"comment_status":"open","ping_status":"open","sticky":false,"template":"","format":"standard","meta":{"_links_to":"","_links_to_target":""},"categories":[],"tags":[],"_links":{"self":[{"href":"https:\/\/www.unesen.ca\/press\/index.php?rest_route=\/wp\/v2\/posts\/961"}],"collection":[{"href":"https:\/\/www.unesen.ca\/press\/index.php?rest_route=\/wp\/v2\/posts"}],"about":[{"href":"https:\/\/www.unesen.ca\/press\/index.php?rest_route=\/wp\/v2\/types\/post"}],"author":[{"embeddable":true,"href":"https:\/\/www.unesen.ca\/press\/index.php?rest_route=\/wp\/v2\/users\/2"}],"replies":[{"embeddable":true,"href":"https:\/\/www.unesen.ca\/press\/index.php?rest_route=%2Fwp%2Fv2%2Fcomments&post=961"}],"version-history":[{"count":1,"href":"https:\/\/www.unesen.ca\/press\/index.php?rest_route=\/wp\/v2\/posts\/961\/revisions"}],"predecessor-version":[{"id":3491,"href":"https:\/\/www.unesen.ca\/press\/index.php?rest_route=\/wp\/v2\/posts\/961\/revisions\/3491"}],"wp:attachment":[{"href":"https:\/\/www.unesen.ca\/press\/index.php?rest_route=%2Fwp%2Fv2%2Fmedia&parent=961"}],"wp:term":[{"taxonomy":"category","embeddable":true,"href":"https:\/\/www.unesen.ca\/press\/index.php?rest_route=%2Fwp%2Fv2%2Fcategories&post=961"},{"taxonomy":"post_tag","embeddable":true,"href":"https:\/\/www.unesen.ca\/press\/index.php?rest_route=%2Fwp%2Fv2%2Ftags&post=961"}],"curies":[{"name":"wp","href":"https:\/\/api.w.org\/{rel}","templated":true}]}}