{"id":9527,"date":"2021-09-16T11:12:38","date_gmt":"2021-09-16T16:12:38","guid":{"rendered":"http:\/\/fr.une-sen.org\/press\/?p=9527"},"modified":"2021-09-17T15:31:01","modified_gmt":"2021-09-17T20:31:01","slug":"resultats-des-elections-du-congres-2021","status":"publish","type":"post","link":"https:\/\/www.unesen.ca\/press\/?p=9527&amp;lang=fr","title":{"rendered":"R\u00e9sultats des \u00e9lections du congr\u00e8s 2021 #SEN2021"},"content":{"rendered":"\n<figure class=\"wp-block-image size-large\"><img loading=\"lazy\" width=\"1024\" height=\"538\" src=\"http:\/\/www.une-sen.org\/press\/wp-content\/uploads\/2021\/09\/ElectionResults_F-1024x538.png\" alt=\"\" class=\"wp-image-9528\" srcset=\"https:\/\/www.unesen.ca\/press\/wp-content\/uploads\/2021\/09\/ElectionResults_F-1024x538.png 1024w, https:\/\/www.unesen.ca\/press\/wp-content\/uploads\/2021\/09\/ElectionResults_F-300x158.png 300w, https:\/\/www.unesen.ca\/press\/wp-content\/uploads\/2021\/09\/ElectionResults_F-768x403.png 768w, https:\/\/www.unesen.ca\/press\/wp-content\/uploads\/2021\/09\/ElectionResults_F.png 1200w\" sizes=\"(max-width: 767px) 89vw, (max-width: 1000px) 54vw, (max-width: 1071px) 543px, 580px\" \/><\/figure>\n\n\n\n<p><strong>Les \u00e9lections ont lieu les  16 et 17  septembre 2021. <\/strong><\/p>\n\n\n\n<p><strong> <\/strong><\/p>\n\n\n\n<p><\/p>\n\n\n\n<div class=\"wp-block-file\"><a href=\"http:\/\/www.une-sen.org\/press\/wp-content\/uploads\/2021\/09\/Elections-RESULTS_F.pdf\"><strong>Voici les r\u00e9sultats de ces \u00e9lections<\/strong><\/a><a href=\"http:\/\/www.une-sen.org\/press\/wp-content\/uploads\/2021\/09\/Elections-RESULTS_F.pdf\" class=\"wp-block-file__button\" download>T\u00e9l\u00e9charger<\/a><\/div>\n","protected":false},"excerpt":{"rendered":"<p>Les \u00e9lections ont lieu les 16 et 17 septembre 2021.<\/p>\n","protected":false},"author":2,"featured_media":0,"comment_status":"closed","ping_status":"open","sticky":false,"template":"","format":"standard","meta":{"_links_to":"","_links_to_target":""},"categories":[],"tags":[],"_links":{"self":[{"href":"https:\/\/www.unesen.ca\/press\/index.php?rest_route=\/wp\/v2\/posts\/9527"}],"collection":[{"href":"https:\/\/www.unesen.ca\/press\/index.php?rest_route=\/wp\/v2\/posts"}],"about":[{"href":"https:\/\/www.unesen.ca\/press\/index.php?rest_route=\/wp\/v2\/types\/post"}],"author":[{"embeddable":true,"href":"https:\/\/www.unesen.ca\/press\/index.php?rest_route=\/wp\/v2\/users\/2"}],"replies":[{"embeddable":true,"href":"https:\/\/www.unesen.ca\/press\/index.php?rest_route=%2Fwp%2Fv2%2Fcomments&post=9527"}],"version-history":[{"count":5,"href":"https:\/\/www.unesen.ca\/press\/index.php?rest_route=\/wp\/v2\/posts\/9527\/revisions"}],"predecessor-version":[{"id":9551,"href":"https:\/\/www.unesen.ca\/press\/index.php?rest_route=\/wp\/v2\/posts\/9527\/revisions\/9551"}],"wp:attachment":[{"href":"https:\/\/www.unesen.ca\/press\/index.php?rest_route=%2Fwp%2Fv2%2Fmedia&parent=9527"}],"wp:term":[{"taxonomy":"category","embeddable":true,"href":"https:\/\/www.unesen.ca\/press\/index.php?rest_route=%2Fwp%2Fv2%2Fcategories&post=9527"},{"taxonomy":"post_tag","embeddable":true,"href":"https:\/\/www.unesen.ca\/press\/index.php?rest_route=%2Fwp%2Fv2%2Ftags&post=9527"}],"curies":[{"name":"wp","href":"https:\/\/api.w.org\/{rel}","templated":true}]}}