{"id":9517,"date":"2021-09-02T06:53:24","date_gmt":"2021-09-02T11:53:24","guid":{"rendered":"http:\/\/fr.une-sen.org\/press\/?p=9517"},"modified":"2021-09-02T06:53:25","modified_gmt":"2021-09-02T11:53:25","slug":"journee-nationale-de-la-verite-et-de-la-reconciliation-qui-a-droit-au-nouveau-conge-ferie","status":"publish","type":"post","link":"https:\/\/www.unesen.ca\/press\/?p=9517&amp;lang=fr","title":{"rendered":"Journ\u00e9e nationale de la v\u00e9rit\u00e9 et de la r\u00e9conciliation : qui a droit au nouveau cong\u00e9 f\u00e9ri\u00e9?"},"content":{"rendered":"\n<figure class=\"wp-block-image size-large\"><img loading=\"lazy\" width=\"960\" height=\"400\" src=\"http:\/\/www.une-sen.org\/press\/wp-content\/uploads\/2021\/09\/indigenousday-webbanner_1-1.png\" alt=\"\" class=\"wp-image-9518\" srcset=\"https:\/\/www.unesen.ca\/press\/wp-content\/uploads\/2021\/09\/indigenousday-webbanner_1-1.png 960w, https:\/\/www.unesen.ca\/press\/wp-content\/uploads\/2021\/09\/indigenousday-webbanner_1-1-300x125.png 300w, https:\/\/www.unesen.ca\/press\/wp-content\/uploads\/2021\/09\/indigenousday-webbanner_1-1-768x320.png 768w\" sizes=\"(max-width: 767px) 89vw, (max-width: 1000px) 54vw, (max-width: 1071px) 543px, 580px\" \/><\/figure>\n\n\n\n<p>31 ao\u00fbt 2021<\/p>\n\n\n\n<p>Le gouvernement f\u00e9d\u00e9ral a&nbsp;<a href=\"https:\/\/www.canada.ca\/fr\/secretariat-conseil-tresor\/services\/avis-information\/journee-nationale-verite-reconciliation.html\" target=\"_blank\" rel=\"noreferrer noopener\">adopt\u00e9 en juin une nouvelle loi<\/a>&nbsp;pour faire du 30&nbsp;septembre un jour f\u00e9ri\u00e9 national afin de comm\u00e9morer la Journ\u00e9e nationale de la v\u00e9rit\u00e9 et de la r\u00e9conciliation.<\/p>\n\n\n\n<p>Cette d\u00e9cision fait suite \u00e0 l\u2019un des&nbsp;<a href=\"https:\/\/publications.gc.ca\/collections\/collection_2015\/trc\/IR4-8-2015-fra.pdf\" target=\"_blank\" rel=\"noreferrer noopener\">94&nbsp;appels \u00e0 l\u2019action<\/a>&nbsp;de la Commission de v\u00e9rit\u00e9 et r\u00e9conciliation et vise \u00e0 honorer les survivantes et survivants, leurs familles et leurs communaut\u00e9s. C\u2019est un moyen de comm\u00e9morer tous les ans l\u2019histoire et les s\u00e9quelles des pensionnats, une \u00e9tape essentielle de la r\u00e9conciliation.<\/p>\n\n\n\n<p>Ce nouveau jour f\u00e9ri\u00e9 sera observ\u00e9 par les fonctionnaires f\u00e9d\u00e9raux et le personnel de toutes les entreprises sous r\u00e9glementation f\u00e9d\u00e9rale (fonction publique f\u00e9d\u00e9rale et employeurs r\u00e9gis par le&nbsp;<em>Code canadien du travail)<\/em>.<\/p>\n\n\n\n<p>Les conventions collectives de l\u2019AFPC n\u00e9goci\u00e9es avec le gouvernement f\u00e9d\u00e9ral pr\u00e9voient l\u2019ajout de tout jour f\u00e9ri\u00e9 proclam\u00e9 par une loi du Parlement. Les employ\u00e9s admissibles pourront ainsi observer cette journ\u00e9e importante et y participer. Ils n\u2019auront n\u2019ont pas besoin de demander cong\u00e9. Si le 30&nbsp;septembre tombe un samedi ou un dimanche non ouvrable, le jour f\u00e9ri\u00e9 sera trait\u00e9 comme tous les autres, c\u2019est-\u00e0-dire que le cong\u00e9 tombera le jour pr\u00e9c\u00e9dent ou le jour suivant.<\/p>\n\n\n\n<p>Malheureusement, ce nouveau cong\u00e9 ne s\u2019applique pas aux employeurs sous r\u00e9glementation provinciale, \u00e0 moins qu\u2019une administration provinciale n\u2019apporte des modifications semblables \u00e0 l\u00e9gislation sur les normes du travail.<\/p>\n\n\n\n<p>Source: http:\/\/syndicatafpc.ca\/journee-nationale-verite-reconciliation-qui-droit?_ga=2.138177462.76616527.1630583022-816252136.1628617825<\/p>\n\n\n\n<p><\/p>\n","protected":false},"excerpt":{"rendered":"<p>31 ao\u00fbt 2021 Le gouvernement f\u00e9d\u00e9ral a&nbsp;adopt\u00e9 en juin une nouvelle loi&nbsp;pour faire du 30&nbsp;septembre un jour f\u00e9ri\u00e9 national afin de comm\u00e9morer la Journ\u00e9e nationale de la v\u00e9rit\u00e9 et de la r\u00e9conciliation. Cette d\u00e9cision fait suite \u00e0 l\u2019un des&nbsp;94&nbsp;appels \u00e0 l\u2019action&nbsp;de la Commission de v\u00e9rit\u00e9 et r\u00e9conciliation et vise \u00e0 honorer les survivantes et survivants, &hellip; <\/p>\n<p class=\"link-more\"><a href=\"https:\/\/www.unesen.ca\/press\/?p=9517&#038;lang=fr\" class=\"more-link\">>><span class=\"screen-reader-text\"> &#8220;Journ\u00e9e nationale de la v\u00e9rit\u00e9 et de la r\u00e9conciliation : qui a droit au nouveau cong\u00e9 f\u00e9ri\u00e9?&#8221;<\/span><\/a><\/p>\n","protected":false},"author":6,"featured_media":0,"comment_status":"closed","ping_status":"open","sticky":false,"template":"","format":"standard","meta":{"_links_to":"","_links_to_target":""},"categories":[],"tags":[],"_links":{"self":[{"href":"https:\/\/www.unesen.ca\/press\/index.php?rest_route=\/wp\/v2\/posts\/9517"}],"collection":[{"href":"https:\/\/www.unesen.ca\/press\/index.php?rest_route=\/wp\/v2\/posts"}],"about":[{"href":"https:\/\/www.unesen.ca\/press\/index.php?rest_route=\/wp\/v2\/types\/post"}],"author":[{"embeddable":true,"href":"https:\/\/www.unesen.ca\/press\/index.php?rest_route=\/wp\/v2\/users\/6"}],"replies":[{"embeddable":true,"href":"https:\/\/www.unesen.ca\/press\/index.php?rest_route=%2Fwp%2Fv2%2Fcomments&post=9517"}],"version-history":[{"count":3,"href":"https:\/\/www.unesen.ca\/press\/index.php?rest_route=\/wp\/v2\/posts\/9517\/revisions"}],"predecessor-version":[{"id":9522,"href":"https:\/\/www.unesen.ca\/press\/index.php?rest_route=\/wp\/v2\/posts\/9517\/revisions\/9522"}],"wp:attachment":[{"href":"https:\/\/www.unesen.ca\/press\/index.php?rest_route=%2Fwp%2Fv2%2Fmedia&parent=9517"}],"wp:term":[{"taxonomy":"category","embeddable":true,"href":"https:\/\/www.unesen.ca\/press\/index.php?rest_route=%2Fwp%2Fv2%2Fcategories&post=9517"},{"taxonomy":"post_tag","embeddable":true,"href":"https:\/\/www.unesen.ca\/press\/index.php?rest_route=%2Fwp%2Fv2%2Ftags&post=9517"}],"curies":[{"name":"wp","href":"https:\/\/api.w.org\/{rel}","templated":true}]}}