{"id":9508,"date":"2021-08-24T12:40:01","date_gmt":"2021-08-24T17:40:01","guid":{"rendered":"http:\/\/fr.une-sen.org\/press\/?p=9508"},"modified":"2021-08-24T12:40:03","modified_gmt":"2021-08-24T17:40:03","slug":"vaccination-obligatoire-au-federal-pas-de-politique-avant-les-elections","status":"publish","type":"post","link":"https:\/\/www.unesen.ca\/press\/?p=9508&amp;lang=fr","title":{"rendered":"Vaccination obligatoire au f\u00e9d\u00e9ral : pas de politique avant les \u00e9lections"},"content":{"rendered":"\n<figure class=\"wp-block-image size-large\"><img loading=\"lazy\" width=\"960\" height=\"400\" src=\"http:\/\/www.une-sen.org\/press\/wp-content\/uploads\/2021\/08\/psac_screen_login-startup_03_3_0-3.png\" alt=\"\" class=\"wp-image-9509\" srcset=\"https:\/\/www.unesen.ca\/press\/wp-content\/uploads\/2021\/08\/psac_screen_login-startup_03_3_0-3.png 960w, https:\/\/www.unesen.ca\/press\/wp-content\/uploads\/2021\/08\/psac_screen_login-startup_03_3_0-3-300x125.png 300w, https:\/\/www.unesen.ca\/press\/wp-content\/uploads\/2021\/08\/psac_screen_login-startup_03_3_0-3-768x320.png 768w\" sizes=\"(max-width: 767px) 89vw, (max-width: 1000px) 54vw, (max-width: 1071px) 543px, 580px\" \/><\/figure>\n\n\n\n<p>24 ao\u00fbt 2021<\/p>\n\n\n\n<p>Au cours d\u2019une r\u00e9cente rencontre avec l\u2019AFPC et d\u2019autres agents n\u00e9gociateurs de la fonction publique f\u00e9d\u00e9rale, le Conseil du Tr\u00e9sor s\u2019est engag\u00e9 \u00e0 consulter r\u00e9guli\u00e8rement les syndicats par rapport au plan de vaccination.<\/p>\n\n\n\n<p>L\u2019employeur a aussi confirm\u00e9 qu\u2019il n\u2019y aurait pas de politique \u00e0 ce sujet avant les \u00e9lections f\u00e9d\u00e9rales.<\/p>\n\n\n\n<p>L\u2019AFPC continue&nbsp;d\u2019appuyer les mesures de vaccination&nbsp;des fonctionnaires f\u00e9d\u00e9raux pour mieux prot\u00e9ger ses membres et leurs communaut\u00e9s. Tout au long du processus de consultation, l\u2019AFPC s\u2019assurera \u00e9galement de prot\u00e9ger la vie priv\u00e9e et les droits de ses membres.<\/p>\n\n\n\n<p>Nous continuerons \u00e0 vous tenir au courant au fur et \u00e0 mesure que le gouvernement \u00e9labore son plan de vaccination.<\/p>\n\n\n\n<p>Source : <a href=\"http:\/\/syndicatafpc.ca\/vaccination-obligatoire-federal-pas-politique?_ga=2.3305459.216114175.1629822522-1121130890.1580157739\">Vaccination obligatoire au f\u00e9d\u00e9ral : pas de politique avant les \u00e9lections | Alliance de la Fonction publique du Canada (syndicatafpc.ca)<\/a><\/p>\n","protected":false},"excerpt":{"rendered":"<p>24 ao\u00fbt 2021 Au cours d\u2019une r\u00e9cente rencontre avec l\u2019AFPC et d\u2019autres agents n\u00e9gociateurs de la fonction publique f\u00e9d\u00e9rale, le Conseil du Tr\u00e9sor s\u2019est engag\u00e9 \u00e0 consulter r\u00e9guli\u00e8rement les syndicats par rapport au plan de vaccination. L\u2019employeur a aussi confirm\u00e9 qu\u2019il n\u2019y aurait pas de politique \u00e0 ce sujet avant les \u00e9lections f\u00e9d\u00e9rales. L\u2019AFPC continue&nbsp;d\u2019appuyer &hellip; <\/p>\n<p class=\"link-more\"><a href=\"https:\/\/www.unesen.ca\/press\/?p=9508&#038;lang=fr\" class=\"more-link\">>><span class=\"screen-reader-text\"> &#8220;Vaccination obligatoire au f\u00e9d\u00e9ral : pas de politique avant les \u00e9lections&#8221;<\/span><\/a><\/p>\n","protected":false},"author":6,"featured_media":0,"comment_status":"closed","ping_status":"open","sticky":false,"template":"","format":"standard","meta":{"_links_to":"","_links_to_target":""},"categories":[],"tags":[],"_links":{"self":[{"href":"https:\/\/www.unesen.ca\/press\/index.php?rest_route=\/wp\/v2\/posts\/9508"}],"collection":[{"href":"https:\/\/www.unesen.ca\/press\/index.php?rest_route=\/wp\/v2\/posts"}],"about":[{"href":"https:\/\/www.unesen.ca\/press\/index.php?rest_route=\/wp\/v2\/types\/post"}],"author":[{"embeddable":true,"href":"https:\/\/www.unesen.ca\/press\/index.php?rest_route=\/wp\/v2\/users\/6"}],"replies":[{"embeddable":true,"href":"https:\/\/www.unesen.ca\/press\/index.php?rest_route=%2Fwp%2Fv2%2Fcomments&post=9508"}],"version-history":[{"count":1,"href":"https:\/\/www.unesen.ca\/press\/index.php?rest_route=\/wp\/v2\/posts\/9508\/revisions"}],"predecessor-version":[{"id":9510,"href":"https:\/\/www.unesen.ca\/press\/index.php?rest_route=\/wp\/v2\/posts\/9508\/revisions\/9510"}],"wp:attachment":[{"href":"https:\/\/www.unesen.ca\/press\/index.php?rest_route=%2Fwp%2Fv2%2Fmedia&parent=9508"}],"wp:term":[{"taxonomy":"category","embeddable":true,"href":"https:\/\/www.unesen.ca\/press\/index.php?rest_route=%2Fwp%2Fv2%2Fcategories&post=9508"},{"taxonomy":"post_tag","embeddable":true,"href":"https:\/\/www.unesen.ca\/press\/index.php?rest_route=%2Fwp%2Fv2%2Ftags&post=9508"}],"curies":[{"name":"wp","href":"https:\/\/api.w.org\/{rel}","templated":true}]}}