{"id":9492,"date":"2021-08-17T16:08:13","date_gmt":"2021-08-17T21:08:13","guid":{"rendered":"http:\/\/fr.une-sen.org\/press\/?p=9492"},"modified":"2021-08-17T16:08:15","modified_gmt":"2021-08-17T21:08:15","slug":"non-aux-mesures-disciplinaires-liees-a-la-vaccination-obligatoire","status":"publish","type":"post","link":"https:\/\/www.unesen.ca\/press\/?p=9492&amp;lang=fr","title":{"rendered":"Non aux mesures disciplinaires li\u00e9es \u00e0 la vaccination obligatoire"},"content":{"rendered":"\n<figure class=\"wp-block-image size-large\"><img loading=\"lazy\" width=\"960\" height=\"400\" src=\"http:\/\/www.une-sen.org\/press\/wp-content\/uploads\/2021\/08\/psac_screen_login-startup_03_3_0-1.png\" alt=\"\" class=\"wp-image-9493\" srcset=\"https:\/\/www.unesen.ca\/press\/wp-content\/uploads\/2021\/08\/psac_screen_login-startup_03_3_0-1.png 960w, https:\/\/www.unesen.ca\/press\/wp-content\/uploads\/2021\/08\/psac_screen_login-startup_03_3_0-1-300x125.png 300w, https:\/\/www.unesen.ca\/press\/wp-content\/uploads\/2021\/08\/psac_screen_login-startup_03_3_0-1-768x320.png 768w\" sizes=\"(max-width: 767px) 89vw, (max-width: 1000px) 54vw, (max-width: 1071px) 543px, 580px\" \/><\/figure>\n\n\n\n<p>17 ao\u00fbt 2021<\/p>\n\n\n\n<p>Cette semaine, des chefs de partis politiques nationaux ont r\u00e9agi au plan de vaccination obligatoire du gouvernement. Et leurs d\u00e9clarations sont inqui\u00e9tantes, car ils ont \u00e9voqu\u00e9 la possibilit\u00e9 d\u2019imposer des sanctions aux fonctionnaires f\u00e9d\u00e9raux qui choisissent de ne pas se faire vacciner, y compris le licenciement.<\/p>\n\n\n\n<p>L\u2019AFPC appuie les mesures sur la vaccination obligatoire dans la fonction publique f\u00e9d\u00e9rale afin de mieux prot\u00e9ger nos membres et nos collectivit\u00e9s. Cependant, il est inacceptable de recourir \u00e0 des mesures disciplinaires et au licenciement pour les faire respecter.<\/p>\n\n\n\n<p>Nous avons discut\u00e9 avec le gouvernement f\u00e9d\u00e9ral de son plan sur la vaccination obligatoire, et lui avons communiqu\u00e9 clairement notre position&nbsp;: il faut pr\u00e9voir des mesures d\u2019adaptation pour les fonctionnaires qui ne peuvent pas se faire vacciner en raison d\u2019un motif m\u00e9dical valable ou de protections accord\u00e9es par les lois sur les droits de la personne.<\/p>\n\n\n\n<p>En outre, si certains employ\u00e9s ne peuvent pas, ou ne veulent pas, se faire vacciner, le gouvernement doit les r\u00e9affecter temporairement \u00e0 d\u2019autres t\u00e2ches, dans la mesure du possible, ou pr\u00e9voir d\u2019autres modalit\u00e9s de travail comme le t\u00e9l\u00e9travail.<\/p>\n\n\n\n<p>Au besoin, d\u2019autres mesures doivent \u00eatre envisag\u00e9es, notamment le d\u00e9pistage r\u00e9gulier et rapide.<\/p>\n\n\n\n<p>L\u2019AFPC continuera de jouer un r\u00f4le consultatif actif \u00e0 mesure que le gouvernement \u00e9laborera son plan de vaccination obligatoire. On fera tout en notre pouvoir pour assurer la s\u00e9curit\u00e9 de nos membres, tout en prot\u00e9geant leurs droits au travail et leur droit \u00e0 la vie priv\u00e9e.<\/p>\n\n\n\n<p>Source : <a href=\"http:\/\/syndicatafpc.ca\/non-mesures-disciplinaires-liees-vaccination?_ga=2.158312819.872435138.1629145107-1121130890.1580157739\">Non aux mesures disciplinaires li\u00e9es \u00e0 la vaccination obligatoire | Alliance de la Fonction publique du Canada (syndicatafpc.ca)<\/a><\/p>\n\n\n\n<p><\/p>\n","protected":false},"excerpt":{"rendered":"<p>17 ao\u00fbt 2021 Cette semaine, des chefs de partis politiques nationaux ont r\u00e9agi au plan de vaccination obligatoire du gouvernement. Et leurs d\u00e9clarations sont inqui\u00e9tantes, car ils ont \u00e9voqu\u00e9 la possibilit\u00e9 d\u2019imposer des sanctions aux fonctionnaires f\u00e9d\u00e9raux qui choisissent de ne pas se faire vacciner, y compris le licenciement. L\u2019AFPC appuie les mesures sur la &hellip; <\/p>\n<p class=\"link-more\"><a href=\"https:\/\/www.unesen.ca\/press\/?p=9492&#038;lang=fr\" class=\"more-link\">>><span class=\"screen-reader-text\"> &#8220;Non aux mesures disciplinaires li\u00e9es \u00e0 la vaccination obligatoire&#8221;<\/span><\/a><\/p>\n","protected":false},"author":6,"featured_media":0,"comment_status":"closed","ping_status":"open","sticky":false,"template":"","format":"standard","meta":{"_links_to":"","_links_to_target":""},"categories":[],"tags":[],"_links":{"self":[{"href":"https:\/\/www.unesen.ca\/press\/index.php?rest_route=\/wp\/v2\/posts\/9492"}],"collection":[{"href":"https:\/\/www.unesen.ca\/press\/index.php?rest_route=\/wp\/v2\/posts"}],"about":[{"href":"https:\/\/www.unesen.ca\/press\/index.php?rest_route=\/wp\/v2\/types\/post"}],"author":[{"embeddable":true,"href":"https:\/\/www.unesen.ca\/press\/index.php?rest_route=\/wp\/v2\/users\/6"}],"replies":[{"embeddable":true,"href":"https:\/\/www.unesen.ca\/press\/index.php?rest_route=%2Fwp%2Fv2%2Fcomments&post=9492"}],"version-history":[{"count":1,"href":"https:\/\/www.unesen.ca\/press\/index.php?rest_route=\/wp\/v2\/posts\/9492\/revisions"}],"predecessor-version":[{"id":9494,"href":"https:\/\/www.unesen.ca\/press\/index.php?rest_route=\/wp\/v2\/posts\/9492\/revisions\/9494"}],"wp:attachment":[{"href":"https:\/\/www.unesen.ca\/press\/index.php?rest_route=%2Fwp%2Fv2%2Fmedia&parent=9492"}],"wp:term":[{"taxonomy":"category","embeddable":true,"href":"https:\/\/www.unesen.ca\/press\/index.php?rest_route=%2Fwp%2Fv2%2Fcategories&post=9492"},{"taxonomy":"post_tag","embeddable":true,"href":"https:\/\/www.unesen.ca\/press\/index.php?rest_route=%2Fwp%2Fv2%2Ftags&post=9492"}],"curies":[{"name":"wp","href":"https:\/\/api.w.org\/{rel}","templated":true}]}}