{"id":9483,"date":"2021-08-17T14:48:27","date_gmt":"2021-08-17T19:48:27","guid":{"rendered":"http:\/\/fr.une-sen.org\/press\/?p=9483"},"modified":"2021-08-17T14:48:30","modified_gmt":"2021-08-17T19:48:30","slug":"dedommagement-phenix-nouvelles-dates-et-appel-devant-les-tribunaux","status":"publish","type":"post","link":"https:\/\/www.unesen.ca\/press\/?p=9483&amp;lang=fr","title":{"rendered":"D\u00e9dommagement Ph\u00e9nix : nouvelles dates et appel devant les tribunaux"},"content":{"rendered":"\n<figure class=\"wp-block-image size-large\"><img loading=\"lazy\" width=\"960\" height=\"400\" src=\"http:\/\/www.une-sen.org\/press\/wp-content\/uploads\/2021\/08\/bargain-pattern-grey_3_0_4-1.png\" alt=\"\" class=\"wp-image-9484\" srcset=\"https:\/\/www.unesen.ca\/press\/wp-content\/uploads\/2021\/08\/bargain-pattern-grey_3_0_4-1.png 960w, https:\/\/www.unesen.ca\/press\/wp-content\/uploads\/2021\/08\/bargain-pattern-grey_3_0_4-1-300x125.png 300w, https:\/\/www.unesen.ca\/press\/wp-content\/uploads\/2021\/08\/bargain-pattern-grey_3_0_4-1-768x320.png 768w\" sizes=\"(max-width: 767px) 89vw, (max-width: 1000px) 54vw, (max-width: 1071px) 543px, 580px\" \/><\/figure>\n\n\n\n<p>17 ao\u00fbt 2021<\/p>\n\n\n\n<p>Le gouvernement a mis \u00e0 jour les dates sur sa&nbsp;<a href=\"https:\/\/www.canada.ca\/fr\/secretariat-conseil-tresor\/sujets\/remuneration\/systeme-paye-phenix\/phenix\/reclamer-dommages-causes-phenix-paiement-equivalent-conge.html\" target=\"_blank\" rel=\"noreferrer noopener\">page Web sur le d\u00e9dommagement g\u00e9n\u00e9ral<\/a>&nbsp;pour les membres actuels, anciens et retrait\u00e9s de l\u2019AFPC&nbsp;:<\/p>\n\n\n\n<ul><li>Les membres de l\u2019AFPC qui travaillent \u00e0 la fonction publique f\u00e9d\u00e9rale et qui n\u2019ont pas re\u00e7u leur paiement forfaitaire le 3&nbsp;mars peuvent s\u2019attendre \u00e0 le recevoir&nbsp;<strong>en&nbsp;septembre.<\/strong><\/li><li>Les membres de l\u2019AFPC retrait\u00e9s et anciens pourront acc\u00e9der aux processus de r\u00e9clamation<strong>&nbsp;en d\u00e9cembre&nbsp;2021<\/strong>. Le gouvernement publiera de plus amples renseignements plus tard.<\/li><\/ul>\n\n\n\n<h3>Caract\u00e8re imposable du d\u00e9dommagement Ph\u00e9nix<\/h3>\n\n\n\n<p>Nous r\u00e9affirmons qu\u2019en raison du \u00ab&nbsp;stress, de l\u2019exasp\u00e9ration, de la douleur et de la souffrance&nbsp;\u00bb caus\u00e9s par le syst\u00e8me de paye Ph\u00e9nix et de la mise en \u0153uvre tardive des conventions collectives, ces d\u00e9dommagements ne sont pas imposables, contrairement \u00e0&nbsp;<a href=\"http:\/\/syndicatafpc.ca\/dedommagement-phenix-juge-imposable-puisque?_ga=2.17893817.1287305285.1629217568-944700863.1615900723\" target=\"_blank\" rel=\"noreferrer noopener\">ce qu\u2019affirme l\u2019Agence du revenu du Canada<\/a>. Pour assurer la r\u00e9solution rapide de ce diff\u00e9rend qui touche des milliers de membres, l\u2019AFPC a propos\u00e9 \u00e0 l\u2019Agence que les deux parties demandent \u00e0 la Cour canadienne de l\u2019imp\u00f4t de trancher. De cette fa\u00e7on, nous acc\u00e9l\u00e9rons le processus et \u00e9vitons un grand nombre de r\u00e9clamations individuelles. Nous continuerons de vous tenir \u00e0 jour d\u00e8s que nous aurons plus d\u2019information.<\/p>\n\n\n\n<h3>D\u00e9penses personnelles et pertes graves<\/h3>\n\n\n\n<p>Dans le cadre de&nbsp;<a href=\"http:\/\/syndicatafpc.ca\/dommages-causes-phenix-lafpc-obtient-meilleure?_ga=2.252912521.1287305285.1629217568-944700863.1615900723\" target=\"_blank\" rel=\"noreferrer noopener\">l\u2019entente sur le d\u00e9dommagement<\/a>, le gouvernement doit cr\u00e9er un nouveau processus de r\u00e9clamation pour les membres \u2014 actuels et anciens \u2014 qui ont engag\u00e9 des d\u00e9penses personnelles ou subi des pertes financi\u00e8res graves \u00e0 cause de Ph\u00e9nix. Nous sommes d\u00e9\u00e7us que ce processus ne soit toujours pas disponible, mais nous nous attendons \u00e0 recevoir un nouvel \u00e9ch\u00e9ancier bient\u00f4t et nous vous le transmettrons aussit\u00f4t.<\/p>\n\n\n\n<p>Pour ne rien manquer, assurez-vous que vos coordonn\u00e9es sont \u00e0 jour dans&nbsp;<a href=\"http:\/\/syndicatafpc.ca\/user?_ga=2.9512117.1287305285.1629217568-944700863.1615900723\" target=\"_blank\" rel=\"noreferrer noopener\">le portail des membres<\/a>.<\/p>\n\n\n\n<p>Pour en savoir plus sur le d\u00e9dommagement Ph\u00e9nix,&nbsp;<a href=\"http:\/\/syndicatafpc.ca\/foire-questions-dedommagement-phenix?_ga=2.9512117.1287305285.1629217568-944700863.1615900723\" target=\"_blank\" rel=\"noreferrer noopener\">consultez notre FAQ<\/a>.<\/p>\n\n\n\n<p>Source : <a href=\"http:\/\/syndicatafpc.ca\/dedommagement-phenix-nouvelles-dates-appel-devant?_ga=2.155274354.872435138.1629145107-1121130890.1580157739\">D\u00e9dommagement Ph\u00e9nix&nbsp;: nouvelles dates et appel devant les tribunaux | Alliance de la Fonction publique du Canada (syndicatafpc.ca)<\/a><\/p>\n","protected":false},"excerpt":{"rendered":"<p>17 ao\u00fbt 2021 Le gouvernement a mis \u00e0 jour les dates sur sa&nbsp;page Web sur le d\u00e9dommagement g\u00e9n\u00e9ral&nbsp;pour les membres actuels, anciens et retrait\u00e9s de l\u2019AFPC&nbsp;: Les membres de l\u2019AFPC qui travaillent \u00e0 la fonction publique f\u00e9d\u00e9rale et qui n\u2019ont pas re\u00e7u leur paiement forfaitaire le 3&nbsp;mars peuvent s\u2019attendre \u00e0 le recevoir&nbsp;en&nbsp;septembre. Les membres de &hellip; <\/p>\n<p class=\"link-more\"><a href=\"https:\/\/www.unesen.ca\/press\/?p=9483&#038;lang=fr\" class=\"more-link\">>><span class=\"screen-reader-text\"> &#8220;D\u00e9dommagement Ph\u00e9nix : nouvelles dates et appel devant les tribunaux&#8221;<\/span><\/a><\/p>\n","protected":false},"author":6,"featured_media":0,"comment_status":"closed","ping_status":"open","sticky":false,"template":"","format":"standard","meta":{"_links_to":"","_links_to_target":""},"categories":[],"tags":[],"_links":{"self":[{"href":"https:\/\/www.unesen.ca\/press\/index.php?rest_route=\/wp\/v2\/posts\/9483"}],"collection":[{"href":"https:\/\/www.unesen.ca\/press\/index.php?rest_route=\/wp\/v2\/posts"}],"about":[{"href":"https:\/\/www.unesen.ca\/press\/index.php?rest_route=\/wp\/v2\/types\/post"}],"author":[{"embeddable":true,"href":"https:\/\/www.unesen.ca\/press\/index.php?rest_route=\/wp\/v2\/users\/6"}],"replies":[{"embeddable":true,"href":"https:\/\/www.unesen.ca\/press\/index.php?rest_route=%2Fwp%2Fv2%2Fcomments&post=9483"}],"version-history":[{"count":3,"href":"https:\/\/www.unesen.ca\/press\/index.php?rest_route=\/wp\/v2\/posts\/9483\/revisions"}],"predecessor-version":[{"id":9488,"href":"https:\/\/www.unesen.ca\/press\/index.php?rest_route=\/wp\/v2\/posts\/9483\/revisions\/9488"}],"wp:attachment":[{"href":"https:\/\/www.unesen.ca\/press\/index.php?rest_route=%2Fwp%2Fv2%2Fmedia&parent=9483"}],"wp:term":[{"taxonomy":"category","embeddable":true,"href":"https:\/\/www.unesen.ca\/press\/index.php?rest_route=%2Fwp%2Fv2%2Fcategories&post=9483"},{"taxonomy":"post_tag","embeddable":true,"href":"https:\/\/www.unesen.ca\/press\/index.php?rest_route=%2Fwp%2Fv2%2Ftags&post=9483"}],"curies":[{"name":"wp","href":"https:\/\/api.w.org\/{rel}","templated":true}]}}