{"id":9471,"date":"2021-08-13T08:02:56","date_gmt":"2021-08-13T13:02:56","guid":{"rendered":"http:\/\/fr.une-sen.org\/press\/?p=9471"},"modified":"2021-08-13T08:02:58","modified_gmt":"2021-08-13T13:02:58","slug":"fete-nationale-des-acadiennes-et-acadiens-le-15-aout","status":"publish","type":"post","link":"https:\/\/www.unesen.ca\/press\/?p=9471&amp;lang=fr","title":{"rendered":"F\u00eate nationale des Acadiennes et Acadiens \u2013 Le 15 ao\u00fbt"},"content":{"rendered":"\n<figure class=\"wp-block-image size-large\"><img loading=\"lazy\" width=\"1024\" height=\"538\" src=\"http:\/\/www.une-sen.org\/press\/wp-content\/uploads\/2021\/08\/NatAcadianDay-f-1024x538.png\" alt=\"\" class=\"wp-image-9472\" srcset=\"https:\/\/www.unesen.ca\/press\/wp-content\/uploads\/2021\/08\/NatAcadianDay-f-1024x538.png 1024w, https:\/\/www.unesen.ca\/press\/wp-content\/uploads\/2021\/08\/NatAcadianDay-f-300x158.png 300w, https:\/\/www.unesen.ca\/press\/wp-content\/uploads\/2021\/08\/NatAcadianDay-f-768x403.png 768w, https:\/\/www.unesen.ca\/press\/wp-content\/uploads\/2021\/08\/NatAcadianDay-f.png 1200w\" sizes=\"(max-width: 767px) 89vw, (max-width: 1000px) 54vw, (max-width: 1071px) 543px, 580px\" \/><\/figure>\n\n\n\n<p>13 ao\u00fbt 2021<\/p>\n\n\n\n<p>Les membres du Comit\u00e9 des francophones du SEN souhaitent une bonne f\u00eate nationale \u00e0 toutes les Acadiennes et tous les Acadiens!<\/p>\n","protected":false},"excerpt":{"rendered":"<p>13 ao\u00fbt 2021 Les membres du Comit\u00e9 des francophones du SEN souhaitent une bonne f\u00eate nationale \u00e0 toutes les Acadiennes et tous les Acadiens!<\/p>\n","protected":false},"author":6,"featured_media":0,"comment_status":"closed","ping_status":"open","sticky":false,"template":"","format":"standard","meta":{"_links_to":"","_links_to_target":""},"categories":[],"tags":[],"_links":{"self":[{"href":"https:\/\/www.unesen.ca\/press\/index.php?rest_route=\/wp\/v2\/posts\/9471"}],"collection":[{"href":"https:\/\/www.unesen.ca\/press\/index.php?rest_route=\/wp\/v2\/posts"}],"about":[{"href":"https:\/\/www.unesen.ca\/press\/index.php?rest_route=\/wp\/v2\/types\/post"}],"author":[{"embeddable":true,"href":"https:\/\/www.unesen.ca\/press\/index.php?rest_route=\/wp\/v2\/users\/6"}],"replies":[{"embeddable":true,"href":"https:\/\/www.unesen.ca\/press\/index.php?rest_route=%2Fwp%2Fv2%2Fcomments&post=9471"}],"version-history":[{"count":3,"href":"https:\/\/www.unesen.ca\/press\/index.php?rest_route=\/wp\/v2\/posts\/9471\/revisions"}],"predecessor-version":[{"id":9475,"href":"https:\/\/www.unesen.ca\/press\/index.php?rest_route=\/wp\/v2\/posts\/9471\/revisions\/9475"}],"wp:attachment":[{"href":"https:\/\/www.unesen.ca\/press\/index.php?rest_route=%2Fwp%2Fv2%2Fmedia&parent=9471"}],"wp:term":[{"taxonomy":"category","embeddable":true,"href":"https:\/\/www.unesen.ca\/press\/index.php?rest_route=%2Fwp%2Fv2%2Fcategories&post=9471"},{"taxonomy":"post_tag","embeddable":true,"href":"https:\/\/www.unesen.ca\/press\/index.php?rest_route=%2Fwp%2Fv2%2Ftags&post=9471"}],"curies":[{"name":"wp","href":"https:\/\/api.w.org\/{rel}","templated":true}]}}