{"id":9461,"date":"2021-08-12T07:55:38","date_gmt":"2021-08-12T12:55:38","guid":{"rendered":"http:\/\/fr.une-sen.org\/press\/?p=9461"},"modified":"2021-08-12T07:55:39","modified_gmt":"2021-08-12T12:55:39","slug":"journee-du-multiculturalisme-du-sen-le-14-aout","status":"publish","type":"post","link":"https:\/\/www.unesen.ca\/press\/?p=9461&amp;lang=fr","title":{"rendered":"Journ\u00e9e du multiculturalisme du SEN \u2013  Le 14 ao\u00fbt"},"content":{"rendered":"\n<figure class=\"wp-block-image size-large\"><img loading=\"lazy\" width=\"1024\" height=\"538\" src=\"http:\/\/www.une-sen.org\/press\/wp-content\/uploads\/2021\/08\/UNEMultiCultural-f-1024x538.png\" alt=\"\" class=\"wp-image-9462\" srcset=\"https:\/\/www.unesen.ca\/press\/wp-content\/uploads\/2021\/08\/UNEMultiCultural-f-1024x538.png 1024w, https:\/\/www.unesen.ca\/press\/wp-content\/uploads\/2021\/08\/UNEMultiCultural-f-300x158.png 300w, https:\/\/www.unesen.ca\/press\/wp-content\/uploads\/2021\/08\/UNEMultiCultural-f-768x403.png 768w, https:\/\/www.unesen.ca\/press\/wp-content\/uploads\/2021\/08\/UNEMultiCultural-f.png 1200w\" sizes=\"(max-width: 767px) 89vw, (max-width: 1000px) 54vw, (max-width: 1071px) 543px, 580px\" \/><\/figure>\n\n\n\n<p>13 ao\u00fbt 2021<\/p>\n\n\n\n<p>En&nbsp;2011, lors du Congr\u00e8s triennal du Syndicat des employ\u00e9es et employ\u00e9s nationaux (SEN), une r\u00e9solution, adopt\u00e9e sans contestation, a permis aux membres du&nbsp;SEN de c\u00e9l\u00e9brer le 14&nbsp;ao\u00fbt comme la Journ\u00e9e du multiculturalisme du&nbsp;SEN.<\/p>\n\n\n\n<p>L\u2019intention qui sous-tendait cette r\u00e9solution \u00e9tait de favoriser un sentiment de fiert\u00e9, une fiert\u00e9 continue relativement \u00e0 l\u2019engagement du&nbsp;SEN envers les droits de toutes et tous ses membres. La r\u00e9solution visait \u00e0 reconna\u00eetre plus particuli\u00e8rement les contributions du&nbsp;SEN dans le domaine des droits de la personne et, fait plus important encore, son propre Comit\u00e9 des droits de la personne et le travail accompli au sein du Comit\u00e9.<\/p>\n\n\n\n<p>Le Canada, en tant que pays caract\u00e9ris\u00e9 par des cultures et des peuples diversifi\u00e9s, c\u00e9l\u00e8bre la Journ\u00e9e du multiculturalisme le 27&nbsp;juin. Cependant, le&nbsp;SEN est all\u00e9 plus loin&nbsp;: en tant que syndicat conscient de son privil\u00e8ge, de sa place et de son r\u00f4le dans la vie de ses divers membres, le&nbsp;SEN a allou\u00e9 une autre journ\u00e9e o\u00f9 ses membres, par l\u2019interm\u00e9diaire de leurs repr\u00e9sentants\u00d7e\u00d7s r\u00e9gionales\/r\u00e9gionaux et locales\/locaux, sont invit\u00e9\u00b7e\u00b7s \u00e0 encourager la c\u00e9l\u00e9bration de la diversit\u00e9 dans les rangs de toutes et tous les membres de ses r\u00e9gions.<\/p>\n\n\n\n<p>Camarades syndicales\/syndicaux, membres du&nbsp;SEN, comm\u00e9morons le 14&nbsp;ao\u00fbt comme une journ\u00e9e permettant de souligner la diversit\u00e9 de nos membres et de c\u00e9l\u00e9brer nos r\u00e9alisations, en particulier celles qui se sont concr\u00e9tis\u00e9es sous l\u2019\u00e9gide des droits de la personne. Renouvelons notre engagement envers le 14&nbsp;ao\u00fbt, car la Journ\u00e9e du multiculturalisme du&nbsp;SEN doit \u00eatre reconnue et encourag\u00e9e, toujours avec autant de d\u00e9termination, car si impressionnant soit le p\u00e9riple que nous avons effectu\u00e9 jusqu\u2019ici, il nous reste tout autant de chemin \u00e0 parcourir.<\/p>\n\n\n\n<p>Hayley Millington<br>Repr\u00e9sentante nationale de l&#8217;\u00e9quit\u00e9 pour les membres de minorit\u00e9s visibles du SEN<\/p>\n","protected":false},"excerpt":{"rendered":"<p>13 ao\u00fbt 2021 En&nbsp;2011, lors du Congr\u00e8s triennal du Syndicat des employ\u00e9es et employ\u00e9s nationaux (SEN), une r\u00e9solution, adopt\u00e9e sans contestation, a permis aux membres du&nbsp;SEN de c\u00e9l\u00e9brer le 14&nbsp;ao\u00fbt comme la Journ\u00e9e du multiculturalisme du&nbsp;SEN. L\u2019intention qui sous-tendait cette r\u00e9solution \u00e9tait de favoriser un sentiment de fiert\u00e9, une fiert\u00e9 continue relativement \u00e0 l\u2019engagement du&nbsp;SEN &hellip; <\/p>\n<p class=\"link-more\"><a href=\"https:\/\/www.unesen.ca\/press\/?p=9461&#038;lang=fr\" class=\"more-link\">>><span class=\"screen-reader-text\"> &#8220;Journ\u00e9e du multiculturalisme du SEN \u2013  Le 14 ao\u00fbt&#8221;<\/span><\/a><\/p>\n","protected":false},"author":6,"featured_media":0,"comment_status":"closed","ping_status":"open","sticky":false,"template":"","format":"standard","meta":{"_links_to":"","_links_to_target":""},"categories":[],"tags":[],"_links":{"self":[{"href":"https:\/\/www.unesen.ca\/press\/index.php?rest_route=\/wp\/v2\/posts\/9461"}],"collection":[{"href":"https:\/\/www.unesen.ca\/press\/index.php?rest_route=\/wp\/v2\/posts"}],"about":[{"href":"https:\/\/www.unesen.ca\/press\/index.php?rest_route=\/wp\/v2\/types\/post"}],"author":[{"embeddable":true,"href":"https:\/\/www.unesen.ca\/press\/index.php?rest_route=\/wp\/v2\/users\/6"}],"replies":[{"embeddable":true,"href":"https:\/\/www.unesen.ca\/press\/index.php?rest_route=%2Fwp%2Fv2%2Fcomments&post=9461"}],"version-history":[{"count":4,"href":"https:\/\/www.unesen.ca\/press\/index.php?rest_route=\/wp\/v2\/posts\/9461\/revisions"}],"predecessor-version":[{"id":9478,"href":"https:\/\/www.unesen.ca\/press\/index.php?rest_route=\/wp\/v2\/posts\/9461\/revisions\/9478"}],"wp:attachment":[{"href":"https:\/\/www.unesen.ca\/press\/index.php?rest_route=%2Fwp%2Fv2%2Fmedia&parent=9461"}],"wp:term":[{"taxonomy":"category","embeddable":true,"href":"https:\/\/www.unesen.ca\/press\/index.php?rest_route=%2Fwp%2Fv2%2Fcategories&post=9461"},{"taxonomy":"post_tag","embeddable":true,"href":"https:\/\/www.unesen.ca\/press\/index.php?rest_route=%2Fwp%2Fv2%2Ftags&post=9461"}],"curies":[{"name":"wp","href":"https:\/\/api.w.org\/{rel}","templated":true}]}}