{"id":933,"date":"2012-05-17T08:26:30","date_gmt":"2012-05-17T12:26:30","guid":{"rendered":"http:\/\/www.une-sen.org\/press\/?p=933"},"modified":"2014-02-25T18:59:33","modified_gmt":"2014-02-25T18:59:33","slug":"journee-internationale-contre-lhomophobie-17-mai","status":"publish","type":"post","link":"https:\/\/www.unesen.ca\/press\/?p=933&amp;lang=fr","title":{"rendered":"Journ\u00e9e internationale contre l\u2019homophobie &#8211; 17 mai"},"content":{"rendered":"<p><img loading=\"lazy\" class=\"alignnone size-full wp-image-934\" title=\"IDAH_f\" alt=\"\" src=\"http:\/\/www.une-sen.org\/press\/wp-content\/uploads\/2012\/05\/IDAH_f.jpg\" width=\"600\" height=\"400\" srcset=\"https:\/\/www.unesen.ca\/press\/wp-content\/uploads\/2012\/05\/IDAH_f.jpg 600w, https:\/\/www.unesen.ca\/press\/wp-content\/uploads\/2012\/05\/IDAH_f-300x200.jpg 300w\" sizes=\"(max-width: 600px) 100vw, 600px\" \/><\/p>\n<p>Tout le monde a d\u00e9j\u00e0 entendu l\u2019histoire du jeune homosexuel ou de la jeune lesbienne qui quitte son petit village pour d\u00e9m\u00e9nager \u00e0 la ville dans l\u2019espoir d\u2019\u00e9chapper aux pr\u00e9jug\u00e9s des gens \u00e9troits d\u2019esprit. Je l\u2019ai moi-m\u00eame v\u00e9cu. L\u2019homophobie faisait partie de ma vie quotidienne\u00a0\u2014 comme manger, dormir et promener le chien. Imaginez-vous vivre dans la peur constante d\u2019\u00eatre d\u00e9masqu\u00e9, une peur qui impr\u00e8gne chacune de vos activit\u00e9s. Personne ne connaissait mon secret\u00a0\u2014 \u00e0 l\u2019exception de tous les gar\u00e7ons de mon \u00e9cole secondaire qui se d\u00e9lectaient de ma peur comme des chiens affam\u00e9s.<\/p>\n<p>Quand j\u2019\u00e9tais en dixi\u00e8me ann\u00e9e, le fils d\u2019un riche commer\u00e7ant de mon village m\u2019a fait une prise de t\u00eate en m\u2019ordonnant de lui dire que je l\u2019aimais. Plusieurs de ses amis \u00e9taient pr\u00e9sents quand je lui ai avou\u00e9 mon amour. Je ne suis pas certain que cet amour \u00e9tait r\u00e9ciproque. Un de mes amis a \u00e9galement assist\u00e9 \u00e0 la sc\u00e8ne. Prononcer ces mots \u00e9tait humiliant parce que je r\u00e9v\u00e9lais qui j\u2019\u00e9tais\u00a0\u2014 un gar\u00e7on qui aimait d\u2019autres gar\u00e7ons. Il y avait aussi un autre gar\u00e7on de mon \u00e9cole qui m\u2019appelait \u00ab\u00a0Klinger\u00a0\u00bb; il faisait r\u00e9f\u00e9rence \u00e0 un personnage de l\u2019\u00e9mission de t\u00e9l\u00e9 Mash qui portait des v\u00eatements de femmes afin d\u2019\u00eatre r\u00e9form\u00e9 pour des raisons psychiatriques. Ce gar\u00e7on \u00e9tait mon ami. Je ne lui ai jamais dit \u00e0 quel point il m\u2019avait fait de la peine en m\u2019appelant ainsi. Nous ne sommes plus amis, et je ne lui ai jamais dit pourquoi.<\/p>\n<p>Apr\u00e8s avoir termin\u00e9 mes \u00e9tudes secondaires en 1985, je suis d\u00e9m\u00e9nag\u00e9 \u00e0 Vancouver et je n\u2019ai jamais regard\u00e9 en arri\u00e8re. J\u2019\u00e9tais libre de me r\u00e9inventer. J\u2019ai laiss\u00e9 tomber mes grands gestes extravagants et j\u2019ai cess\u00e9 d\u2019exprimer ma joie de fa\u00e7on exub\u00e9rante comme je le faisais au secondaire. J\u2019ai perdu une partie de moi \u00e0 cause de l\u2019homophobie.<\/p>\n<p>Je sais que mon histoire semble un peu vieillotte. De nos jours, bien des jeunes affirment leur identit\u00e9 sexuelle d\u00e8s le secondaire. Cependant, cette peur des gais et des lesbiennes est encore pr\u00e9sente dans les religions et au sein de nos gouvernements et institutions. Bon nombre de lieux de travail sont s\u00e9curitaires, mais certains ne le sont pas. Je pense qu\u2019il y a encore un grand nombre de personnes comme mon ancien ami\u00a0\u2014 le surnom qu\u2019il m\u2019avait donn\u00e9 avait cr\u00e9\u00e9 chez moi un sentiment d\u2019ins\u00e9curit\u00e9 et de danger. Il ne savait pas comment r\u00e9agir ou quoi faire face \u00e0 la diff\u00e9rence.<\/p>\n<p>Nous devons tous savoir ce qu\u2019est l\u2019homophobie et comment lutter contre cette plaie. Elle peut se pr\u00e9senter de fa\u00e7on tr\u00e8s directe, mais elle peut \u00e9galement \u00eatre subtile\u2026 D\u2019une fa\u00e7on ou d\u2019une autre, \u00e7a fait mal.<\/p>\n<p>&#8211;\u00a0\u00a0\u00a0\u00a0\u00a0\u00a0\u00a0\u00a0\u00a0 Rodney Hynes<\/p>\n<p>Rodney Hynes est le repr\u00e9sentant national de l\u2019\u00e9quit\u00e9 pour les personnes lesbiennes, gaies, bisexuelles et transgenres.<\/p>\n<hr \/>\n<p>L\u2019homophobie peut prendre de nombreuses formes. Pour en savoir davantage sur les diverses manifestations de l\u2019homophobie, cliquez sur le <a href=\"http:\/\/www.homophobiaday.org\/default.aspx?scheme=1037\">lien suivant<\/a> qui vous dirigera vers le site Web de la Fondation \u00c9mergence.<\/p>\n<p>\u00cates-vous un alli\u00e9? Le Congr\u00e8s du travail du Canada a cr\u00e9\u00e9 un <a href=\"http:\/\/www.congresdutravail.ca\/sites\/default\/files\/AlliesBooklet2007-FR1.pdf\">guide pour les alli\u00e9s<\/a>, qui r\u00e9pond \u00e0 de nombreuses questions li\u00e9es aux probl\u00e8mes qui touchent les GLBT.<\/p>\n","protected":false},"excerpt":{"rendered":"<p>Tout le monde a d\u00e9j\u00e0 entendu l\u2019histoire du jeune homosexuel ou de la jeune lesbienne qui quitte son petit village pour d\u00e9m\u00e9nager \u00e0 la ville dans l\u2019espoir d\u2019\u00e9chapper aux pr\u00e9jug\u00e9s des gens \u00e9troits d\u2019esprit. Je l\u2019ai moi-m\u00eame v\u00e9cu. L\u2019homophobie faisait partie de ma vie quotidienne\u00a0\u2014 comme manger, dormir et promener le chien. Imaginez-vous vivre dans &hellip; <\/p>\n<p class=\"link-more\"><a href=\"https:\/\/www.unesen.ca\/press\/?p=933&#038;lang=fr\" class=\"more-link\">>><span class=\"screen-reader-text\"> &#8220;Journ\u00e9e internationale contre l\u2019homophobie &#8211; 17 mai&#8221;<\/span><\/a><\/p>\n","protected":false},"author":3,"featured_media":0,"comment_status":"open","ping_status":"open","sticky":false,"template":"","format":"standard","meta":{"_links_to":"","_links_to_target":""},"categories":[],"tags":[],"_links":{"self":[{"href":"https:\/\/www.unesen.ca\/press\/index.php?rest_route=\/wp\/v2\/posts\/933"}],"collection":[{"href":"https:\/\/www.unesen.ca\/press\/index.php?rest_route=\/wp\/v2\/posts"}],"about":[{"href":"https:\/\/www.unesen.ca\/press\/index.php?rest_route=\/wp\/v2\/types\/post"}],"author":[{"embeddable":true,"href":"https:\/\/www.unesen.ca\/press\/index.php?rest_route=\/wp\/v2\/users\/3"}],"replies":[{"embeddable":true,"href":"https:\/\/www.unesen.ca\/press\/index.php?rest_route=%2Fwp%2Fv2%2Fcomments&post=933"}],"version-history":[{"count":1,"href":"https:\/\/www.unesen.ca\/press\/index.php?rest_route=\/wp\/v2\/posts\/933\/revisions"}],"predecessor-version":[{"id":3542,"href":"https:\/\/www.unesen.ca\/press\/index.php?rest_route=\/wp\/v2\/posts\/933\/revisions\/3542"}],"wp:attachment":[{"href":"https:\/\/www.unesen.ca\/press\/index.php?rest_route=%2Fwp%2Fv2%2Fmedia&parent=933"}],"wp:term":[{"taxonomy":"category","embeddable":true,"href":"https:\/\/www.unesen.ca\/press\/index.php?rest_route=%2Fwp%2Fv2%2Fcategories&post=933"},{"taxonomy":"post_tag","embeddable":true,"href":"https:\/\/www.unesen.ca\/press\/index.php?rest_route=%2Fwp%2Fv2%2Ftags&post=933"}],"curies":[{"name":"wp","href":"https:\/\/api.w.org\/{rel}","templated":true}]}}