{"id":9254,"date":"2021-05-17T07:20:53","date_gmt":"2021-05-17T12:20:53","guid":{"rendered":"http:\/\/fr.une-sen.org\/press\/?p=9254"},"modified":"2021-05-17T07:20:55","modified_gmt":"2021-05-17T12:20:55","slug":"journee-internationale-contre-lhomophobie-la-transphobie-et-la-biphobie-17-mai","status":"publish","type":"post","link":"https:\/\/www.unesen.ca\/press\/?p=9254&amp;lang=fr","title":{"rendered":"Journ\u00e9e internationale contre l\u2019homophobie, la transphobie et la biphobie &#8211; 17 mai"},"content":{"rendered":"\n<figure class=\"wp-block-image size-large\"><img loading=\"lazy\" width=\"1024\" height=\"538\" src=\"http:\/\/www.une-sen.org\/press\/wp-content\/uploads\/2021\/05\/IDAHTB-f-1024x538.png\" alt=\"\" class=\"wp-image-9255\" srcset=\"https:\/\/www.unesen.ca\/press\/wp-content\/uploads\/2021\/05\/IDAHTB-f-1024x538.png 1024w, https:\/\/www.unesen.ca\/press\/wp-content\/uploads\/2021\/05\/IDAHTB-f-300x158.png 300w, https:\/\/www.unesen.ca\/press\/wp-content\/uploads\/2021\/05\/IDAHTB-f-768x403.png 768w, https:\/\/www.unesen.ca\/press\/wp-content\/uploads\/2021\/05\/IDAHTB-f.png 1200w\" sizes=\"(max-width: 767px) 89vw, (max-width: 1000px) 54vw, (max-width: 1071px) 543px, 580px\" \/><\/figure>\n\n\n\n<p>17 mai 2021<\/p>\n\n\n\n<p>Ch\u00e8res\/Chers membres de la famille syndicale,<\/p>\n\n\n\n<p>Je vous \u00e9cris pour vous informer de la Journ\u00e9e internationale contre l\u2019homophobie, la transphobie et la biphobie, qui aura lieu le 17&nbsp;mai&nbsp;2021.<\/p>\n\n\n\n<p>Nous vivons actuellement une p\u00e9riode tr\u00e8s difficile dans le monde entier, car la COVID-19 fait des ravages. Je voulais souligner que cette situation a \u00e9galement eu un effet n\u00e9gatif accru sur les groupes marginalis\u00e9s. L\u2019une des fa\u00e7ons d\u2019att\u00e9nuer ces cons\u00e9quences n\u00e9gatives est de disposer de filets de s\u00e9curit\u00e9, c\u2019est-\u00e0-dire de zones ou de groupes de personnes capables d\u2019apporter du r\u00e9confort et de la s\u00e9curit\u00e9. Ces filets de s\u00e9curit\u00e9 sont devenus plus difficiles \u00e0 maintenir dans le monde virtuel dans lequel nous sommes plong\u00e9s. Nous sommes conscients que cette p\u00e9riode nous a toutes et tous affect\u00e9\u00b7e\u00b7s, mais il est n\u00e9cessaire de prendre conscience de la fa\u00e7on dont elle a touch\u00e9 beaucoup plus de gens encore.<\/p>\n\n\n\n<p>Au cours de la derni\u00e8re ann\u00e9e, j\u2019ai pris le temps de prendre conscience des privil\u00e8ges dont je dispose, du soutien auquel j\u2019ai acc\u00e8s et de la mani\u00e8re dont je parviens \u00e0 maintenir mes r\u00e9seaux. Ces outils ne sont pas \u00e0 la port\u00e9e de tous. Tout le monde n\u2019a pas acc\u00e8s \u00e0 un logement, \u00e0 Internet, \u00e0 une famille, \u00e0 de l\u2019eau potable, \u00e0 de la nourriture et plus encore.&nbsp;<\/p>\n\n\n\n<p>J\u2019ai pris en consid\u00e9ration mon histoire, mes pr\u00e9jug\u00e9s actuels et mes privil\u00e8ges pour voir ce que je peux faire, ce que je peux apprendre et les outils qui existent pour m\u2019aider \u00e0 me perfectionner, \u00e0 m\u2019adapter et \u00e0 reprogrammer les sch\u00e8mes de pens\u00e9e que j\u2019ai re\u00e7us en fonction de mes privil\u00e8ges, de ma culture et de mon histoire. Pour commencer, je tiens \u00e0 dire que nous sommes toutes tous des \u00eatres humains, et les constructions sociales mises en place autour du travail n\u2019existent que parce que nous leur accordons droit de cit\u00e9. Les droits existent parce que les gens se sont battus pour eux et continuent de se battre pour eux et m\u00eame pour conserver ce qu\u2019ils ont. Nous avons appris que les droits sont limit\u00e9s et que pour que les autres aient des droits, nous devons renoncer \u00e0 quelque chose, ce qui n\u2019est pas correct. Les droits ne sont pas autant de morceaux d\u2019un g\u00e2teau. Celles et ceux qui ont le g\u00e2teau entier n\u2019ont pas besoin de renoncer \u00e0 des parts de leur g\u00e2teau pour que d\u2019autres puissent avoir des droits. Je ne veux pas une part de votre g\u00e2teau. Je veux mon propre g\u00e2teau. Si vous me donnez un g\u00e2teau entier, votre g\u00e2teau n\u2019a pas moins de valeur non plus. Ce type de message pass\u00e9 doit et peut \u00eatre chang\u00e9. Il a \u00e9t\u00e9 dit aux groupes marginalis\u00e9s qu\u2019ils devaient rivaliser avec tous les autres groupes marginalis\u00e9s pour obtenir le temps d\u2019\u00eatre entendus et de pouvoir pr\u00e9senter leurs arguments en faveur de l\u2019inclusion et de l\u2019\u00e9quit\u00e9. Je demande qu\u2019en tant que groupes marginalis\u00e9s, nous prenions le temps de nous serrer les coudes par solidarit\u00e9 afin de trouver un terrain d\u2019entente pour aller de l\u2019avant gr\u00e2ce \u00e0 notre intersectionnalit\u00e9. Nous sommes plus forts, plus bruyants et mieux organis\u00e9s si nous travaillons toutes et tous ensemble en toute solidarit\u00e9. Changeons vraiment les choses.<\/p>\n\n\n\n<p>La haine et la violence se sont intensifi\u00e9es dans le monde entier. La communaut\u00e9&nbsp;2ELGBTQ+ est l\u2019une des principales victimes de cette haine. Cette haine se manifeste notamment par une augmentation du nombre d\u2019organisations proposant des th\u00e9rapies de conversion, par la cr\u00e9ation de zones sans pr\u00e9sence LGBTQ+ dans certains pays, par l\u2019installation de camps de concentration pour les personnes LGBTQ+ dans d\u2019autres pays et par des modifications l\u00e9gislatives visant \u00e0 r\u00e9duire la protection des personnes LGBTQ+. Il y a actuellement six pays dans le monde o\u00f9 le fait d\u2019\u00eatre une personne de la communaut\u00e9 LGBTQ+ est passible de la peine de mort, 27&nbsp;pays o\u00f9 le fait d\u2019\u00eatre une personne de la communaut\u00e9 LGBTQ+ est passible d\u2019une peine allant de 10&nbsp;ans d\u2019incarc\u00e9ration \u00e0 la prison \u00e0 vie et 43&nbsp;pays sans aucune protection. Tout cela est d\u00fb \u00e0 l\u2019homophobie, la biphobie et la transphobie. La d\u00e9finition de la phobie est une peur extr\u00eame ou irrationnelle ou une aversion pour quelque chose.<\/p>\n\n\n\n<p>Ici, au Canada, nous travaillons fort pour nous assurer que nos lois prot\u00e8gent. L\u2019une de ces mesures positives est le projet de loi&nbsp;C-6 (<em>Loi modifiant le Code criminel (th\u00e9rapie de conversion<\/em>)). La <a href=\"https:\/\/www.thetrevorproject.org\/get-involved\/trevor-advocacy\/50-bills-50-states\/about-conversion-therapy\/\" target=\"_blank\" rel=\"noreferrer noopener\">th\u00e9rapie de conversion<\/a> (site en anglais) d\u00e9signe l\u2019une des nombreuses pratiques dangereuses et discr\u00e9dit\u00e9es visant \u00e0 modifier l\u2019orientation sexuelle ou l\u2019identit\u00e9 de genre d\u2019une personne. Par exemple, il peut s\u2019agir de tenter de changer l\u2019orientation sexuelle d\u2019une personne de lesbienne, de gai ou de bisexuel \u00e0 h\u00e9t\u00e9rosexuel ou alors son identit\u00e9 sexuelle de transgenre ou de non binaire \u00e0 cisgenre. Et cela pourrait inclure les efforts visant \u00e0 modifier l\u2019expression de genre d\u2019une personne (pour qu\u2019elle se comporte de fa\u00e7on plus st\u00e9r\u00e9otyp\u00e9e comme un homme ou une femme, par exemple), ou pour r\u00e9duire ou \u00e9liminer l\u2019attirance ou les sentiments sexuels ou romantiques envers une personne du m\u00eame sexe). Ce projet de loi a pass\u00e9 l\u2019\u00e9tape de la deuxi\u00e8me lecture \u00e0 la Chambre des communes et se pr\u00e9pare \u00e0 recevoir la sanction royale. Il s\u2019agit d\u2019un grand pas vers l\u2019inclusion, la s\u00e9curit\u00e9 et l\u2019\u00e9quit\u00e9 au sein de cette grande nation qu\u2019est le Canada. Des projets de loi comme celui-ci, nous devons tous les conna\u00eetre et les appuyer afin que de petits groupes de manifestant\u00b7e\u00b7s ne les fassent pas \u00e9chouer.<\/p>\n\n\n\n<p>J\u2019esp\u00e8re qu\u2019en ce 17&nbsp;mai&nbsp;2021, vous prendrez le temps de r\u00e9fl\u00e9chir \u00e0 vos privil\u00e8ges, vos pr\u00e9jug\u00e9s, votre vie et vos connaissances. Rappelez-vous que les privil\u00e8ges signifient non pas que vous n\u2019avez pas connu de difficult\u00e9s, mais que vous n\u2019avez peut-\u00eatre pas eu \u00e0 faire face \u00e0 l\u2019adversit\u00e9 en raison de ce que vous \u00eates fondamentalement. Vous n\u2019avez peut-\u00eatre pas eu \u00e0 faire l\u2019exp\u00e9rience de la vie \u00e0 d\u2019une personne racialis\u00e9e, 2ELGBTQ+, d\u2019une femme, d\u2019une personne autochtone ou d\u2019une personne ayant des besoins d\u2019acc\u00e8s, entre autres. Prenez le temps de consulter certaines des ressources extraordinaires qui sont accessibles et contribuez \u00e0 apporter un changement positif dans la vie de celles et ceux qui luttent pour les droits fondamentaux que nous avons. <a rel=\"noreferrer noopener\" href=\"https:\/\/www.may17mai.com\/\" target=\"_blank\">Voici<\/a> l\u2019une de ces ressources.<\/p>\n\n\n\n<p>Christopher Little-Gagn\u00e9<br>Repr\u00e9sentant national de l&#8217;\u00e9quit\u00e9 pour les personnes lesbiennes, gays, bisexuelles et transgenres du SEN<\/p>\n","protected":false},"excerpt":{"rendered":"<p>17 mai 2021 Ch\u00e8res\/Chers membres de la famille syndicale, Je vous \u00e9cris pour vous informer de la Journ\u00e9e internationale contre l\u2019homophobie, la transphobie et la biphobie, qui aura lieu le 17&nbsp;mai&nbsp;2021. Nous vivons actuellement une p\u00e9riode tr\u00e8s difficile dans le monde entier, car la COVID-19 fait des ravages. Je voulais souligner que cette situation a &hellip; <\/p>\n<p class=\"link-more\"><a href=\"https:\/\/www.unesen.ca\/press\/?p=9254&#038;lang=fr\" class=\"more-link\">>><span class=\"screen-reader-text\"> &#8220;Journ\u00e9e internationale contre l\u2019homophobie, la transphobie et la biphobie &#8211; 17 mai&#8221;<\/span><\/a><\/p>\n","protected":false},"author":6,"featured_media":0,"comment_status":"closed","ping_status":"open","sticky":false,"template":"","format":"standard","meta":{"_links_to":"","_links_to_target":""},"categories":[],"tags":[],"_links":{"self":[{"href":"https:\/\/www.unesen.ca\/press\/index.php?rest_route=\/wp\/v2\/posts\/9254"}],"collection":[{"href":"https:\/\/www.unesen.ca\/press\/index.php?rest_route=\/wp\/v2\/posts"}],"about":[{"href":"https:\/\/www.unesen.ca\/press\/index.php?rest_route=\/wp\/v2\/types\/post"}],"author":[{"embeddable":true,"href":"https:\/\/www.unesen.ca\/press\/index.php?rest_route=\/wp\/v2\/users\/6"}],"replies":[{"embeddable":true,"href":"https:\/\/www.unesen.ca\/press\/index.php?rest_route=%2Fwp%2Fv2%2Fcomments&post=9254"}],"version-history":[{"count":3,"href":"https:\/\/www.unesen.ca\/press\/index.php?rest_route=\/wp\/v2\/posts\/9254\/revisions"}],"predecessor-version":[{"id":9259,"href":"https:\/\/www.unesen.ca\/press\/index.php?rest_route=\/wp\/v2\/posts\/9254\/revisions\/9259"}],"wp:attachment":[{"href":"https:\/\/www.unesen.ca\/press\/index.php?rest_route=%2Fwp%2Fv2%2Fmedia&parent=9254"}],"wp:term":[{"taxonomy":"category","embeddable":true,"href":"https:\/\/www.unesen.ca\/press\/index.php?rest_route=%2Fwp%2Fv2%2Fcategories&post=9254"},{"taxonomy":"post_tag","embeddable":true,"href":"https:\/\/www.unesen.ca\/press\/index.php?rest_route=%2Fwp%2Fv2%2Ftags&post=9254"}],"curies":[{"name":"wp","href":"https:\/\/api.w.org\/{rel}","templated":true}]}}