{"id":9245,"date":"2021-05-04T08:14:31","date_gmt":"2021-05-04T13:14:31","guid":{"rendered":"http:\/\/fr.une-sen.org\/press\/?p=9245"},"modified":"2021-05-04T08:14:33","modified_gmt":"2021-05-04T13:14:33","slug":"mois-du-patrimoine-asiatique-3","status":"publish","type":"post","link":"https:\/\/www.unesen.ca\/press\/?p=9245&amp;lang=fr","title":{"rendered":"Mois du patrimoine asiatique"},"content":{"rendered":"\n<figure class=\"wp-block-image size-large\"><img loading=\"lazy\" width=\"1024\" height=\"538\" src=\"http:\/\/www.une-sen.org\/press\/wp-content\/uploads\/2021\/05\/AsianHeritage2021-f-1024x538.png\" alt=\"\" class=\"wp-image-9246\" srcset=\"https:\/\/www.unesen.ca\/press\/wp-content\/uploads\/2021\/05\/AsianHeritage2021-f-1024x538.png 1024w, https:\/\/www.unesen.ca\/press\/wp-content\/uploads\/2021\/05\/AsianHeritage2021-f-300x158.png 300w, https:\/\/www.unesen.ca\/press\/wp-content\/uploads\/2021\/05\/AsianHeritage2021-f-768x403.png 768w, https:\/\/www.unesen.ca\/press\/wp-content\/uploads\/2021\/05\/AsianHeritage2021-f.png 1200w\" sizes=\"(max-width: 767px) 89vw, (max-width: 1000px) 54vw, (max-width: 1071px) 543px, 580px\" \/><\/figure>\n\n\n\n<p>4 mai 2021<\/p>\n\n\n\n<p>En mai&nbsp;2002, le gouvernement du Canada a sign\u00e9 une d\u00e9claration d\u00e9signant le mois de mai comme Mois du patrimoine asiatique. Adopt\u00e9e par le S\u00e9nat en 2001, cette motion a \u00e9t\u00e9 propos\u00e9e par Vivienne&nbsp;Poy, la premi\u00e8re s\u00e9natrice canadienne d\u2019origine asiatique. Ce mois vise \u00e0 reconna\u00eetre et \u00e0 mettre en valeur les diverses r\u00e9alisations et contributions des Asiatiques dans la soci\u00e9t\u00e9 canadienne. Parall\u00e8lement, c\u2019est aussi une c\u00e9l\u00e9bration de leurs pratiques et traditions culturelles riches et diverses, l\u2019Asie \u00e9tant le plus grand continent et comprenant environ 54&nbsp;pays.<\/p>\n\n\n\n<p>Il existe une longue liste de Canadiennes et de Canadiens d\u2019origine asiatique qui ont excell\u00e9 dans les domaines de la politique, de l\u2019\u00e9conomie, des sciences, des sports, de la m\u00e9decine, de l\u2019\u00e9ducation, de la musique et des services, mais il convient d\u2019ajouter toutes les Canadiennes et tous les Canadiens d\u2019origine asiatique \u00e0 cette liste. Lorsqu\u2019ils sont arriv\u00e9s au Canada, ils \u00e9taient d\u00e9termin\u00e9s \u00e0 faire des efforts et \u00e0 travailler avec acharnement pour atteindre leurs objectifs et r\u00e9aliser leurs r\u00eaves. Il y a eu beaucoup de d\u00e9fis et de luttes, mais par leurs propres moyens modestes, directement ou indirectement, ils ont contribu\u00e9 \u00e0 la croissance et au d\u00e9veloppement de leurs collectivit\u00e9s, de leurs lieux de travail et de la soci\u00e9t\u00e9 canadienne.<\/p>\n\n\n\n<p>Le Mois du patrimoine asiatique est un moment opportun pour apprendre et d\u00e9couvrir la culture riche et diversifi\u00e9e de l\u2019Asie. Joignez-vous aux r\u00e9jouissances et c\u00e9l\u00e9brez. D\u00e9couvrez les activit\u00e9s et les festivit\u00e9s organis\u00e9es par les soci\u00e9t\u00e9s du Mois du patrimoine asiatique ou d\u2019autres groupes asiatiques de vos collectivit\u00e9s. Consultez \u00e9galement ce <a href=\"https:\/\/www.asianheritagemanitoba.com\/asian-heritage-month-in-canada\/\">lien de l\u2019Asian Heritage Society of Manitoba<\/a>.<\/p>\n\n\n\n<p>Appr\u00e9ciez les diverses cultures d\u2019Asie et apprenez-en davantage sur celles-ci en \u00e9coutant de la musique, en regardant un film, en lisant un livre, en faisant de l\u2019artisanat, en explorant diff\u00e9rents go\u00fbts et saveurs et en vous adonnant aux d\u00e9lices culinaires asiatiques.<\/p>\n\n\n\n<p>Au moment de souligner le Mois du patrimoine asiatique cette ann\u00e9e, il est \u00e9galement important de prendre note de ce qui se passe dans notre environnement qui affecte grandement les Canadiennes et Canadiens d\u2019origine asiatique. Ils font face \u00e0 des difficult\u00e9s et \u00e0 la peur, et certains ont du mal \u00e0 vivre en harmonie et en paix. Cela est d\u00fb aux crimes haineux et \u00e0 la discrimination raciale constants qui sont de plus en plus r\u00e9pandus, en particulier en cette p\u00e9riode de pand\u00e9mie. La discrimination et les crimes haineux peuvent prendre diff\u00e9rentes formes. Il est de notre devoir en tant que Canadiennes et Canadiens d\u2019\u00eatre conscients de ces actes d\u2019injustice et du sort des Asiatiques et de devenir des alli\u00e9s, en particulier dans les collectivit\u00e9s o\u00f9 leurs voix ne sont pas entendues.<\/p>\n\n\n\n<p>Joyeux Mois du patrimoine asiatique!<\/p>\n\n\n\n<p><a href=\"http:\/\/www.une-sen.org\/press\/wp-admin\/edit.php?post_type=post\"><\/a>Shirley Torres<br>Vice-pr\u00e9sidente r\u00e9gionale, C.-B. et Yukon<\/p>\n","protected":false},"excerpt":{"rendered":"<p>4 mai 2021 En mai&nbsp;2002, le gouvernement du Canada a sign\u00e9 une d\u00e9claration d\u00e9signant le mois de mai comme Mois du patrimoine asiatique. Adopt\u00e9e par le S\u00e9nat en 2001, cette motion a \u00e9t\u00e9 propos\u00e9e par Vivienne&nbsp;Poy, la premi\u00e8re s\u00e9natrice canadienne d\u2019origine asiatique. Ce mois vise \u00e0 reconna\u00eetre et \u00e0 mettre en valeur les diverses r\u00e9alisations &hellip; <\/p>\n<p class=\"link-more\"><a href=\"https:\/\/www.unesen.ca\/press\/?p=9245&#038;lang=fr\" class=\"more-link\">>><span class=\"screen-reader-text\"> &#8220;Mois du patrimoine asiatique&#8221;<\/span><\/a><\/p>\n","protected":false},"author":6,"featured_media":0,"comment_status":"closed","ping_status":"open","sticky":false,"template":"","format":"standard","meta":{"_links_to":"","_links_to_target":""},"categories":[],"tags":[],"_links":{"self":[{"href":"https:\/\/www.unesen.ca\/press\/index.php?rest_route=\/wp\/v2\/posts\/9245"}],"collection":[{"href":"https:\/\/www.unesen.ca\/press\/index.php?rest_route=\/wp\/v2\/posts"}],"about":[{"href":"https:\/\/www.unesen.ca\/press\/index.php?rest_route=\/wp\/v2\/types\/post"}],"author":[{"embeddable":true,"href":"https:\/\/www.unesen.ca\/press\/index.php?rest_route=\/wp\/v2\/users\/6"}],"replies":[{"embeddable":true,"href":"https:\/\/www.unesen.ca\/press\/index.php?rest_route=%2Fwp%2Fv2%2Fcomments&post=9245"}],"version-history":[{"count":1,"href":"https:\/\/www.unesen.ca\/press\/index.php?rest_route=\/wp\/v2\/posts\/9245\/revisions"}],"predecessor-version":[{"id":9247,"href":"https:\/\/www.unesen.ca\/press\/index.php?rest_route=\/wp\/v2\/posts\/9245\/revisions\/9247"}],"wp:attachment":[{"href":"https:\/\/www.unesen.ca\/press\/index.php?rest_route=%2Fwp%2Fv2%2Fmedia&parent=9245"}],"wp:term":[{"taxonomy":"category","embeddable":true,"href":"https:\/\/www.unesen.ca\/press\/index.php?rest_route=%2Fwp%2Fv2%2Fcategories&post=9245"},{"taxonomy":"post_tag","embeddable":true,"href":"https:\/\/www.unesen.ca\/press\/index.php?rest_route=%2Fwp%2Fv2%2Ftags&post=9245"}],"curies":[{"name":"wp","href":"https:\/\/api.w.org\/{rel}","templated":true}]}}