{"id":9223,"date":"2021-05-03T11:10:16","date_gmt":"2021-05-03T16:10:16","guid":{"rendered":"http:\/\/fr.une-sen.org\/press\/?p=9223"},"modified":"2021-05-03T11:10:18","modified_gmt":"2021-05-03T16:10:18","slug":"dedommagement-phenix-juge-imposable-puisque-le-conseil-du-tresor-refuse-de-collaborer","status":"publish","type":"post","link":"https:\/\/www.unesen.ca\/press\/?p=9223&amp;lang=fr","title":{"rendered":"D\u00e9dommagement Ph\u00e9nix : jug\u00e9 imposable puisque le Conseil du Tr\u00e9sor refuse de collaborer"},"content":{"rendered":"\n<figure class=\"wp-block-image size-large\"><img loading=\"lazy\" width=\"960\" height=\"400\" src=\"http:\/\/www.une-sen.org\/press\/wp-content\/uploads\/2021\/05\/revenue-canada_2_3-1.jpeg\" alt=\"\" class=\"wp-image-9224\" srcset=\"https:\/\/www.unesen.ca\/press\/wp-content\/uploads\/2021\/05\/revenue-canada_2_3-1.jpeg 960w, https:\/\/www.unesen.ca\/press\/wp-content\/uploads\/2021\/05\/revenue-canada_2_3-1-300x125.jpeg 300w, https:\/\/www.unesen.ca\/press\/wp-content\/uploads\/2021\/05\/revenue-canada_2_3-1-768x320.jpeg 768w\" sizes=\"(max-width: 767px) 89vw, (max-width: 1000px) 54vw, (max-width: 1071px) 543px, 580px\" \/><\/figure>\n\n\n\n<p>2 mai 2021<\/p>\n\n\n\n<p>Apr\u00e8s avoir attendu des mois que le Conseil du Tr\u00e9sor fournisse un expos\u00e9 conjoint pour corriger l\u2019interpr\u00e9tation de l\u2019entente sur le d\u00e9dommagement Ph\u00e9nix, l\u2019Agence du revenu du Canada n\u2019a eu d\u2019autre choix que de maintenir sa d\u00e9cision voulant que le montant accord\u00e9 soit imposable.<\/p>\n\n\n\n<p>Dans sa lettre du 27&nbsp;avril, l\u2019Agence du revenu expliquait&nbsp;:<\/p>\n\n\n\n<blockquote class=\"wp-block-quote\"><p><em>Comme nous en avons discut\u00e9 le 3\u202ff\u00e9vrier\u202f2021,&nbsp;nous&nbsp;\u00e9tions&nbsp;pr\u00eats \u00e0 revoir notre position \u00e0 la condition que l\u2019employeur et l\u2019AFPC nous fournissent un expos\u00e9 conjoint&nbsp;des faits.&nbsp;Puisque nous n\u2019avons rien re\u00e7u, nous n\u2019avons pu tenir compte des affirmations&nbsp;formul\u00e9es dans&nbsp;votre expos\u00e9 provisoire.&nbsp;[notre\u202ftraduction]&nbsp;<\/em><\/p><\/blockquote>\n\n\n\n<p>Nous avons maintes fois invit\u00e9 le Conseil du Tr\u00e9sor \u00e0 rectifier la situation. Nous avons m\u00eame plaid\u00e9 directement aupr\u00e8s de son pr\u00e9sident, le ministre Duclos, mais ils ont refus\u00e9 de collaborer.<\/p>\n\n\n\n<p>\u00ab&nbsp;C\u2019est clair qu\u2019ils sont toujours f\u00e2ch\u00e9s qu\u2019on les ait forc\u00e9s \u00e0 nous offrir un meilleur d\u00e9dommagement pour nos membres&nbsp;\u00bb, d\u00e9clare Chris Aylward, pr\u00e9sident de l\u2019AFPC.<\/p>\n\n\n\n<p>\u00ab&nbsp;Ils sont frustr\u00e9s d\u2019avoir eu \u00e0 bonifier le montant accord\u00e9 aux autres syndicats en raison de la clause de parit\u00e9 qu\u2019ils avaient n\u00e9goci\u00e9e. Maintenant, ils s\u2019en prennent aux membres de l\u2019AFPC en essayant de saboter nos efforts pour convaincre l\u2019Agence du revenu que le d\u00e9dommagement ne devrait pas \u00eatre imposable.&nbsp;\u00bb<\/p>\n\n\n\n<h3><a href=\"http:\/\/syndicatafpc.ca\/dedommagement-phenix-juge-imposable-puisque?_ga=2.81999893.2095461619.1619982312-1121130890.1580157739#Action\" target=\"_blank\" rel=\"noreferrer noopener\"><strong>\u2b07\ufe0f&nbsp;<\/strong>Dites \u00e0 votre d\u00e9put\u00e9 que le d\u00e9dommagement Ph\u00e9nix ne devrait pas \u00eatre imposable.<strong>&nbsp;\u2b07\ufe0f<\/strong><\/a><\/h3>\n\n\n\n<p>Nous avions&nbsp;<a href=\"https:\/\/www.canada.ca\/fr\/secretariat-conseil-tresor\/sujets\/remuneration\/systeme-paye-phenix\/entente-concernant-dommages-causes-systeme-paye-phenix-2020.html\" target=\"_blank\" rel=\"noreferrer noopener\">soigneusement r\u00e9dig\u00e9 l\u2019entente<\/a>&nbsp;pour qu\u2019elle refl\u00e8te l\u2019ampleur du cauchemar v\u00e9cu par nos membres. Le montant n\u00e9goci\u00e9 visait en effet \u00e0 les d\u00e9dommager \u00ab&nbsp;du stress, de l\u2019exasp\u00e9ration, de la douleur et de la souffrance&nbsp;\u00bb caus\u00e9s par le fiasco Ph\u00e9nix et la mise en \u0153uvre tardive des conventions collectives. Ce genre de d\u00e9dommagement n\u2019est habituellement pas imposable, comme l\u2019ont statu\u00e9 \u00e0 maintes reprises les tribunaux. Il devrait donc \u00eatre trait\u00e9 conform\u00e9ment \u00e0 l\u2019entente n\u00e9goci\u00e9e.<\/p>\n\n\n\n<p>Il est inacceptable que le Conseil du Tr\u00e9sor refuse de corroborer ces faits. Au contraire, il a plut\u00f4t avis\u00e9 l\u2019Agence du revenu que l\u2019entente visait \u00e0 r\u00e9gler un grief entre l\u2019employeur et le syndicat, ce qui est peut-\u00eatre vrai pour d\u2019autres syndicats, mais pas en ce qui nous concerne.<\/p>\n\n\n\n<p>Une chose est certaine, nous n\u2019allons pas nous laisser faire.<\/p>\n\n\n\n<p>Pendant que nous explorons les recours juridiques \u00e0 notre disposition pour en appeler de la d\u00e9cision de l\u2019Agence du revenu, prenez un moment pour communiquer votre indignation au ministre Duclos et au premier ministre Trudeau.<\/p>\n\n\n\n<p>Nous voulons \u00e9viter de longues disputes complexes afin que nos membres puissent obtenir le d\u00e9dommagement qui leur est d\u00fb. Nous pressons \u00e9galement le Conseil du Tr\u00e9sor d\u2019activer au plus t\u00f4t le processus de r\u00e9clamation pour tous les anciens membres et les retrait\u00e9s qui attendent toujours de recevoir leur part du d\u00e9dommagement.<\/p>\n\n\n\n<p>Nous vous tiendrons au courant de l\u2019\u00e9volution de la situation.<\/p>\n\n\n\n<p>Pour en savoir plus sur le d\u00e9dommagement Ph\u00e9nix,&nbsp;<a href=\"http:\/\/syndicatafpc.ca\/foire-questions-dedommagement-phenix-mise-jour\" target=\"_blank\" rel=\"noreferrer noopener\">consultez notre FAQ<\/a>.&nbsp;<\/p>\n\n\n\n<p>Source : <a href=\"http:\/\/syndicatafpc.ca\/dedommagement-phenix-juge-imposable-puisque?_ga=2.81999893.2095461619.1619982312-1121130890.1580157739\">D\u00e9dommagement Ph\u00e9nix : jug\u00e9 imposable puisque le Conseil du Tr\u00e9sor refuse de collaborer | Alliance de la Fonction publique du Canada (syndicatafpc.ca)<\/a><\/p>\n\n\n\n<p><\/p>\n","protected":false},"excerpt":{"rendered":"<p>2 mai 2021 Apr\u00e8s avoir attendu des mois que le Conseil du Tr\u00e9sor fournisse un expos\u00e9 conjoint pour corriger l\u2019interpr\u00e9tation de l\u2019entente sur le d\u00e9dommagement Ph\u00e9nix, l\u2019Agence du revenu du Canada n\u2019a eu d\u2019autre choix que de maintenir sa d\u00e9cision voulant que le montant accord\u00e9 soit imposable. Dans sa lettre du 27&nbsp;avril, l\u2019Agence du revenu &hellip; <\/p>\n<p class=\"link-more\"><a href=\"https:\/\/www.unesen.ca\/press\/?p=9223&#038;lang=fr\" class=\"more-link\">>><span class=\"screen-reader-text\"> &#8220;D\u00e9dommagement Ph\u00e9nix : jug\u00e9 imposable puisque le Conseil du Tr\u00e9sor refuse de collaborer&#8221;<\/span><\/a><\/p>\n","protected":false},"author":6,"featured_media":0,"comment_status":"closed","ping_status":"open","sticky":false,"template":"","format":"standard","meta":{"_links_to":"","_links_to_target":""},"categories":[],"tags":[],"_links":{"self":[{"href":"https:\/\/www.unesen.ca\/press\/index.php?rest_route=\/wp\/v2\/posts\/9223"}],"collection":[{"href":"https:\/\/www.unesen.ca\/press\/index.php?rest_route=\/wp\/v2\/posts"}],"about":[{"href":"https:\/\/www.unesen.ca\/press\/index.php?rest_route=\/wp\/v2\/types\/post"}],"author":[{"embeddable":true,"href":"https:\/\/www.unesen.ca\/press\/index.php?rest_route=\/wp\/v2\/users\/6"}],"replies":[{"embeddable":true,"href":"https:\/\/www.unesen.ca\/press\/index.php?rest_route=%2Fwp%2Fv2%2Fcomments&post=9223"}],"version-history":[{"count":5,"href":"https:\/\/www.unesen.ca\/press\/index.php?rest_route=\/wp\/v2\/posts\/9223\/revisions"}],"predecessor-version":[{"id":9232,"href":"https:\/\/www.unesen.ca\/press\/index.php?rest_route=\/wp\/v2\/posts\/9223\/revisions\/9232"}],"wp:attachment":[{"href":"https:\/\/www.unesen.ca\/press\/index.php?rest_route=%2Fwp%2Fv2%2Fmedia&parent=9223"}],"wp:term":[{"taxonomy":"category","embeddable":true,"href":"https:\/\/www.unesen.ca\/press\/index.php?rest_route=%2Fwp%2Fv2%2Fcategories&post=9223"},{"taxonomy":"post_tag","embeddable":true,"href":"https:\/\/www.unesen.ca\/press\/index.php?rest_route=%2Fwp%2Fv2%2Ftags&post=9223"}],"curies":[{"name":"wp","href":"https:\/\/api.w.org\/{rel}","templated":true}]}}