{"id":9201,"date":"2021-04-28T07:07:07","date_gmt":"2021-04-28T12:07:07","guid":{"rendered":"http:\/\/fr.une-sen.org\/press\/?p=9201"},"modified":"2021-04-28T07:07:09","modified_gmt":"2021-04-28T12:07:09","slug":"declaration-du-president-national-du-sen-a-loccasion-du-jour-de-deuil-national-le-28-avril-2021","status":"publish","type":"post","link":"https:\/\/www.unesen.ca\/press\/?p=9201&amp;lang=fr","title":{"rendered":"D\u00e9claration du pr\u00e9sident national du SEN \u00e0 l\u2019occasion du Jour de deuil national, le 28 avril 2021"},"content":{"rendered":"\n<figure class=\"wp-block-image size-large\"><img loading=\"lazy\" width=\"1024\" height=\"538\" src=\"http:\/\/www.une-sen.org\/press\/wp-content\/uploads\/2021\/04\/NDoM-f-1-1024x538.png\" alt=\"\" class=\"wp-image-9202\" srcset=\"https:\/\/www.unesen.ca\/press\/wp-content\/uploads\/2021\/04\/NDoM-f-1-1024x538.png 1024w, https:\/\/www.unesen.ca\/press\/wp-content\/uploads\/2021\/04\/NDoM-f-1-300x158.png 300w, https:\/\/www.unesen.ca\/press\/wp-content\/uploads\/2021\/04\/NDoM-f-1-768x403.png 768w, https:\/\/www.unesen.ca\/press\/wp-content\/uploads\/2021\/04\/NDoM-f-1.png 1200w\" sizes=\"(max-width: 767px) 89vw, (max-width: 1000px) 54vw, (max-width: 1071px) 543px, 580px\" \/><\/figure>\n\n\n\n<p>28 avril 2021<\/p>\n\n\n\n<p>Aujourd\u2019hui, le 28&nbsp;avril, jour consacr\u00e9 en vertu d\u2019une loi du Parlement, nous rendons hommage \u00e0 toutes les personnes d\u00e9c\u00e9d\u00e9es ou bless\u00e9es \u00e0 la suite de maladies et de blessures li\u00e9es au travail et nous nous souvenons d\u2019elles en ce Jour de deuil national.<\/p>\n\n\n\n<p>Compte tenu de la pand\u00e9mie de coronavirus (COVID\u201119), nous encourageons les organisations, les collectivit\u00e9s et les personnes \u00e0 organiser ou \u00e0 appuyer un \u00e9v\u00e9nement virtuel ou \u00e0 simplement s\u2019arr\u00eater pour observer un moment de silence le 28&nbsp;avril \u00e0 11&nbsp;h. De tels gestes de comm\u00e9moration aideront \u00e0 honorer les travailleuses et travailleurs qui ont perdu la vie ou qui ont \u00e9t\u00e9 bless\u00e9s en raison d\u2019un accident de travail tragique, et \u00e0 souligner les sacrifices des travailleuses et travailleurs de premi\u00e8re ligne et des travailleuses et travailleurs essentiels qui sont d\u00e9c\u00e9d\u00e9s ou tomb\u00e9s malades en service pendant la pand\u00e9mie de COVID\u201119.<\/p>\n\n\n\n<p>Nous demandons \u00e9galement aux employeurs sous r\u00e9glementation f\u00e9d\u00e9rale et relevant d\u2019autres comp\u00e9tences de respecter les r\u00e8gles relatives aux comit\u00e9s de sant\u00e9 et de s\u00e9curit\u00e9 au travail et les exhortons \u00e0 collaborer davantage avec les membres de ces comit\u00e9s pour assurer la s\u00e9curit\u00e9 des lieux de travail.<\/p>\n\n\n\n<p>En 2020, plus de 1&nbsp;000 travailleuses et travailleurs sont d\u00e9c\u00e9d\u00e9s dans des accidents du travail au Canada, une statistique similaire \u00e0 celle de 2019, ce qui repr\u00e9sente environ trois&nbsp;travailleuses et travailleurs par jour, trois&nbsp;ouvri\u00e8res et ouvriers par jour de trop.<\/p>\n\n\n\n<p>Nous nous joignons au Centre canadien d\u2019hygi\u00e8ne et de s\u00e9curit\u00e9 au travail dans son message&nbsp;:<\/p>\n\n\n\n<p><strong><em>Nous nous souvenons des personnes qui sont d\u00e9c\u00e9d\u00e9es, qui ont subi des blessures ou qui ont souffert d\u2019une maladie professionnelle dans le cadre de leur travail.<\/em><\/strong><\/p>\n\n\n\n<p><strong><em>Nous nous engageons \u00e0 nous souvenir des travailleuses et travailleurs et \u00e0 pr\u00e9venir d\u2019autres trag\u00e9dies au travail.<\/em><\/strong><\/p>\n\n\n\n<p>Avec respect et en toute solidarit\u00e9,<\/p>\n\n\n\n<p>Kevin King<br>Pr\u00e9sident national du SEN<\/p>\n","protected":false},"excerpt":{"rendered":"<p>28 avril 2021 Aujourd\u2019hui, le 28&nbsp;avril, jour consacr\u00e9 en vertu d\u2019une loi du Parlement, nous rendons hommage \u00e0 toutes les personnes d\u00e9c\u00e9d\u00e9es ou bless\u00e9es \u00e0 la suite de maladies et de blessures li\u00e9es au travail et nous nous souvenons d\u2019elles en ce Jour de deuil national. Compte tenu de la pand\u00e9mie de coronavirus (COVID\u201119), nous &hellip; <\/p>\n<p class=\"link-more\"><a href=\"https:\/\/www.unesen.ca\/press\/?p=9201&#038;lang=fr\" class=\"more-link\">>><span class=\"screen-reader-text\"> &#8220;D\u00e9claration du pr\u00e9sident national du SEN \u00e0 l\u2019occasion du Jour de deuil national, le 28 avril 2021&#8221;<\/span><\/a><\/p>\n","protected":false},"author":6,"featured_media":0,"comment_status":"closed","ping_status":"open","sticky":false,"template":"","format":"standard","meta":{"_links_to":"","_links_to_target":""},"categories":[],"tags":[],"_links":{"self":[{"href":"https:\/\/www.unesen.ca\/press\/index.php?rest_route=\/wp\/v2\/posts\/9201"}],"collection":[{"href":"https:\/\/www.unesen.ca\/press\/index.php?rest_route=\/wp\/v2\/posts"}],"about":[{"href":"https:\/\/www.unesen.ca\/press\/index.php?rest_route=\/wp\/v2\/types\/post"}],"author":[{"embeddable":true,"href":"https:\/\/www.unesen.ca\/press\/index.php?rest_route=\/wp\/v2\/users\/6"}],"replies":[{"embeddable":true,"href":"https:\/\/www.unesen.ca\/press\/index.php?rest_route=%2Fwp%2Fv2%2Fcomments&post=9201"}],"version-history":[{"count":3,"href":"https:\/\/www.unesen.ca\/press\/index.php?rest_route=\/wp\/v2\/posts\/9201\/revisions"}],"predecessor-version":[{"id":9207,"href":"https:\/\/www.unesen.ca\/press\/index.php?rest_route=\/wp\/v2\/posts\/9201\/revisions\/9207"}],"wp:attachment":[{"href":"https:\/\/www.unesen.ca\/press\/index.php?rest_route=%2Fwp%2Fv2%2Fmedia&parent=9201"}],"wp:term":[{"taxonomy":"category","embeddable":true,"href":"https:\/\/www.unesen.ca\/press\/index.php?rest_route=%2Fwp%2Fv2%2Fcategories&post=9201"},{"taxonomy":"post_tag","embeddable":true,"href":"https:\/\/www.unesen.ca\/press\/index.php?rest_route=%2Fwp%2Fv2%2Ftags&post=9201"}],"curies":[{"name":"wp","href":"https:\/\/api.w.org\/{rel}","templated":true}]}}