{"id":9186,"date":"2021-04-26T12:58:24","date_gmt":"2021-04-26T17:58:24","guid":{"rendered":"http:\/\/fr.une-sen.org\/press\/?p=9186"},"modified":"2021-04-26T13:32:03","modified_gmt":"2021-04-26T18:32:03","slug":"masques-du-sen-maintenant-disponibles","status":"publish","type":"post","link":"https:\/\/www.unesen.ca\/press\/?p=9186&amp;lang=fr","title":{"rendered":"Masques du SEN maintenant disponibles"},"content":{"rendered":"\n<figure class=\"wp-block-image size-large\"><img loading=\"lazy\" width=\"1024\" height=\"538\" src=\"http:\/\/www.une-sen.org\/press\/wp-content\/uploads\/2021\/04\/Masks-f-1024x538.png\" alt=\"\" class=\"wp-image-9187\" srcset=\"https:\/\/www.unesen.ca\/press\/wp-content\/uploads\/2021\/04\/Masks-f-1024x538.png 1024w, https:\/\/www.unesen.ca\/press\/wp-content\/uploads\/2021\/04\/Masks-f-300x158.png 300w, https:\/\/www.unesen.ca\/press\/wp-content\/uploads\/2021\/04\/Masks-f-768x403.png 768w, https:\/\/www.unesen.ca\/press\/wp-content\/uploads\/2021\/04\/Masks-f.png 1200w\" sizes=\"(max-width: 767px) 89vw, (max-width: 1000px) 54vw, (max-width: 1071px) 543px, 580px\" \/><\/figure>\n\n\n\n<p>Salutations,<\/p>\n\n\n\n<p>Les masques du&nbsp;SEN sont maintenant disponibles pour les membres! Si vous souhaitez en commander un, <a href=\"https:\/\/fr.unesen.ca\/documents_and_tools\/Masks.php\" data-type=\"URL\" data-id=\"https:\/\/fr.unesen.ca\/documents_and_tools\/Masks.php\" target=\"_blank\" rel=\"noreferrer noopener\">vous pouvez le faire sur le site Web du&nbsp;SEN<\/a>.<\/p>\n\n\n\n<p>Il n\u2019y a aucuns frais et nous exp\u00e9dierons votre commande directement \u00e0 l\u2019adresse que vous fournissez. C\u2019est \u00e9galement une excellente occasion de garder vos renseignements \u00e0 jour avec nous.<\/p>\n\n\n\n<p>N\u2019h\u00e9sitez pas \u00e0 transmettre le lien \u00e0 d\u2019autres membres de votre section locale.<\/p>\n\n\n\n<p>Pour commander plus d\u2019un masque, communiquez avec nous (<a href=\"mailto:communications@une-sen.org\">communications@une-sen.org<\/a>) et nous collaborerons avec vous pour \u00e9quiper votre lieu de travail.<\/p>\n\n\n\n<p>Soyez prudent\u00b7e\u00b7s et en bonne sant\u00e9!<\/p>\n","protected":false},"excerpt":{"rendered":"<p>Salutations, Les masques du&nbsp;SEN sont maintenant disponibles pour les membres! Si vous souhaitez en commander un, vous pouvez le faire sur le site Web du&nbsp;SEN. Il n\u2019y a aucuns frais et nous exp\u00e9dierons votre commande directement \u00e0 l\u2019adresse que vous fournissez. C\u2019est \u00e9galement une excellente occasion de garder vos renseignements \u00e0 jour avec nous. N\u2019h\u00e9sitez &hellip; <\/p>\n<p class=\"link-more\"><a href=\"https:\/\/www.unesen.ca\/press\/?p=9186&#038;lang=fr\" class=\"more-link\">>><span class=\"screen-reader-text\"> &#8220;Masques du SEN maintenant disponibles&#8221;<\/span><\/a><\/p>\n","protected":false},"author":2,"featured_media":0,"comment_status":"closed","ping_status":"open","sticky":false,"template":"","format":"standard","meta":{"_links_to":"","_links_to_target":""},"categories":[],"tags":[],"_links":{"self":[{"href":"https:\/\/www.unesen.ca\/press\/index.php?rest_route=\/wp\/v2\/posts\/9186"}],"collection":[{"href":"https:\/\/www.unesen.ca\/press\/index.php?rest_route=\/wp\/v2\/posts"}],"about":[{"href":"https:\/\/www.unesen.ca\/press\/index.php?rest_route=\/wp\/v2\/types\/post"}],"author":[{"embeddable":true,"href":"https:\/\/www.unesen.ca\/press\/index.php?rest_route=\/wp\/v2\/users\/2"}],"replies":[{"embeddable":true,"href":"https:\/\/www.unesen.ca\/press\/index.php?rest_route=%2Fwp%2Fv2%2Fcomments&post=9186"}],"version-history":[{"count":3,"href":"https:\/\/www.unesen.ca\/press\/index.php?rest_route=\/wp\/v2\/posts\/9186\/revisions"}],"predecessor-version":[{"id":9192,"href":"https:\/\/www.unesen.ca\/press\/index.php?rest_route=\/wp\/v2\/posts\/9186\/revisions\/9192"}],"wp:attachment":[{"href":"https:\/\/www.unesen.ca\/press\/index.php?rest_route=%2Fwp%2Fv2%2Fmedia&parent=9186"}],"wp:term":[{"taxonomy":"category","embeddable":true,"href":"https:\/\/www.unesen.ca\/press\/index.php?rest_route=%2Fwp%2Fv2%2Fcategories&post=9186"},{"taxonomy":"post_tag","embeddable":true,"href":"https:\/\/www.unesen.ca\/press\/index.php?rest_route=%2Fwp%2Fv2%2Ftags&post=9186"}],"curies":[{"name":"wp","href":"https:\/\/api.w.org\/{rel}","templated":true}]}}