{"id":9165,"date":"2021-04-22T12:56:14","date_gmt":"2021-04-22T17:56:14","guid":{"rendered":"http:\/\/fr.une-sen.org\/press\/?p=9165"},"modified":"2021-04-22T12:56:16","modified_gmt":"2021-04-22T17:56:16","slug":"conge-paye-698-pour-les-fonctionnaires-qui-se-font-vacciner","status":"publish","type":"post","link":"https:\/\/www.unesen.ca\/press\/?p=9165&amp;lang=fr","title":{"rendered":"Cong\u00e9 pay\u00e9 698 pour les fonctionnaires qui se font vacciner"},"content":{"rendered":"\n<figure class=\"wp-block-image size-large\"><img loading=\"lazy\" width=\"960\" height=\"400\" src=\"http:\/\/www.une-sen.org\/press\/wp-content\/uploads\/2021\/04\/gettyimages-1271701621-1.jpg\" alt=\"\" class=\"wp-image-9166\" srcset=\"https:\/\/www.unesen.ca\/press\/wp-content\/uploads\/2021\/04\/gettyimages-1271701621-1.jpg 960w, https:\/\/www.unesen.ca\/press\/wp-content\/uploads\/2021\/04\/gettyimages-1271701621-1-300x125.jpg 300w, https:\/\/www.unesen.ca\/press\/wp-content\/uploads\/2021\/04\/gettyimages-1271701621-1-768x320.jpg 768w\" sizes=\"(max-width: 767px) 89vw, (max-width: 1000px) 54vw, (max-width: 1071px) 543px, 580px\" \/><\/figure>\n\n\n\n<p>22 avril 2021<\/p>\n\n\n\n<p>Alors que la campagne de vaccination contre la COVID-19 bat son plein, l\u2019AFPC rappelle \u00e0 tous les fonctionnaires f\u00e9d\u00e9raux qu\u2019ils peuvent demander un cong\u00e9 pay\u00e9&nbsp;698 pour se faire vacciner.<\/p>\n\n\n\n<p>Le cong\u00e9&nbsp;698 donne droit \u00e0 un cong\u00e9 pay\u00e9 (jusqu\u2019\u00e0 une demi-journ\u00e9e) pour un rendez-vous chez le m\u00e9decin ou le dentiste. Il peut s\u2019appliquer \u00e0 un rendez-vous de vaccination et au temps requis pour s\u2019y rendre.<\/p>\n\n\n\n<p>Ce cong\u00e9 est pr\u00e9vu par une politique du Conseil du Tr\u00e9sor sur les rendez-vous m\u00e9dicaux ou dentaires. L\u2019AFPC n\u00e9gocie actuellement avec l\u2019employeur pour s\u2019assurer que le personnel vaccin\u00e9 une premi\u00e8re fois aura droit \u00e0 un cong\u00e9 pay\u00e9 pour la deuxi\u00e8me dose, au besoin.<\/p>\n\n\n\n<p>Ce cong\u00e9 \u00e9tant offert uniquement aux fonctionnaires f\u00e9d\u00e9raux, nous demandons aux gouvernements provinciaux et territoriaux de suivre l\u2019exemple du Conseil du Tr\u00e9sor en s\u2019abstenant de p\u00e9naliser ceux et celles qui se font vacciner contre la COVID\u201119. Peu importe o\u00f9 elles travaillent, les personnes qui souhaitent se prot\u00e9ger et prot\u00e9ger leur communaut\u00e9 devraient toutes pouvoir se faire vacciner sans subir de perte de salaire.<\/p>\n\n\n\n<p>Si vous avez des questions sur vos droits concernant le cong\u00e9&nbsp;698, communiquez avec votre d\u00e9l\u00e9gu\u00e9 syndical, votre&nbsp;<a href=\"http:\/\/syndicatafpc.ca\/elements\" target=\"_blank\" rel=\"noreferrer noopener\">\u00c9l\u00e9ment<\/a>&nbsp;ou votre&nbsp;<a href=\"http:\/\/syndicatafpc.ca\/bureaux-regionaux\" target=\"_blank\" rel=\"noreferrer noopener\">bureau r\u00e9gional<\/a>&nbsp;pour obtenir de l\u2019aide.<\/p>\n\n\n\n<p>Vous pouvez aussi consulter notre foire aux questions sur&nbsp;<a href=\"http:\/\/syndicatafpc.ca\/vos-droits-travail-vaccination-depistage-covid-19\" target=\"_blank\" rel=\"noreferrer noopener\">vos droits au travail&nbsp;: vaccination et d\u00e9pistage de la COVID-19<\/a>.<\/p>\n\n\n\n<p>Source : <a href=\"http:\/\/syndicatafpc.ca\/conge-paye-698-pour-les-fonctionnaires-qui-se-font-vacciner?_ga=2.192882474.1424020096.1619027770-1121130890.1580157739\">Cong\u00e9 pay\u00e9 698 pour les fonctionnaires qui se font vacciner | Alliance de la Fonction publique du Canada (syndicatafpc.ca)<\/a><\/p>\n","protected":false},"excerpt":{"rendered":"<p>22 avril 2021 Alors que la campagne de vaccination contre la COVID-19 bat son plein, l\u2019AFPC rappelle \u00e0 tous les fonctionnaires f\u00e9d\u00e9raux qu\u2019ils peuvent demander un cong\u00e9 pay\u00e9&nbsp;698 pour se faire vacciner. Le cong\u00e9&nbsp;698 donne droit \u00e0 un cong\u00e9 pay\u00e9 (jusqu\u2019\u00e0 une demi-journ\u00e9e) pour un rendez-vous chez le m\u00e9decin ou le dentiste. Il peut s\u2019appliquer &hellip; <\/p>\n<p class=\"link-more\"><a href=\"https:\/\/www.unesen.ca\/press\/?p=9165&#038;lang=fr\" class=\"more-link\">>><span class=\"screen-reader-text\"> &#8220;Cong\u00e9 pay\u00e9 698 pour les fonctionnaires qui se font vacciner&#8221;<\/span><\/a><\/p>\n","protected":false},"author":6,"featured_media":0,"comment_status":"closed","ping_status":"open","sticky":false,"template":"","format":"standard","meta":{"_links_to":"","_links_to_target":""},"categories":[],"tags":[],"_links":{"self":[{"href":"https:\/\/www.unesen.ca\/press\/index.php?rest_route=\/wp\/v2\/posts\/9165"}],"collection":[{"href":"https:\/\/www.unesen.ca\/press\/index.php?rest_route=\/wp\/v2\/posts"}],"about":[{"href":"https:\/\/www.unesen.ca\/press\/index.php?rest_route=\/wp\/v2\/types\/post"}],"author":[{"embeddable":true,"href":"https:\/\/www.unesen.ca\/press\/index.php?rest_route=\/wp\/v2\/users\/6"}],"replies":[{"embeddable":true,"href":"https:\/\/www.unesen.ca\/press\/index.php?rest_route=%2Fwp%2Fv2%2Fcomments&post=9165"}],"version-history":[{"count":3,"href":"https:\/\/www.unesen.ca\/press\/index.php?rest_route=\/wp\/v2\/posts\/9165\/revisions"}],"predecessor-version":[{"id":9170,"href":"https:\/\/www.unesen.ca\/press\/index.php?rest_route=\/wp\/v2\/posts\/9165\/revisions\/9170"}],"wp:attachment":[{"href":"https:\/\/www.unesen.ca\/press\/index.php?rest_route=%2Fwp%2Fv2%2Fmedia&parent=9165"}],"wp:term":[{"taxonomy":"category","embeddable":true,"href":"https:\/\/www.unesen.ca\/press\/index.php?rest_route=%2Fwp%2Fv2%2Fcategories&post=9165"},{"taxonomy":"post_tag","embeddable":true,"href":"https:\/\/www.unesen.ca\/press\/index.php?rest_route=%2Fwp%2Fv2%2Ftags&post=9165"}],"curies":[{"name":"wp","href":"https:\/\/api.w.org\/{rel}","templated":true}]}}