{"id":9153,"date":"2021-04-20T07:34:01","date_gmt":"2021-04-20T12:34:01","guid":{"rendered":"http:\/\/fr.une-sen.org\/press\/?p=9153"},"modified":"2021-04-20T07:34:03","modified_gmt":"2021-04-20T12:34:03","slug":"budget-2021-investissement-historique-dans-les-services-de-garde-et-salaire-minimum-a-15","status":"publish","type":"post","link":"https:\/\/www.unesen.ca\/press\/?p=9153&amp;lang=fr","title":{"rendered":"Budget 2021 : investissement historique dans les services de garde et salaire minimum \u00e0 15 $"},"content":{"rendered":"\n<figure class=\"wp-block-image size-large\"><img loading=\"lazy\" width=\"960\" height=\"400\" src=\"http:\/\/www.une-sen.org\/press\/wp-content\/uploads\/2021\/04\/gettyimages-1255842606-1.jpg\" alt=\"\" class=\"wp-image-9154\" srcset=\"https:\/\/www.unesen.ca\/press\/wp-content\/uploads\/2021\/04\/gettyimages-1255842606-1.jpg 960w, https:\/\/www.unesen.ca\/press\/wp-content\/uploads\/2021\/04\/gettyimages-1255842606-1-300x125.jpg 300w, https:\/\/www.unesen.ca\/press\/wp-content\/uploads\/2021\/04\/gettyimages-1255842606-1-768x320.jpg 768w\" sizes=\"(max-width: 767px) 89vw, (max-width: 1000px) 54vw, (max-width: 1071px) 543px, 580px\" \/><\/figure>\n\n\n\n<p>19 avril 2021<\/p>\n\n\n\n<p>L\u2019AFPC accueille favorablement les mesures prises par le gouvernement f\u00e9d\u00e9ral dans son budget&nbsp;2021 pour r\u00e9pondre aux besoins des Canadiennes et Canadiens les plus durement touch\u00e9s par la pand\u00e9mie.<\/p>\n\n\n\n<p>Notre syndicat est \u00e9galement tr\u00e8s heureux de l\u2019investissement significatif consenti aux services de garde d\u2019enfants, de l\u2019engagement \u00e0 \u00e9tablir enfin le salaire minimum \u00e0 15&nbsp;$ et des ressources affect\u00e9es \u00e0 la lutte contre le racisme dans la fonction publique f\u00e9d\u00e9rale et au-del\u00e0.<\/p>\n\n\n\n<p>\u00ab&nbsp;Cet investissement historique est une vraie bou\u00e9e de sauvetage pour les parents d\u2019un bout \u00e0 l\u2019autre du pays qui doivent d\u00e9bourser des frais exorbitants pour faire garder leurs enfants&nbsp;\u00bb, d\u00e9clare Chris Aylward, pr\u00e9sident national de l\u2019AFPC. \u00ab&nbsp;C\u2019est une grande victoire pour notre syndicat et pour tous ceux et celles qui se battent depuis une vingtaine d\u2019ann\u00e9es afin d\u2019obtenir des services de garde accessibles et abordables.&nbsp;\u00bb<\/p>\n\n\n\n<p>Le programme permettra aux parents, et surtout aux femmes qui ont port\u00e9 une grande part du fardeau de la pand\u00e9mie, de r\u00e9int\u00e9grer le march\u00e9 du travail et de contribuer \u00e0 la relance \u00e9conomique.<\/p>\n\n\n\n<p>En \u00e9largissant l\u2019aide d\u2019urgence offerte, notamment par l\u2019entremise du nouveau Programme d\u2019embauche pour la relance \u00e9conomique, le gouvernement reconna\u00eet que les membres de l\u2019AFPC ont fait un excellent travail quand est venu le temps de fournir des services critiques \u00e0 la population canadienne, preuve que la fonction publique joue un r\u00f4le de premier plan dans la soci\u00e9t\u00e9.<\/p>\n\n\n\n<p>\u00ab&nbsp;Maintenant plus que jamais, les Canadiennes et Canadiens ont besoin de savoir qu\u2019ils pourront payer leurs factures, m\u00eame si la pand\u00e9mie les emp\u00eache de trouver du travail&nbsp;\u00bb, ajoute Chris Aylward. \u00ab&nbsp;Les fonctionnaires n\u2019ont pas h\u00e9sit\u00e9 \u00e0 se porter au secours de leurs concitoyens \u00e0 un moment critique et ils continueront de fournir l\u2019aide financi\u00e8re sur laquelle comptent les travailleurs et travailleuses.&nbsp;\u00bb<\/p>\n\n\n\n<p>Il est toutefois d\u00e9cevant que le gouvernement ait n\u00e9glig\u00e9 son engagement \u00e0 cr\u00e9er un r\u00e9gime d\u2019assurance-m\u00e9dicaments universel au moment o\u00f9 les personnes sans emploi, priv\u00e9es d\u2019avantages sociaux, se retrouvent \u00e0 payer de leurs poches leurs m\u00e9dicaments d\u2019ordonnance.<\/p>\n\n\n\n<p>Le gouvernement a \u00e9galement choisi de continuer \u00e0 faire passer les profits des entreprises priv\u00e9es avant les besoins des gens en se tournant vers la Banque canadienne d\u2019infrastructure et le financement social pour les grands projets d\u2019infrastructures communautaires.<\/p>\n\n\n\n<p>\u00ab&nbsp;Privatiser les biens et les services publics, \u00e7a co\u00fbte plus cher, \u00e7a donne de moins bons r\u00e9sultats et \u00e7a pose toutes sortes de risques pour la s\u00e9curit\u00e9. Qui en fait les frais? Le gouvernement et les contribuables&nbsp;\u00bb, conclut Chris Aylward.<\/p>\n\n\n\n<p>Source : <a href=\"http:\/\/syndicatafpc.ca\/budget-2021-investissement-historique-services?_ga=2.17476793.1083720441.1618837429-1121130890.1580157739\">Budget 2021 : investissement historique dans les services de garde et salaire minimum \u00e0 15 $ | Alliance de la Fonction publique du Canada (syndicatafpc.ca)<\/a><\/p>\n","protected":false},"excerpt":{"rendered":"<p>19 avril 2021 L\u2019AFPC accueille favorablement les mesures prises par le gouvernement f\u00e9d\u00e9ral dans son budget&nbsp;2021 pour r\u00e9pondre aux besoins des Canadiennes et Canadiens les plus durement touch\u00e9s par la pand\u00e9mie. Notre syndicat est \u00e9galement tr\u00e8s heureux de l\u2019investissement significatif consenti aux services de garde d\u2019enfants, de l\u2019engagement \u00e0 \u00e9tablir enfin le salaire minimum \u00e0 &hellip; <\/p>\n<p class=\"link-more\"><a href=\"https:\/\/www.unesen.ca\/press\/?p=9153&#038;lang=fr\" class=\"more-link\">>><span class=\"screen-reader-text\"> &#8220;Budget 2021 : investissement historique dans les services de garde et salaire minimum \u00e0 15 $&#8221;<\/span><\/a><\/p>\n","protected":false},"author":6,"featured_media":0,"comment_status":"closed","ping_status":"open","sticky":false,"template":"","format":"standard","meta":{"_links_to":"","_links_to_target":""},"categories":[],"tags":[],"_links":{"self":[{"href":"https:\/\/www.unesen.ca\/press\/index.php?rest_route=\/wp\/v2\/posts\/9153"}],"collection":[{"href":"https:\/\/www.unesen.ca\/press\/index.php?rest_route=\/wp\/v2\/posts"}],"about":[{"href":"https:\/\/www.unesen.ca\/press\/index.php?rest_route=\/wp\/v2\/types\/post"}],"author":[{"embeddable":true,"href":"https:\/\/www.unesen.ca\/press\/index.php?rest_route=\/wp\/v2\/users\/6"}],"replies":[{"embeddable":true,"href":"https:\/\/www.unesen.ca\/press\/index.php?rest_route=%2Fwp%2Fv2%2Fcomments&post=9153"}],"version-history":[{"count":3,"href":"https:\/\/www.unesen.ca\/press\/index.php?rest_route=\/wp\/v2\/posts\/9153\/revisions"}],"predecessor-version":[{"id":9158,"href":"https:\/\/www.unesen.ca\/press\/index.php?rest_route=\/wp\/v2\/posts\/9153\/revisions\/9158"}],"wp:attachment":[{"href":"https:\/\/www.unesen.ca\/press\/index.php?rest_route=%2Fwp%2Fv2%2Fmedia&parent=9153"}],"wp:term":[{"taxonomy":"category","embeddable":true,"href":"https:\/\/www.unesen.ca\/press\/index.php?rest_route=%2Fwp%2Fv2%2Fcategories&post=9153"},{"taxonomy":"post_tag","embeddable":true,"href":"https:\/\/www.unesen.ca\/press\/index.php?rest_route=%2Fwp%2Fv2%2Ftags&post=9153"}],"curies":[{"name":"wp","href":"https:\/\/api.w.org\/{rel}","templated":true}]}}