{"id":9144,"date":"2021-04-19T08:10:12","date_gmt":"2021-04-19T13:10:12","guid":{"rendered":"http:\/\/fr.une-sen.org\/press\/?p=9144"},"modified":"2021-04-19T08:10:13","modified_gmt":"2021-04-19T13:10:13","slug":"les-gouvernements-doivent-vacciner-en-priorite-tous-les-travailleurs-de-premiere-ligne","status":"publish","type":"post","link":"https:\/\/www.unesen.ca\/press\/?p=9144&amp;lang=fr","title":{"rendered":"Les gouvernements doivent vacciner en priorit\u00e9 tous les travailleurs de premi\u00e8re ligne"},"content":{"rendered":"\n<figure class=\"wp-block-image size-large\"><img loading=\"lazy\" width=\"960\" height=\"400\" src=\"http:\/\/www.une-sen.org\/press\/wp-content\/uploads\/2021\/04\/20180828_psac_-_members_shoot21889-1.jpg\" alt=\"\" class=\"wp-image-9145\" srcset=\"https:\/\/www.unesen.ca\/press\/wp-content\/uploads\/2021\/04\/20180828_psac_-_members_shoot21889-1.jpg 960w, https:\/\/www.unesen.ca\/press\/wp-content\/uploads\/2021\/04\/20180828_psac_-_members_shoot21889-1-300x125.jpg 300w, https:\/\/www.unesen.ca\/press\/wp-content\/uploads\/2021\/04\/20180828_psac_-_members_shoot21889-1-768x320.jpg 768w\" sizes=\"(max-width: 767px) 89vw, (max-width: 1000px) 54vw, (max-width: 1071px) 543px, 580px\" \/><\/figure>\n\n\n\n<p>15 avril 2021<\/p>\n\n\n\n<p>L\u2019AFPC exhorte les gouvernements \u00e0 vacciner en priorit\u00e9 les travailleuses et travailleurs de premi\u00e8re ligne du Canada afin de limiter la propagation de la COVID-19.<\/p>\n\n\n\n<p>L\u2019AFPC repr\u00e9sente des milliers de travailleurs de premi\u00e8re ligne offrant des services essentiels. Pensons, notamment, aux agents des douanes, aux inspecteurs des aliments, aux agents de lib\u00e9ration conditionnelle, aux pompiers, aux employ\u00e9s de la Garde c\u00f4ti\u00e8re et \u00e0 tous ceux et celles qui travaillent sur les bases militaires et dans les p\u00e9nitenciers f\u00e9d\u00e9raux, les refuges pour sans-abri, les foyers collectifs et les usines de transformation de la viande.<\/p>\n\n\n\n<p>\u00c9tant contact \u00e9troit avec le public et d\u2019autres coll\u00e8gues, ces personnes salari\u00e9es risquent davantage de contracter la COVID-19 et de contribuer \u00e0 sa transmission dans leur collectivit\u00e9. Il est donc imp\u00e9ratif que les provinces et les territoires veillent le plus t\u00f4t possible \u00e0 la vaccination de ces travailleurs essentiels, conform\u00e9ment \u00e0 la&nbsp;<a href=\"https:\/\/www.canada.ca\/fr\/sante-publique\/services\/maladies\/2019-nouveau-coronavirus\/prevention-risques\/covid-19-vaccins-traitements\/deploiement-vaccin.html\" target=\"_blank\" rel=\"noreferrer noopener\">phase&nbsp;2 du calendrier de vaccination du gouvernement du Canada<\/a>.<\/p>\n\n\n\n<p>\u00ab&nbsp;Il incombe au gouvernement f\u00e9d\u00e9ral de prot\u00e9ger la sant\u00e9 et la s\u00e9curit\u00e9 de tous ses employ\u00e9s durant la pand\u00e9mie&nbsp;\u00bb, d\u00e9clare Chris Aylward, pr\u00e9sident national de l\u2019AFPC. \u00ab&nbsp;Ses ministres doivent, le plus t\u00f4t possible, exhorter les provinces et territoires \u00e0 acc\u00e9l\u00e9rer la vaccination de ces travailleurs de premi\u00e8re ligne, comme le recommande le calendrier de vaccination du gouvernement f\u00e9d\u00e9ral.&nbsp;\u00bb&nbsp;<\/p>\n\n\n\n<p>L\u2019AFPC et ses \u00c9l\u00e9ments, dont le&nbsp;<a href=\"https:\/\/www.ciu-sdi.ca\/fr\/2021\/03\/covid-19-vaccination-for-frontline-cbsa-officers-and-employees-letter-to-minister-blair\/\" target=\"_blank\" rel=\"noreferrer noopener\">Syndicat des Douanes et de l\u2019Immigration<\/a>&nbsp;(SDI) et le&nbsp;<a href=\"http:\/\/www.usje-sesj.com\/fr\/le-sesj-demande-l-acces-aux-vaccins-pour-tous-les-employes-de-premiere-ligne-du-service-correctionnel\" target=\"_blank\" rel=\"noreferrer noopener\">Syndicat des employ\u00e9-e-s de la S\u00e9curit\u00e9 et de la Justice<\/a>&nbsp;(SESJ), font d\u00e9j\u00e0 pression sur les gouvernements f\u00e9d\u00e9ral et provinciaux, et sur le ministre de la S\u00e9curit\u00e9 publique, Bill Blair, pour que nos membres soient vaccin\u00e9s en priorit\u00e9.<\/p>\n\n\n\n<p>\u00ab&nbsp;Le personnel de l\u2019Agence des services frontaliers du Canada (ASFC) continue son travail essentiel malgr\u00e9 les d\u00e9fis que pose la pand\u00e9mie&nbsp;\u00bb, souligne Jean-Pierre Fortin, pr\u00e9sident national du SDI qui repr\u00e9sente plus de 11\u2009000&nbsp;agents frontaliers et employ\u00e9s de l\u2019ASFC partout au pays. \u00ab&nbsp;Avec une troisi\u00e8me vague qui est bien en cours et la menace croissante que repr\u00e9sente les variants du virus, il est imp\u00e9ratif que les agents frontaliers de premi\u00e8re ligne, les premiers r\u00e9pondants et le personnel charg\u00e9 de l\u2019application de la loi partout au pays soient vaccin\u00e9s en priorit\u00e9.&nbsp;\u00bb<\/p>\n\n\n\n<p>D\u2019embl\u00e9e, quelques provinces ont donn\u00e9 la priorit\u00e9 \u00e0 la vaccination des travailleurs de premi\u00e8re ligne tandis que d&#8217;autres refusent encore de consid\u00e9rer de nombreux travailleurs de premi\u00e8re ligne comme essentiels dans le cadre de leurs plans de vaccination, cr\u00e9ant ainsi un syst\u00e8me disparate qui met en danger les travailleurs et la population qu\u2019ils servent. Selon les plans provinciaux de vaccination actuels, deux travailleurs, effectuant le m\u00eame travail et confront\u00e9s au m\u00eame risque d\u2019exposition \u00e0 la COVID-19, pourraient \u00eatre vaccin\u00e9s \u00e0 plusieurs mois d\u2019intervalle.&nbsp;<\/p>\n\n\n\n<p>\u00ab&nbsp;En ne vaccinant pas en priorit\u00e9 le personnel de premi\u00e8re ligne qui travaille quotidiennement avec les d\u00e9linquants f\u00e9d\u00e9raux, nous exposons des milliers de Canadiens \u00e0 un risque \u00e9lev\u00e9 et continu de contamination&nbsp;\u00bb, mentionne Stan Stapleton, pr\u00e9sident national du SESJ. Rappelons que ce syndicat repr\u00e9sente les fonctionnaires f\u00e9d\u00e9raux dans les programmes de r\u00e9adaptation et de lib\u00e9ration conditionnelle, dans les services d\u2019entretien, d\u2019alimentation et de soutien des p\u00e9nitenciers f\u00e9d\u00e9raux \u00e0 s\u00e9curit\u00e9 minimale, moyenne et maximale ainsi que des centres correctionnels et bureaux de lib\u00e9ration conditionnelle communautaires d\u2019un bout \u00e0 l\u2019autre du pays.<\/p>\n\n\n\n<p>L\u2019AFPC continue \u00e0 exercer des pressions sur le gouvernement f\u00e9d\u00e9ral pour qu\u2019il travaille en collaboration avec les autorit\u00e9s provinciales de sant\u00e9 publique afin que tous les travailleurs et travailleuses de premi\u00e8re ligne soient vaccin\u00e9s en priorit\u00e9 contre la COVID-19.<\/p>\n\n\n\n<p>Source : <a href=\"http:\/\/syndicatafpc.ca\/gouvernements-doivent-vacciner-en-priorite-tous?_ga=2.240371459.1083720441.1618837429-1121130890.1580157739\">Les gouvernements doivent vacciner en priorit\u00e9 tous les travailleurs de premi\u00e8re ligne | Alliance de la Fonction publique du Canada (syndicatafpc.ca)<\/a><\/p>\n\n\n\n<p><\/p>\n","protected":false},"excerpt":{"rendered":"<p>15 avril 2021 L\u2019AFPC exhorte les gouvernements \u00e0 vacciner en priorit\u00e9 les travailleuses et travailleurs de premi\u00e8re ligne du Canada afin de limiter la propagation de la COVID-19. L\u2019AFPC repr\u00e9sente des milliers de travailleurs de premi\u00e8re ligne offrant des services essentiels. Pensons, notamment, aux agents des douanes, aux inspecteurs des aliments, aux agents de lib\u00e9ration &hellip; <\/p>\n<p class=\"link-more\"><a href=\"https:\/\/www.unesen.ca\/press\/?p=9144&#038;lang=fr\" class=\"more-link\">>><span class=\"screen-reader-text\"> &#8220;Les gouvernements doivent vacciner en priorit\u00e9 tous les travailleurs de premi\u00e8re ligne&#8221;<\/span><\/a><\/p>\n","protected":false},"author":6,"featured_media":0,"comment_status":"closed","ping_status":"open","sticky":false,"template":"","format":"standard","meta":{"_links_to":"","_links_to_target":""},"categories":[],"tags":[],"_links":{"self":[{"href":"https:\/\/www.unesen.ca\/press\/index.php?rest_route=\/wp\/v2\/posts\/9144"}],"collection":[{"href":"https:\/\/www.unesen.ca\/press\/index.php?rest_route=\/wp\/v2\/posts"}],"about":[{"href":"https:\/\/www.unesen.ca\/press\/index.php?rest_route=\/wp\/v2\/types\/post"}],"author":[{"embeddable":true,"href":"https:\/\/www.unesen.ca\/press\/index.php?rest_route=\/wp\/v2\/users\/6"}],"replies":[{"embeddable":true,"href":"https:\/\/www.unesen.ca\/press\/index.php?rest_route=%2Fwp%2Fv2%2Fcomments&post=9144"}],"version-history":[{"count":3,"href":"https:\/\/www.unesen.ca\/press\/index.php?rest_route=\/wp\/v2\/posts\/9144\/revisions"}],"predecessor-version":[{"id":9148,"href":"https:\/\/www.unesen.ca\/press\/index.php?rest_route=\/wp\/v2\/posts\/9144\/revisions\/9148"}],"wp:attachment":[{"href":"https:\/\/www.unesen.ca\/press\/index.php?rest_route=%2Fwp%2Fv2%2Fmedia&parent=9144"}],"wp:term":[{"taxonomy":"category","embeddable":true,"href":"https:\/\/www.unesen.ca\/press\/index.php?rest_route=%2Fwp%2Fv2%2Fcategories&post=9144"},{"taxonomy":"post_tag","embeddable":true,"href":"https:\/\/www.unesen.ca\/press\/index.php?rest_route=%2Fwp%2Fv2%2Ftags&post=9144"}],"curies":[{"name":"wp","href":"https:\/\/api.w.org\/{rel}","templated":true}]}}