{"id":9089,"date":"2021-03-29T08:52:47","date_gmt":"2021-03-29T13:52:47","guid":{"rendered":"http:\/\/fr.une-sen.org\/press\/?p=9089"},"modified":"2021-03-29T08:52:49","modified_gmt":"2021-03-29T13:52:49","slug":"paiements-retroactifs-et-augmentations-de-salaire%e2%80%af-parcs-canada-avance-des-dates","status":"publish","type":"post","link":"https:\/\/www.unesen.ca\/press\/?p=9089&amp;lang=fr","title":{"rendered":"Paiements r\u00e9troactifs et augmentations de salaire\u202f: Parcs Canada avance des dates"},"content":{"rendered":"\n<figure class=\"wp-block-image size-large\"><img loading=\"lazy\" width=\"960\" height=\"400\" src=\"http:\/\/www.une-sen.org\/press\/wp-content\/uploads\/2021\/03\/parks_scrape_0-1.png\" alt=\"\" class=\"wp-image-9090\" srcset=\"https:\/\/www.unesen.ca\/press\/wp-content\/uploads\/2021\/03\/parks_scrape_0-1.png 960w, https:\/\/www.unesen.ca\/press\/wp-content\/uploads\/2021\/03\/parks_scrape_0-1-300x125.png 300w, https:\/\/www.unesen.ca\/press\/wp-content\/uploads\/2021\/03\/parks_scrape_0-1-768x320.png 768w\" sizes=\"(max-width: 767px) 89vw, (max-width: 1000px) 54vw, (max-width: 1071px) 543px, 580px\" \/><\/figure>\n\n\n\n<p>26 mars 2021<\/p>\n\n\n\n<p>Parcs Canada a&nbsp;communiqu\u00e9&nbsp;les dates auxquelles seront vers\u00e9s les diff\u00e9rents paiements d\u00e9coulant de la&nbsp;<a href=\"http:\/\/syndicatafpc.ca\/sites\/psac\/files\/attachments\/pdfs\/pca-ca-expire-2021-fr.pdf\" rel=\"noreferrer noopener\" target=\"_blank\">signature r\u00e9cente de la convention collective<\/a>.&nbsp;<\/p>\n\n\n\n<figure class=\"wp-block-table\"><table><tbody><tr><td>\u202f&nbsp;<\/td><td><strong>Signature\u202f\u202f&nbsp;<\/strong><\/td><td><strong>Augmentations et&nbsp;rajustements&nbsp;salariaux&nbsp;<\/strong><\/td><td><strong>Paiement r\u00e9troactif\u202f\u202f&nbsp;<\/strong><\/td><td><strong>Montant&nbsp;forfaitaire&nbsp;de 500\u202f$\u202f\u202f&nbsp;<\/strong><\/td><\/tr><tr><td>Membres&nbsp;de Parcs Canada&nbsp;&nbsp;<\/td><td>14\u202fjanvier\u202f2021&nbsp;&nbsp;<\/td><td>14 avril\u202f2021&nbsp;<\/td><td>12\u202fmai\u202f2021&nbsp;&nbsp;<\/td><td>26\u202fmai\u202f2021&nbsp;&nbsp;<\/td><\/tr><\/tbody><\/table><\/figure>\n\n\n\n<p>Il s\u2019agit d\u2019un&nbsp;calendrier provisoire&nbsp;que l\u2019employeur&nbsp;pourrait modifier.&nbsp;\u00c0 noter que le d\u00e9dommagement Ph\u00e9nix&nbsp;<a href=\"http:\/\/syndicatafpc.ca\/caractere-imposable-du-dedommagement-phenix?_ga=2.253764812.57683558.1616619694-944700863.1615900723\" rel=\"noreferrer noopener\" target=\"_blank\">a \u00e9t\u00e9 vers\u00e9 le 3\u202fmars<\/a>.&nbsp;<\/p>\n\n\n\n<p>Pour recevoir toute l\u2019information pertinente sur la mise en \u0153uvre des conventions collectives et le d\u00e9dommagement Ph\u00e9nix, assurez-vous que vos coordonn\u00e9es sont \u00e0 jour dans le&nbsp;<a href=\"http:\/\/syndicatafpc.ca\/user?_ga=2.256199887.57683558.1616619694-944700863.1615900723\" rel=\"noreferrer noopener\" target=\"_blank\">portail des membres<\/a>.&nbsp;<\/p>\n\n\n\n<h3>Aidez-nous&nbsp;\u00e0 pr\u00e9parer les prochaines n\u00e9gociations&nbsp;<\/h3>\n\n\n\n<p>Bient\u00f4t, l\u2019AFPC&nbsp;et Parcs Canada entameront une nouvelle ronde de n\u00e9go en vue de renouveler&nbsp;votre convention collective.&nbsp;Au c\u0153ur des pourparlers\u202f: l\u2019avenir du travail \u00e0 la fonction publique f\u00e9d\u00e9rale. Aidez-nous \u00e0 choisir les questions que nous pr\u00e9senterons \u00e0 la table de n\u00e9gociation&nbsp;<a href=\"http:\/\/syndicatafpc.ca\/membres-parcs-canada-lacia-aidez-nous-faconner?_ga=2.253182925.57683558.1616619694-944700863.1615900723\" rel=\"noreferrer noopener\" target=\"_blank\">en r\u00e9pondant au sondage<\/a>!&nbsp;&nbsp;<\/p>\n\n\n\n<p>15\u202fminutes, c\u2019est tout ce qu\u2019il faut pour&nbsp;nousnous&nbsp;faire part de vos pr\u00e9occupations&nbsp;ici.&nbsp;Votre opinion compte!&nbsp;Dites-nous ce qui a chang\u00e9 au cours de la derni\u00e8re ann\u00e9e.&nbsp;Et parlez-nous de vous pour que nous puissions n\u00e9gocier un contrat de travail qui tient compte des besoins de tous nos membres, sans exception.&nbsp;Vous avez jusqu\u2019au&nbsp;<strong>9\u202favril\u202f2021<\/strong>&nbsp;pour r\u00e9pondre au <a rel=\"noreferrer noopener\" href=\"https:\/\/www.surveymonkey.com\/r\/ParcsCanada2021\" target=\"_blank\">sondage<\/a>.<\/p>\n\n\n\n<p>Source : <a href=\"http:\/\/syndicatafpc.ca\/paiements-retroactifs-augmentations-salaire-parcs?_ga=2.169358177.1772458125.1617021001-1121130890.1580157739\">Paiements r\u00e9troactifs et augmentations de salaire\u202f: Parcs Canada avance des dates | Alliance de la Fonction publique du Canada (syndicatafpc.ca)<\/a><\/p>\n","protected":false},"excerpt":{"rendered":"<p>26 mars 2021 Parcs Canada a&nbsp;communiqu\u00e9&nbsp;les dates auxquelles seront vers\u00e9s les diff\u00e9rents paiements d\u00e9coulant de la&nbsp;signature r\u00e9cente de la convention collective.&nbsp; \u202f&nbsp; Signature\u202f\u202f&nbsp; Augmentations et&nbsp;rajustements&nbsp;salariaux&nbsp; Paiement r\u00e9troactif\u202f\u202f&nbsp; Montant&nbsp;forfaitaire&nbsp;de 500\u202f$\u202f\u202f&nbsp; Membres&nbsp;de Parcs Canada&nbsp;&nbsp; 14\u202fjanvier\u202f2021&nbsp;&nbsp; 14 avril\u202f2021&nbsp; 12\u202fmai\u202f2021&nbsp;&nbsp; 26\u202fmai\u202f2021&nbsp;&nbsp; Il s\u2019agit d\u2019un&nbsp;calendrier provisoire&nbsp;que l\u2019employeur&nbsp;pourrait modifier.&nbsp;\u00c0 noter que le d\u00e9dommagement Ph\u00e9nix&nbsp;a \u00e9t\u00e9 vers\u00e9 le 3\u202fmars.&nbsp; Pour recevoir toute &hellip; <\/p>\n<p class=\"link-more\"><a href=\"https:\/\/www.unesen.ca\/press\/?p=9089&#038;lang=fr\" class=\"more-link\">>><span class=\"screen-reader-text\"> &#8220;Paiements r\u00e9troactifs et augmentations de salaire\u202f: Parcs Canada avance des dates&#8221;<\/span><\/a><\/p>\n","protected":false},"author":6,"featured_media":0,"comment_status":"closed","ping_status":"open","sticky":false,"template":"","format":"standard","meta":{"_links_to":"","_links_to_target":""},"categories":[],"tags":[],"_links":{"self":[{"href":"https:\/\/www.unesen.ca\/press\/index.php?rest_route=\/wp\/v2\/posts\/9089"}],"collection":[{"href":"https:\/\/www.unesen.ca\/press\/index.php?rest_route=\/wp\/v2\/posts"}],"about":[{"href":"https:\/\/www.unesen.ca\/press\/index.php?rest_route=\/wp\/v2\/types\/post"}],"author":[{"embeddable":true,"href":"https:\/\/www.unesen.ca\/press\/index.php?rest_route=\/wp\/v2\/users\/6"}],"replies":[{"embeddable":true,"href":"https:\/\/www.unesen.ca\/press\/index.php?rest_route=%2Fwp%2Fv2%2Fcomments&post=9089"}],"version-history":[{"count":3,"href":"https:\/\/www.unesen.ca\/press\/index.php?rest_route=\/wp\/v2\/posts\/9089\/revisions"}],"predecessor-version":[{"id":9094,"href":"https:\/\/www.unesen.ca\/press\/index.php?rest_route=\/wp\/v2\/posts\/9089\/revisions\/9094"}],"wp:attachment":[{"href":"https:\/\/www.unesen.ca\/press\/index.php?rest_route=%2Fwp%2Fv2%2Fmedia&parent=9089"}],"wp:term":[{"taxonomy":"category","embeddable":true,"href":"https:\/\/www.unesen.ca\/press\/index.php?rest_route=%2Fwp%2Fv2%2Fcategories&post=9089"},{"taxonomy":"post_tag","embeddable":true,"href":"https:\/\/www.unesen.ca\/press\/index.php?rest_route=%2Fwp%2Fv2%2Ftags&post=9089"}],"curies":[{"name":"wp","href":"https:\/\/api.w.org\/{rel}","templated":true}]}}