{"id":907,"date":"2012-05-09T12:33:04","date_gmt":"2012-05-09T16:33:04","guid":{"rendered":"http:\/\/www.une-sen.org\/press\/?p=907"},"modified":"2014-02-25T19:00:21","modified_gmt":"2014-02-25T19:00:21","slug":"feuillets-dinformation-sur-le-re","status":"publish","type":"post","link":"https:\/\/www.unesen.ca\/press\/?p=907&amp;lang=fr","title":{"rendered":"Feuillets d&#8217;information sur le RE"},"content":{"rendered":"<p><img loading=\"lazy\" class=\"alignnone size-full wp-image-908\" title=\"wfa_fc_f\" alt=\"\" src=\"http:\/\/www.une-sen.org\/press\/wp-content\/uploads\/2012\/05\/wfa_fc_f.jpg\" width=\"541\" height=\"360\" border=\"0\" srcset=\"https:\/\/www.unesen.ca\/press\/wp-content\/uploads\/2012\/05\/wfa_fc_f.jpg 541w, https:\/\/www.unesen.ca\/press\/wp-content\/uploads\/2012\/05\/wfa_fc_f-300x199.jpg 300w\" sizes=\"(max-width: 541px) 100vw, 541px\" \/><\/p>\n<p>Le Syndicat des employ\u00e9es et employ\u00e9s nationaux a r\u00e9cemment cr\u00e9\u00e9 deux feuillets d&#8217;information sur le r\u00e9am\u00e9nagement des effectifs : un \u00e0 l\u2019intention des employ\u00e9es et employ\u00e9s du Conseil du Tr\u00e9sor, et l&#8217;autre pour les employ\u00e9es et employ\u00e9s de Parcs Canada. On peut consulter ces feuillets d&#8217;information dans la section R\u00e9am\u00e9nagement des effectifs \u2014 ressources pour les sections locales \u2014 sur notre site Web. On trouve \u00e9galement bon nombre de liens vers des documents sur le RE produits par l\u2019AFPC.<\/p>\n<p>Nombreuses sont les sections locales qui ont d\u00e9j\u00e0 utilis\u00e9 nos feuillets d&#8217;information pour aider leurs membres. Anna Roosen-Runge, de la section locale 00137, a trouv\u00e9 les feuillets d&#8217;information tr\u00e8s utiles lundi lorsque plusieurs membres ont re\u00e7u des lettres les informant de leur statut d\u2019employ\u00e9e ou d\u2019employ\u00e9 touch\u00e9(e) ou de fonctionnaires exc\u00e9dentaires. \u00ab Je crois que cette nouvelle version sera tr\u00e8s utile pour notre section locale \u00bb, a dit notre cons\u0153ur.<\/p>\n<p>Au Syndicat des employ\u00e9es et employ\u00e9s nationaux, nous sommes plus que jamais d\u00e9termin\u00e9s \u00e0 aider de notre mieux nos membres \u2014 et les dirigeantes et dirigeants des sections locales qui les soutiennent. Si vous \u00eates un membre et avez besoin d&#8217;aide, veuillez communiquer avec <a href=\"..\/who_we_are\/locals\/\">un membre de l\u2019ex\u00e9cutif de votre section locale<\/a>. Les dirigeantes et dirigeants des sections locales qui ont eux m\u00eames besoin d&#8217;aide devraient communiquer avec un membre de leur <a href=\"..\/who_we_are\/regions\/\">\u00e9quipe r\u00e9gionale<\/a>.<\/p>\n<table border=\"0\" cellspacing=\"0\" cellpadding=\"3\">\n<tbody>\n<tr>\n<td width=\"18\"><img loading=\"lazy\" class=\"alignnone size-full wp-image-266\" title=\"pdf\" alt=\"pdf\" src=\"http:\/\/www.une-sen.org\/press\/wp-content\/uploads\/2012\/03\/pdf.gif\" width=\"18\" height=\"20\" \/><\/td>\n<td width=\"530\"><a href=\"http:\/\/www.une-sen.org\/featured\/news\/CT_RE_f.pdf\">Feuillet d\u2019information sur le RE \u00e0 l\u2019intention des employ\u00e9es et employ\u00e9s de Parcs Canada<\/a><\/td>\n<\/tr>\n<tr>\n<td><img loading=\"lazy\" title=\"pdf\" alt=\"pdf\" src=\"http:\/\/www.une-sen.org\/press\/wp-content\/uploads\/2012\/03\/pdf.gif\" width=\"18\" height=\"20\" \/><\/td>\n<td><a href=\"http:\/\/www.une-sen.org\/featured\/news\/Parcs_RE_f.pdf\">Feuillet d\u2019information sur le RE \u00e0 l\u2019intention des employ\u00e9es et employ\u00e9s du Conseil du Tr\u00e9sor<\/a><\/td>\n<\/tr>\n<\/tbody>\n<\/table>\n<p>&nbsp;<\/p>\n<hr \/>\n","protected":false},"excerpt":{"rendered":"<p>Le Syndicat des employ\u00e9es et employ\u00e9s nationaux a r\u00e9cemment cr\u00e9\u00e9 deux feuillets d&#8217;information sur le r\u00e9am\u00e9nagement des effectifs : un \u00e0 l\u2019intention des employ\u00e9es et employ\u00e9s du Conseil du Tr\u00e9sor, et l&#8217;autre pour les employ\u00e9es et employ\u00e9s de Parcs Canada. On peut consulter ces feuillets d&#8217;information dans la section R\u00e9am\u00e9nagement des effectifs \u2014 ressources pour &hellip; <\/p>\n<p class=\"link-more\"><a href=\"https:\/\/www.unesen.ca\/press\/?p=907&#038;lang=fr\" class=\"more-link\">>><span class=\"screen-reader-text\"> &#8220;Feuillets d&#8217;information sur le RE&#8221;<\/span><\/a><\/p>\n","protected":false},"author":3,"featured_media":0,"comment_status":"open","ping_status":"open","sticky":false,"template":"","format":"standard","meta":{"_links_to":"","_links_to_target":""},"categories":[],"tags":[],"_links":{"self":[{"href":"https:\/\/www.unesen.ca\/press\/index.php?rest_route=\/wp\/v2\/posts\/907"}],"collection":[{"href":"https:\/\/www.unesen.ca\/press\/index.php?rest_route=\/wp\/v2\/posts"}],"about":[{"href":"https:\/\/www.unesen.ca\/press\/index.php?rest_route=\/wp\/v2\/types\/post"}],"author":[{"embeddable":true,"href":"https:\/\/www.unesen.ca\/press\/index.php?rest_route=\/wp\/v2\/users\/3"}],"replies":[{"embeddable":true,"href":"https:\/\/www.unesen.ca\/press\/index.php?rest_route=%2Fwp%2Fv2%2Fcomments&post=907"}],"version-history":[{"count":1,"href":"https:\/\/www.unesen.ca\/press\/index.php?rest_route=\/wp\/v2\/posts\/907\/revisions"}],"predecessor-version":[{"id":3544,"href":"https:\/\/www.unesen.ca\/press\/index.php?rest_route=\/wp\/v2\/posts\/907\/revisions\/3544"}],"wp:attachment":[{"href":"https:\/\/www.unesen.ca\/press\/index.php?rest_route=%2Fwp%2Fv2%2Fmedia&parent=907"}],"wp:term":[{"taxonomy":"category","embeddable":true,"href":"https:\/\/www.unesen.ca\/press\/index.php?rest_route=%2Fwp%2Fv2%2Fcategories&post=907"},{"taxonomy":"post_tag","embeddable":true,"href":"https:\/\/www.unesen.ca\/press\/index.php?rest_route=%2Fwp%2Fv2%2Ftags&post=907"}],"curies":[{"name":"wp","href":"https:\/\/api.w.org\/{rel}","templated":true}]}}