{"id":9027,"date":"2021-03-18T13:47:50","date_gmt":"2021-03-18T18:47:50","guid":{"rendered":"http:\/\/fr.une-sen.org\/press\/?p=9027"},"modified":"2021-03-18T13:47:52","modified_gmt":"2021-03-18T18:47:52","slug":"journee-internationale-de-la-francophonie-3","status":"publish","type":"post","link":"https:\/\/www.unesen.ca\/press\/?p=9027&amp;lang=fr","title":{"rendered":"Journ\u00e9e internationale de la Francophonie"},"content":{"rendered":"\n<figure class=\"wp-block-image size-large\"><img loading=\"lazy\" width=\"1024\" height=\"538\" src=\"http:\/\/www.une-sen.org\/press\/wp-content\/uploads\/2021\/03\/Francophonie-f-1024x538.png\" alt=\"\" class=\"wp-image-9028\" srcset=\"https:\/\/www.unesen.ca\/press\/wp-content\/uploads\/2021\/03\/Francophonie-f-1024x538.png 1024w, https:\/\/www.unesen.ca\/press\/wp-content\/uploads\/2021\/03\/Francophonie-f-300x158.png 300w, https:\/\/www.unesen.ca\/press\/wp-content\/uploads\/2021\/03\/Francophonie-f-768x403.png 768w, https:\/\/www.unesen.ca\/press\/wp-content\/uploads\/2021\/03\/Francophonie-f.png 1200w\" sizes=\"(max-width: 767px) 89vw, (max-width: 1000px) 54vw, (max-width: 1071px) 543px, 580px\" \/><\/figure>\n\n\n\n<p>18 mars 2021<\/p>\n\n\n\n<p>Pour la journ\u00e9e internationale de la Francophonie du 20 mars 2021, les membres du Comit\u00e9 des francophones du Syndicat des employ\u00e9es et employ\u00e9s nationaux (SEN) de l\u2019AFPC, souhaitent souligner la contribution exceptionnelle des alli\u00e9\u00b7e\u00b7s de son \u00e9l\u00e9ment pour le respect des langues officielles.<\/p>\n\n\n\n<p>Pour le respect de vos droits, on vous invite \u00e0 prendre action dans vos milieux de travail.<\/p>\n\n\n\n<p>Pour conna\u00eetre les activit\u00e9s de votre r\u00e9gion, consultez ce lien : <a href=\"https:\/\/rvf.ca\" target=\"_blank\" rel=\"noreferrer noopener\">https:\/\/rvf.ca<\/a><\/p>\n","protected":false},"excerpt":{"rendered":"<p>18 mars 2021 Pour la journ\u00e9e internationale de la Francophonie du 20 mars 2021, les membres du Comit\u00e9 des francophones du Syndicat des employ\u00e9es et employ\u00e9s nationaux (SEN) de l\u2019AFPC, souhaitent souligner la contribution exceptionnelle des alli\u00e9\u00b7e\u00b7s de son \u00e9l\u00e9ment pour le respect des langues officielles. Pour le respect de vos droits, on vous invite &hellip; <\/p>\n<p class=\"link-more\"><a href=\"https:\/\/www.unesen.ca\/press\/?p=9027&#038;lang=fr\" class=\"more-link\">>><span class=\"screen-reader-text\"> &#8220;Journ\u00e9e internationale de la Francophonie&#8221;<\/span><\/a><\/p>\n","protected":false},"author":6,"featured_media":0,"comment_status":"closed","ping_status":"open","sticky":false,"template":"","format":"standard","meta":{"_links_to":"","_links_to_target":""},"categories":[],"tags":[],"_links":{"self":[{"href":"https:\/\/www.unesen.ca\/press\/index.php?rest_route=\/wp\/v2\/posts\/9027"}],"collection":[{"href":"https:\/\/www.unesen.ca\/press\/index.php?rest_route=\/wp\/v2\/posts"}],"about":[{"href":"https:\/\/www.unesen.ca\/press\/index.php?rest_route=\/wp\/v2\/types\/post"}],"author":[{"embeddable":true,"href":"https:\/\/www.unesen.ca\/press\/index.php?rest_route=\/wp\/v2\/users\/6"}],"replies":[{"embeddable":true,"href":"https:\/\/www.unesen.ca\/press\/index.php?rest_route=%2Fwp%2Fv2%2Fcomments&post=9027"}],"version-history":[{"count":1,"href":"https:\/\/www.unesen.ca\/press\/index.php?rest_route=\/wp\/v2\/posts\/9027\/revisions"}],"predecessor-version":[{"id":9029,"href":"https:\/\/www.unesen.ca\/press\/index.php?rest_route=\/wp\/v2\/posts\/9027\/revisions\/9029"}],"wp:attachment":[{"href":"https:\/\/www.unesen.ca\/press\/index.php?rest_route=%2Fwp%2Fv2%2Fmedia&parent=9027"}],"wp:term":[{"taxonomy":"category","embeddable":true,"href":"https:\/\/www.unesen.ca\/press\/index.php?rest_route=%2Fwp%2Fv2%2Fcategories&post=9027"},{"taxonomy":"post_tag","embeddable":true,"href":"https:\/\/www.unesen.ca\/press\/index.php?rest_route=%2Fwp%2Fv2%2Ftags&post=9027"}],"curies":[{"name":"wp","href":"https:\/\/api.w.org\/{rel}","templated":true}]}}