{"id":9014,"date":"2021-03-15T14:21:51","date_gmt":"2021-03-15T19:21:51","guid":{"rendered":"http:\/\/fr.une-sen.org\/press\/?p=9014"},"modified":"2021-03-15T14:21:53","modified_gmt":"2021-03-15T19:21:53","slug":"membres-de-parcs-canada-et-de-lacia-aidez-nous-a-faconner-lavenir-du-travail-a-la-fonction-publique","status":"publish","type":"post","link":"https:\/\/www.unesen.ca\/press\/?p=9014&amp;lang=fr","title":{"rendered":"Membres de Parcs Canada et de l\u2019ACIA? Aidez-nous \u00e0 fa\u00e7onner l\u2019avenir du travail \u00e0 la fonction publique"},"content":{"rendered":"\n<figure class=\"wp-block-image size-large\"><img loading=\"lazy\" width=\"960\" height=\"400\" src=\"http:\/\/www.une-sen.org\/press\/wp-content\/uploads\/2021\/03\/bargain-pattern-grey_3_2-1.png\" alt=\"\" class=\"wp-image-9015\" srcset=\"https:\/\/www.unesen.ca\/press\/wp-content\/uploads\/2021\/03\/bargain-pattern-grey_3_2-1.png 960w, https:\/\/www.unesen.ca\/press\/wp-content\/uploads\/2021\/03\/bargain-pattern-grey_3_2-1-300x125.png 300w, https:\/\/www.unesen.ca\/press\/wp-content\/uploads\/2021\/03\/bargain-pattern-grey_3_2-1-768x320.png 768w\" sizes=\"(max-width: 767px) 89vw, (max-width: 1000px) 54vw, (max-width: 1071px) 543px, 580px\" \/><\/figure>\n\n\n\n<p>15 mars 2021<\/p>\n\n\n\n<p>La pand\u00e9mie a boulevers\u00e9 la fa\u00e7on dont travaillent les membres de l\u2019AFPC. T\u00e9l\u00e9travail ou nouvelles mesures sanitaires au bureau, changements technologiques; effets de l\u2019incertitude \u00e9conomique sur la s\u00e9curit\u00e9 d\u2019emploi; grandes in\u00e9galit\u00e9s qui perdurent pour les femmes, les travailleuses et travailleurs racialis\u00e9s et d\u2019autres groupes marginalis\u00e9s&#8230; Voil\u00e0 quelques-uns des enjeux auxquels nous pourrons nous attaquer durant le prochain cycle de n\u00e9gociations qui d\u00e9butera cet \u00e9t\u00e9.<\/p>\n\n\n\n<p><strong>Au c\u0153ur des pourparlers&nbsp;: l\u2019avenir du travail \u00e0 la fonction publique f\u00e9d\u00e9rale. Aidez-nous \u00e0 choisir les questions que nous pr\u00e9senterons \u00e0 la table de n\u00e9gociation en r\u00e9pondant au sondage!<\/strong><\/p>\n\n\n\n<p>Tous les membres de l\u2019AFPC des groupes de l\u2019<a href=\"http:\/\/syndicatafpc.ca\/parcs-canada\" target=\"_blank\" rel=\"noreferrer noopener\"><strong>Agence Parcs Canada<\/strong><\/a>&nbsp;et de l\u2019<a href=\"http:\/\/syndicatafpc.ca\/agence-canadienne-dinspection-aliments\" target=\"_blank\" rel=\"noreferrer noopener\"><strong>Agence canadienne d\u2019inspection des aliments<\/strong><\/a>&nbsp;sont invit\u00e9s \u00e0 participer au sondage&nbsp;<strong>d\u2019ici le 9 avril<\/strong>.<\/p>\n\n\n\n<p>Quinze minutes. C\u2019est tout le temps n\u00e9cessaire pour&nbsp;<a href=\"https:\/\/www.surveymonkey.com\/r\/ParcsCanada2021\" target=\"_blank\" rel=\"noreferrer noopener\"><strong>remplir le sondage de l\u2019Agence Parcs Canada<\/strong><\/a>&nbsp;ou de&nbsp;<a href=\"https:\/\/www.surveymonkey.com\/r\/ACIA2021\" target=\"_blank\" rel=\"noreferrer noopener\"><strong>l\u2019Agence canadienne d\u2019inspection des aliments<\/strong><\/a>&nbsp;et nous faire part de vos pr\u00e9occupations.&nbsp;<strong>Votre opinion compte!<\/strong>&nbsp;Dites-nous ce qui a chang\u00e9 au cours de la derni\u00e8re ann\u00e9e. Et parlez-nous de vous pour que nous puissions n\u00e9gocier un contrat de travail qui tient compte des besoins de tous nos membres, sans exception.<\/p>\n\n\n\n<p><strong>Votre participation au&nbsp;<a href=\"https:\/\/www.surveymonkey.com\/r\/ParcsCanada2021\" target=\"_blank\" rel=\"noreferrer noopener\">sondage de Parcs Canada<\/a>&nbsp;ou de&nbsp;<a href=\"https:\/\/www.surveymonkey.com\/r\/ACIA2021\" target=\"_blank\" rel=\"noreferrer noopener\">l&#8217;ACIA<\/a>&nbsp;et au processus de n\u00e9gociation est essentielle \u00e0 notre r\u00e9ussite lors de la prochaine ronde de n\u00e9gociations.<\/strong><\/p>\n\n\n\n<p>Vos propositions, visant \u00e0 am\u00e9liorer votre convention collective, seront examin\u00e9es par votre \u00c9l\u00e9ment et l\u2019AFPC, puis discut\u00e9es en m\u00eame temps que les r\u00e9sultats du sondage lors de la conf\u00e9rence sur la n\u00e9gociation\u00a0\u2013 cette assembl\u00e9e o\u00f9 des membres d\u00e9l\u00e9gu\u00e9s de partout au pays choisissent les priorit\u00e9s de n\u00e9gociation.<\/p>\n\n\n\n<p>Les conventions collectives en cours viennent \u00e0 \u00e9ch\u00e9ance aux dates suivantes&nbsp;:<\/p>\n\n\n\n<p><strong>Parcs<\/strong>&nbsp;: 4&nbsp;ao\u00fbt&nbsp;2021<br><strong>ACIA<\/strong>&nbsp;: 31&nbsp;d\u00e9cembre&nbsp;2021<\/p>\n\n\n\n<p>Assurez-vous que vos coordonn\u00e9es sont \u00e0 jour&nbsp;<a href=\"http:\/\/syndicatafpc.ca\/user?_ga\" target=\"_blank\" rel=\"noreferrer noopener\"><strong>dans le portail des membres<\/strong><\/a>&nbsp;pour vous tenir au courant de la n\u00e9gociation de votre prochain contrat de travail.<\/p>\n\n\n\n<p>Source : <a href=\"http:\/\/syndicatafpc.ca\/membres-parcs-canada-lacia-aidez-nous-faconner?_ga=2.107230466.1235572941.1615832873-1121130890.1580157739\">Membres de Parcs Canada et de l\u2019ACIA? Aidez-nous \u00e0 fa\u00e7onner l\u2019avenir du travail \u00e0 la fonction publique | Alliance de la Fonction publique du Canada (syndicatafpc.ca)<\/a><\/p>\n\n\n\n<p><\/p>\n","protected":false},"excerpt":{"rendered":"<p>15 mars 2021 La pand\u00e9mie a boulevers\u00e9 la fa\u00e7on dont travaillent les membres de l\u2019AFPC. T\u00e9l\u00e9travail ou nouvelles mesures sanitaires au bureau, changements technologiques; effets de l\u2019incertitude \u00e9conomique sur la s\u00e9curit\u00e9 d\u2019emploi; grandes in\u00e9galit\u00e9s qui perdurent pour les femmes, les travailleuses et travailleurs racialis\u00e9s et d\u2019autres groupes marginalis\u00e9s&#8230; Voil\u00e0 quelques-uns des enjeux auxquels nous pourrons &hellip; <\/p>\n<p class=\"link-more\"><a href=\"https:\/\/www.unesen.ca\/press\/?p=9014&#038;lang=fr\" class=\"more-link\">>><span class=\"screen-reader-text\"> &#8220;Membres de Parcs Canada et de l\u2019ACIA? Aidez-nous \u00e0 fa\u00e7onner l\u2019avenir du travail \u00e0 la fonction publique&#8221;<\/span><\/a><\/p>\n","protected":false},"author":6,"featured_media":0,"comment_status":"closed","ping_status":"open","sticky":false,"template":"","format":"standard","meta":{"_links_to":"","_links_to_target":""},"categories":[],"tags":[],"_links":{"self":[{"href":"https:\/\/www.unesen.ca\/press\/index.php?rest_route=\/wp\/v2\/posts\/9014"}],"collection":[{"href":"https:\/\/www.unesen.ca\/press\/index.php?rest_route=\/wp\/v2\/posts"}],"about":[{"href":"https:\/\/www.unesen.ca\/press\/index.php?rest_route=\/wp\/v2\/types\/post"}],"author":[{"embeddable":true,"href":"https:\/\/www.unesen.ca\/press\/index.php?rest_route=\/wp\/v2\/users\/6"}],"replies":[{"embeddable":true,"href":"https:\/\/www.unesen.ca\/press\/index.php?rest_route=%2Fwp%2Fv2%2Fcomments&post=9014"}],"version-history":[{"count":3,"href":"https:\/\/www.unesen.ca\/press\/index.php?rest_route=\/wp\/v2\/posts\/9014\/revisions"}],"predecessor-version":[{"id":9022,"href":"https:\/\/www.unesen.ca\/press\/index.php?rest_route=\/wp\/v2\/posts\/9014\/revisions\/9022"}],"wp:attachment":[{"href":"https:\/\/www.unesen.ca\/press\/index.php?rest_route=%2Fwp%2Fv2%2Fmedia&parent=9014"}],"wp:term":[{"taxonomy":"category","embeddable":true,"href":"https:\/\/www.unesen.ca\/press\/index.php?rest_route=%2Fwp%2Fv2%2Fcategories&post=9014"},{"taxonomy":"post_tag","embeddable":true,"href":"https:\/\/www.unesen.ca\/press\/index.php?rest_route=%2Fwp%2Fv2%2Ftags&post=9014"}],"curies":[{"name":"wp","href":"https:\/\/api.w.org\/{rel}","templated":true}]}}