{"id":9000,"date":"2021-03-15T07:50:14","date_gmt":"2021-03-15T12:50:14","guid":{"rendered":"http:\/\/fr.une-sen.org\/press\/?p=9000"},"modified":"2021-03-15T07:50:16","modified_gmt":"2021-03-15T12:50:16","slug":"declaration-du-president-national-du-sen-a-la-suite-de-larticle-de-radio-canada-sur-le-racisme-et-la-discrimination-au-sein-de-rcaanc-de-sac-et-de-cannor","status":"publish","type":"post","link":"https:\/\/www.unesen.ca\/press\/?p=9000&amp;lang=fr","title":{"rendered":"D\u00e9claration du pr\u00e9sident national du SEN \u00e0 la suite de l\u2019article de Radio-Canada sur le racisme et la discrimination au sein de RCAANC, de SAC et de CanNor"},"content":{"rendered":"\n<figure class=\"wp-block-image size-large\"><img loading=\"lazy\" width=\"1024\" height=\"372\" src=\"http:\/\/www.une-sen.org\/press\/wp-content\/uploads\/2021\/03\/logo_with_type_f-1024x372.png\" alt=\"\" class=\"wp-image-9002\" srcset=\"https:\/\/www.unesen.ca\/press\/wp-content\/uploads\/2021\/03\/logo_with_type_f-1024x372.png 1024w, https:\/\/www.unesen.ca\/press\/wp-content\/uploads\/2021\/03\/logo_with_type_f-300x109.png 300w, https:\/\/www.unesen.ca\/press\/wp-content\/uploads\/2021\/03\/logo_with_type_f-768x279.png 768w, https:\/\/www.unesen.ca\/press\/wp-content\/uploads\/2021\/03\/logo_with_type_f-1536x559.png 1536w, https:\/\/www.unesen.ca\/press\/wp-content\/uploads\/2021\/03\/logo_with_type_f.png 2040w\" sizes=\"(max-width: 767px) 89vw, (max-width: 1000px) 54vw, (max-width: 1071px) 543px, 580px\" \/><\/figure>\n\n\n\n<p>15 mars 2021<\/p>\n\n\n\n<p><a href=\"https:\/\/ici.radio-canada.ca\/nouvelle\/1775055\/ministeres-services-autochtones-federal-discrimination-fonctionnaires\" target=\"_blank\" rel=\"noreferrer noopener\">L\u2019enqu\u00eate de Radio-Canada sur le racisme et la discrimination dans les minist\u00e8res au service des Premi\u00e8res Nations, des Inuits et des M\u00e9tis<\/a> n\u2019est rien de nouveau pour le&nbsp;SEN.<\/p>\n\n\n\n<p>Le minist\u00e8re des Relations Couronne-Autochtones et des Affaires du Nord&nbsp;(RCAANC), le minist\u00e8re des Services aux Autochtones Canada&nbsp;(SAC) et l\u2019Agence canadienne de d\u00e9veloppement \u00e9conomique du Nord&nbsp;(CanNor) fonctionnent toujours selon une approche postcoloniale.<br><br>Les situations frappantes en mati\u00e8re de dotation et le manque abject de possibilit\u00e9s d\u2019avancement professionnel auxquels nos membres autochtones font face, alors qu\u2019elles et ils travaillent dans ces minist\u00e8res et les agences de d\u00e9veloppement r\u00e9gional, illustrent une d\u00e9connexion de la r\u00e9alit\u00e9 des peuples autochtones au sein de la fonction publique du Canada et le manque de reconnaissance de leur travail.<\/p>\n\n\n\n<p>Nous sommes encourag\u00e9s de constater que <a href=\"https:\/\/ici.radio-canada.ca\/nouvelle\/1776716\/discrimination-fonctionnaires-autochtones-courriel-haute-direction\" target=\"_blank\" rel=\"noreferrer noopener\">la haute direction est pleinement consciente de la situation et envisage de la r\u00e9gler<\/a>.<\/p>\n\n\n\n<p>Le&nbsp;SEN sera toujours l\u00e0 pour d\u00e9fendre ses membres contre le racisme, la discrimination et toute forme de harc\u00e8lement au sein de ces lieux de travail f\u00e9d\u00e9raux.<\/p>\n\n\n\n<p>La promotion des voix autochtones, pour offrir des services dans les communaut\u00e9s autochtones d\u2019un bout \u00e0 l\u2019autre du pays, sera une bouff\u00e9e d\u2019air frais parmi la fonction publique f\u00e9d\u00e9rale et le&nbsp;SEN propose de participer au processus de planification pour y arriver, dans tous ces lieux de travail partout au Canada d\u2019un oc\u00e9an \u00e0 l\u2019autre.<\/p>\n\n\n\n<p>Kevin King<br>Pr\u00e9sident national du SEN<\/p>\n","protected":false},"excerpt":{"rendered":"<p>15 mars 2021 L\u2019enqu\u00eate de Radio-Canada sur le racisme et la discrimination dans les minist\u00e8res au service des Premi\u00e8res Nations, des Inuits et des M\u00e9tis n\u2019est rien de nouveau pour le&nbsp;SEN. Le minist\u00e8re des Relations Couronne-Autochtones et des Affaires du Nord&nbsp;(RCAANC), le minist\u00e8re des Services aux Autochtones Canada&nbsp;(SAC) et l\u2019Agence canadienne de d\u00e9veloppement \u00e9conomique du &hellip; <\/p>\n<p class=\"link-more\"><a href=\"https:\/\/www.unesen.ca\/press\/?p=9000&#038;lang=fr\" class=\"more-link\">>><span class=\"screen-reader-text\"> &#8220;D\u00e9claration du pr\u00e9sident national du SEN \u00e0 la suite de l\u2019article de Radio-Canada sur le racisme et la discrimination au sein de RCAANC, de SAC et de CanNor&#8221;<\/span><\/a><\/p>\n","protected":false},"author":6,"featured_media":0,"comment_status":"closed","ping_status":"open","sticky":false,"template":"","format":"standard","meta":{"_links_to":"","_links_to_target":""},"categories":[],"tags":[],"_links":{"self":[{"href":"https:\/\/www.unesen.ca\/press\/index.php?rest_route=\/wp\/v2\/posts\/9000"}],"collection":[{"href":"https:\/\/www.unesen.ca\/press\/index.php?rest_route=\/wp\/v2\/posts"}],"about":[{"href":"https:\/\/www.unesen.ca\/press\/index.php?rest_route=\/wp\/v2\/types\/post"}],"author":[{"embeddable":true,"href":"https:\/\/www.unesen.ca\/press\/index.php?rest_route=\/wp\/v2\/users\/6"}],"replies":[{"embeddable":true,"href":"https:\/\/www.unesen.ca\/press\/index.php?rest_route=%2Fwp%2Fv2%2Fcomments&post=9000"}],"version-history":[{"count":5,"href":"https:\/\/www.unesen.ca\/press\/index.php?rest_route=\/wp\/v2\/posts\/9000\/revisions"}],"predecessor-version":[{"id":9009,"href":"https:\/\/www.unesen.ca\/press\/index.php?rest_route=\/wp\/v2\/posts\/9000\/revisions\/9009"}],"wp:attachment":[{"href":"https:\/\/www.unesen.ca\/press\/index.php?rest_route=%2Fwp%2Fv2%2Fmedia&parent=9000"}],"wp:term":[{"taxonomy":"category","embeddable":true,"href":"https:\/\/www.unesen.ca\/press\/index.php?rest_route=%2Fwp%2Fv2%2Fcategories&post=9000"},{"taxonomy":"post_tag","embeddable":true,"href":"https:\/\/www.unesen.ca\/press\/index.php?rest_route=%2Fwp%2Fv2%2Ftags&post=9000"}],"curies":[{"name":"wp","href":"https:\/\/api.w.org\/{rel}","templated":true}]}}