{"id":8987,"date":"2021-03-08T08:55:17","date_gmt":"2021-03-08T13:55:17","guid":{"rendered":"http:\/\/fr.une-sen.org\/press\/?p=8987"},"modified":"2021-03-08T09:09:26","modified_gmt":"2021-03-08T14:09:26","slug":"journee-internationale-des-femmes-2021","status":"publish","type":"post","link":"https:\/\/www.unesen.ca\/press\/?p=8987&amp;lang=fr","title":{"rendered":"Journ\u00e9e internationale des femmes 2021"},"content":{"rendered":"\n<figure class=\"wp-block-image size-large\"><img loading=\"lazy\" width=\"1024\" height=\"538\" src=\"http:\/\/www.une-sen.org\/press\/wp-content\/uploads\/2021\/03\/IWD2021-f-1024x538.png\" alt=\"\" class=\"wp-image-8988\" srcset=\"https:\/\/www.unesen.ca\/press\/wp-content\/uploads\/2021\/03\/IWD2021-f-1024x538.png 1024w, https:\/\/www.unesen.ca\/press\/wp-content\/uploads\/2021\/03\/IWD2021-f-300x158.png 300w, https:\/\/www.unesen.ca\/press\/wp-content\/uploads\/2021\/03\/IWD2021-f-768x403.png 768w, https:\/\/www.unesen.ca\/press\/wp-content\/uploads\/2021\/03\/IWD2021-f.png 1200w\" sizes=\"(max-width: 767px) 89vw, (max-width: 1000px) 54vw, (max-width: 1071px) 543px, 580px\" \/><\/figure>\n\n\n\n<p>8 mars 2021<\/p>\n\n\n\n<p>La pand\u00e9mie de la COVID-19 est la plus grave crise de sant\u00e9 publique \u00e0 laquelle le Canada ait eu \u00e0 faire face. Elle r\u00e9v\u00e8le les lacunes fondamentales de notre soci\u00e9t\u00e9, par o\u00f9 sont touch\u00e9es nos populations d\u00e9j\u00e0 vuln\u00e9rables et en difficult\u00e9. Ces populations souffrent et sont dans le besoin, et parmi les personnes on compte beaucoup de femmes et d\u2019enfants. Les femmes ont \u00e9t\u00e9 en premi\u00e8re ligne dans cette crise; nombre d\u2019entre elles ont perdu leur emploi ou ont assum\u00e9 des responsabilit\u00e9s familiales suppl\u00e9mentaires. Les femmes sont plus nombreuses \u00e0 occuper des emplois essentiels dans cette crise, ce qui les expose au risque d\u2019infection et \u00e0 un stress \u00e9lev\u00e9. La pand\u00e9mie n\u2019est pas termin\u00e9e et ce dont nous avons besoin, en ce moment, c\u2019est juste d\u2019un peu de gentillesse et d\u2019un peu d\u2019aide lorsque nous constatons une in\u00e9galit\u00e9.<\/p>\n\n\n\n<p>Nous pouvons toutes et tous d\u00e9cider de remettre en question et de d\u00e9noncer les pr\u00e9jug\u00e9s et les in\u00e9galit\u00e9s entre les genres. Nous pouvons toutes et tous faire des recherches et c\u00e9l\u00e9brer les r\u00e9alisations des femmes. Collectivement, nous pouvons toutes et tous contribuer \u00e0 cr\u00e9er un monde inclusif.<\/p>\n\n\n\n<p>J\u2019aimerais lancer un d\u00e9fi \u00e0 toutes et \u00e0 tous les membres du SEN&nbsp;: d\u00e9noncer les in\u00e9galit\u00e9s d\u00e8s que nous les voyons. D\u00e9fendre ce qui est juste. Maya&nbsp;Angelou a dit&nbsp;: \u00ab\u2009Faites de votre mieux jusqu\u2019\u00e0 ce que vous sachiez mieux faire. Ensuite, quand vous saurez mieux faire, faites mieux.\u2009\u00bb Il suffit de faire un premier pas pour faire une diff\u00e9rence. Si la pand\u00e9mie de la COVID-19 nous a appris quelque chose, c\u2019est qu\u2019il reste encore beaucoup \u00e0 faire pour lutter contre les pr\u00e9jug\u00e9s sexistes et promouvoir l\u2019\u00e9galit\u00e9.<\/p>\n\n\n\n<p>Comme la chanson <em>We\u2019re Not Gonna Take It<\/em> des Twister&nbsp;Sister le dit&nbsp;:<\/p>\n\n\n\n<p><em>We&#8217;re not gonna take it<br>No, we ain&#8217;t gonna take it<br>We&#8217;re not gonna take it anymore!<\/em><\/p>\n\n\n\n<p>[On ne va plus l\u2019accepter<br>Non, on ne va plus l\u2019accepter<br>On ne va plus l\u2019accepter, c\u2019est fini!]<\/p>\n\n\n\n<p>Diana\u00a0Walker,<br>Repr\u00e9sentante nationale de l\u2019\u00e9quit\u00e9 pour les femmes du SEN<\/p>\n","protected":false},"excerpt":{"rendered":"<p>8 mars 2021 La pand\u00e9mie de la COVID-19 est la plus grave crise de sant\u00e9 publique \u00e0 laquelle le Canada ait eu \u00e0 faire face. Elle r\u00e9v\u00e8le les lacunes fondamentales de notre soci\u00e9t\u00e9, par o\u00f9 sont touch\u00e9es nos populations d\u00e9j\u00e0 vuln\u00e9rables et en difficult\u00e9. Ces populations souffrent et sont dans le besoin, et parmi les &hellip; <\/p>\n<p class=\"link-more\"><a href=\"https:\/\/www.unesen.ca\/press\/?p=8987&#038;lang=fr\" class=\"more-link\">>><span class=\"screen-reader-text\"> &#8220;Journ\u00e9e internationale des femmes 2021&#8221;<\/span><\/a><\/p>\n","protected":false},"author":6,"featured_media":0,"comment_status":"closed","ping_status":"open","sticky":false,"template":"","format":"standard","meta":{"_links_to":"","_links_to_target":""},"categories":[],"tags":[],"_links":{"self":[{"href":"https:\/\/www.unesen.ca\/press\/index.php?rest_route=\/wp\/v2\/posts\/8987"}],"collection":[{"href":"https:\/\/www.unesen.ca\/press\/index.php?rest_route=\/wp\/v2\/posts"}],"about":[{"href":"https:\/\/www.unesen.ca\/press\/index.php?rest_route=\/wp\/v2\/types\/post"}],"author":[{"embeddable":true,"href":"https:\/\/www.unesen.ca\/press\/index.php?rest_route=\/wp\/v2\/users\/6"}],"replies":[{"embeddable":true,"href":"https:\/\/www.unesen.ca\/press\/index.php?rest_route=%2Fwp%2Fv2%2Fcomments&post=8987"}],"version-history":[{"count":3,"href":"https:\/\/www.unesen.ca\/press\/index.php?rest_route=\/wp\/v2\/posts\/8987\/revisions"}],"predecessor-version":[{"id":8992,"href":"https:\/\/www.unesen.ca\/press\/index.php?rest_route=\/wp\/v2\/posts\/8987\/revisions\/8992"}],"wp:attachment":[{"href":"https:\/\/www.unesen.ca\/press\/index.php?rest_route=%2Fwp%2Fv2%2Fmedia&parent=8987"}],"wp:term":[{"taxonomy":"category","embeddable":true,"href":"https:\/\/www.unesen.ca\/press\/index.php?rest_route=%2Fwp%2Fv2%2Fcategories&post=8987"},{"taxonomy":"post_tag","embeddable":true,"href":"https:\/\/www.unesen.ca\/press\/index.php?rest_route=%2Fwp%2Fv2%2Ftags&post=8987"}],"curies":[{"name":"wp","href":"https:\/\/api.w.org\/{rel}","templated":true}]}}