{"id":8976,"date":"2021-03-03T08:21:46","date_gmt":"2021-03-03T13:21:46","guid":{"rendered":"http:\/\/fr.une-sen.org\/press\/?p=8976"},"modified":"2021-03-03T08:21:48","modified_gmt":"2021-03-03T13:21:48","slug":"dedommagement-phenix-pour-les-retraites-et-anciens-membres-de-lafpc","status":"publish","type":"post","link":"https:\/\/www.unesen.ca\/press\/?p=8976&amp;lang=fr","title":{"rendered":"D\u00e9dommagement Ph\u00e9nix pour les retrait\u00e9s et anciens membres de l\u2019AFPC"},"content":{"rendered":"\n<figure class=\"wp-block-image size-large\"><img loading=\"lazy\" width=\"960\" height=\"400\" src=\"http:\/\/www.une-sen.org\/press\/wp-content\/uploads\/2021\/03\/gettyimages-1125619170_2-1.jpg\" alt=\"\" class=\"wp-image-8977\" srcset=\"https:\/\/www.unesen.ca\/press\/wp-content\/uploads\/2021\/03\/gettyimages-1125619170_2-1.jpg 960w, https:\/\/www.unesen.ca\/press\/wp-content\/uploads\/2021\/03\/gettyimages-1125619170_2-1-300x125.jpg 300w, https:\/\/www.unesen.ca\/press\/wp-content\/uploads\/2021\/03\/gettyimages-1125619170_2-1-768x320.jpg 768w\" sizes=\"(max-width: 767px) 89vw, (max-width: 1000px) 54vw, (max-width: 1071px) 543px, 580px\" \/><\/figure>\n\n\n\n<p>2 mars 2021<\/p>\n\n\n\n<p>Alors que les membres de l\u2019AFPC s\u2019appr\u00eatent \u00e0&nbsp;<strong><a href=\"http:\/\/syndicatafpc.ca\/dedommagement-phenix-recu-bon-montant?_ga=2.197113388.1216407489.1614702073-1236042247.1568402190\" target=\"_blank\" rel=\"noreferrer noopener\">encaisser le d\u00e9dommagement g\u00e9n\u00e9ral pour les rat\u00e9s de Ph\u00e9nix le 3&nbsp;mars<\/a><\/strong>, les personnes qui ont quitt\u00e9 la fonction publique se demandent sans doute quand elles recevront \u00e0 leur tour le montant qui leur est d\u00fb.<\/p>\n\n\n\n<p>Les&nbsp;<strong><a href=\"https:\/\/www.canada.ca\/fr\/secretariat-conseil-tresor\/sujets\/remuneration\/systeme-paye-phenix\/phenix\/reclamer-dommages-causes-phenix-paiement-equivalent-conge.html#toc01\" target=\"_blank\" rel=\"noreferrer noopener\">anciens membres de l\u2019AFPC qui ont pris leur retraite ou qui ont chang\u00e9 d\u2019employeur<\/a><\/strong>&nbsp;ont droit \u00e0 un d\u00e9dommagement mon\u00e9taire pour toutes les ann\u00e9es o\u00f9 ils \u00e9taient admissibles, mais&nbsp;le montant ne leur sera pas vers\u00e9 automatiquement. Ils devront le r\u00e9clamer aupr\u00e8s du gouvernement en soumettant une demande d\u2019indemnisation g\u00e9n\u00e9rale. Cette r\u00e8gle s\u2019applique aussi \u00e0 la succession des anciens fonctionnaires d\u00e9c\u00e9d\u00e9s.<\/p>\n\n\n\n<p>Il faudra toutefois attendre un peu avant de soumettre une demande, car le Conseil du Tr\u00e9sor n\u2019a pas encore mis en place le processus de r\u00e9clamation. Nous continuons de le pousser en ce sens et mettrons \u00e0 jour notre site Web d\u00e8s que le formulaire sera en ligne. Nous l\u2019annoncerons \u00e9galement dans les m\u00e9dias sociaux.<\/p>\n\n\n\n<p>L\u2019an dernier, certains membres ont \u00e9t\u00e9&nbsp;<strong><a href=\"http:\/\/syndicatafpc.ca\/retraite-ancien-fonctionnaire-voici-comment?_ga=2.265068175.1216407489.1614702073-1236042247.1568402190\" target=\"_blank\" rel=\"noreferrer noopener\">inform\u00e9s \u00e0 tort<\/a><\/strong>&nbsp;qu\u2019ils devaient remplir une&nbsp;<strong><a href=\"https:\/\/www.canada.ca\/content\/dam\/tbs-sct\/services\/pay-remuneration\/340-57_demande-indemnisation-generale-anciens-employes-2019.pdf\" target=\"_blank\" rel=\"noreferrer noopener\">Demande d\u2019indemnisation g\u00e9n\u00e9rale pour les anciens employ\u00e9s&nbsp;: paiement \u00e9quivalent au cong\u00e9 suppl\u00e9mentaire<\/a><\/strong>. Or, ce n\u2019est&nbsp;pas&nbsp;le formulaire que doivent remplir les membres de l\u2019AFPC. Cette demande sert plut\u00f4t \u00e0 obtenir l\u2019\u00e9quivalent en esp\u00e8ces du cong\u00e9 (cinq jours maximum) qu\u2019ont accept\u00e9 les autres syndicats \u2013 pas l\u2019AFPC.<\/p>\n\n\n\n<p>Si vous ne faites plus partie de la fonction publique et voulez savoir si vous avez droit au montant n\u00e9goci\u00e9 par l\u2019AFPC, consultez notre foire aux questions, plus pr\u00e9cis\u00e9ment la r\u00e9ponse \u00e0 la question&nbsp;<strong><a href=\"http:\/\/syndicatafpc.ca\/foire-questions-dedommagement-phenix?_ga=2.260889485.1216407489.1614702073-1236042247.1568402190\" target=\"_blank\" rel=\"noreferrer noopener\">Qui est admissible au d\u00e9dommagement Ph\u00e9nix<\/a><\/strong>?<\/p>\n\n\n\n<p>Source : <a href=\"http:\/\/syndicatafpc.ca\/dedommagement-phenix-retraites-anciens-membres?_ga=2.239901507.1390562944.1614777161-1121130890.1580157739\">D\u00e9dommagement Ph\u00e9nix pour les retrait\u00e9s et anciens membres de l\u2019AFPC | Alliance de la Fonction publique du Canada (syndicatafpc.ca)<\/a><\/p>\n","protected":false},"excerpt":{"rendered":"<p>2 mars 2021 Alors que les membres de l\u2019AFPC s\u2019appr\u00eatent \u00e0&nbsp;encaisser le d\u00e9dommagement g\u00e9n\u00e9ral pour les rat\u00e9s de Ph\u00e9nix le 3&nbsp;mars, les personnes qui ont quitt\u00e9 la fonction publique se demandent sans doute quand elles recevront \u00e0 leur tour le montant qui leur est d\u00fb. Les&nbsp;anciens membres de l\u2019AFPC qui ont pris leur retraite ou &hellip; <\/p>\n<p class=\"link-more\"><a href=\"https:\/\/www.unesen.ca\/press\/?p=8976&#038;lang=fr\" class=\"more-link\">>><span class=\"screen-reader-text\"> &#8220;D\u00e9dommagement Ph\u00e9nix pour les retrait\u00e9s et anciens membres de l\u2019AFPC&#8221;<\/span><\/a><\/p>\n","protected":false},"author":6,"featured_media":0,"comment_status":"closed","ping_status":"open","sticky":false,"template":"","format":"standard","meta":{"_links_to":"","_links_to_target":""},"categories":[],"tags":[],"_links":{"self":[{"href":"https:\/\/www.unesen.ca\/press\/index.php?rest_route=\/wp\/v2\/posts\/8976"}],"collection":[{"href":"https:\/\/www.unesen.ca\/press\/index.php?rest_route=\/wp\/v2\/posts"}],"about":[{"href":"https:\/\/www.unesen.ca\/press\/index.php?rest_route=\/wp\/v2\/types\/post"}],"author":[{"embeddable":true,"href":"https:\/\/www.unesen.ca\/press\/index.php?rest_route=\/wp\/v2\/users\/6"}],"replies":[{"embeddable":true,"href":"https:\/\/www.unesen.ca\/press\/index.php?rest_route=%2Fwp%2Fv2%2Fcomments&post=8976"}],"version-history":[{"count":3,"href":"https:\/\/www.unesen.ca\/press\/index.php?rest_route=\/wp\/v2\/posts\/8976\/revisions"}],"predecessor-version":[{"id":8980,"href":"https:\/\/www.unesen.ca\/press\/index.php?rest_route=\/wp\/v2\/posts\/8976\/revisions\/8980"}],"wp:attachment":[{"href":"https:\/\/www.unesen.ca\/press\/index.php?rest_route=%2Fwp%2Fv2%2Fmedia&parent=8976"}],"wp:term":[{"taxonomy":"category","embeddable":true,"href":"https:\/\/www.unesen.ca\/press\/index.php?rest_route=%2Fwp%2Fv2%2Fcategories&post=8976"},{"taxonomy":"post_tag","embeddable":true,"href":"https:\/\/www.unesen.ca\/press\/index.php?rest_route=%2Fwp%2Fv2%2Ftags&post=8976"}],"curies":[{"name":"wp","href":"https:\/\/api.w.org\/{rel}","templated":true}]}}