{"id":8964,"date":"2021-03-01T16:44:33","date_gmt":"2021-03-01T21:44:33","guid":{"rendered":"http:\/\/fr.une-sen.org\/press\/?p=8964"},"modified":"2021-03-01T16:44:35","modified_gmt":"2021-03-01T21:44:35","slug":"dedommagement-general-phenix-avez-vous-recu-le-bon-montant","status":"publish","type":"post","link":"https:\/\/www.unesen.ca\/press\/?p=8964&amp;lang=fr","title":{"rendered":"D\u00e9dommagement g\u00e9n\u00e9ral Ph\u00e9nix : avez-vous re\u00e7u le bon montant?"},"content":{"rendered":"\n<figure class=\"wp-block-image size-large\"><img loading=\"lazy\" width=\"960\" height=\"400\" src=\"http:\/\/www.une-sen.org\/press\/wp-content\/uploads\/2021\/03\/phoenix-1_1-1.jpg\" alt=\"\" class=\"wp-image-8965\" srcset=\"https:\/\/www.unesen.ca\/press\/wp-content\/uploads\/2021\/03\/phoenix-1_1-1.jpg 960w, https:\/\/www.unesen.ca\/press\/wp-content\/uploads\/2021\/03\/phoenix-1_1-1-300x125.jpg 300w, https:\/\/www.unesen.ca\/press\/wp-content\/uploads\/2021\/03\/phoenix-1_1-1-768x320.jpg 768w\" sizes=\"(max-width: 767px) 89vw, (max-width: 1000px) 54vw, (max-width: 1071px) 543px, 580px\" \/><\/figure>\n\n\n\n<p>1er mars 2021<\/p>\n\n\n\n<p>Les membres de l\u2019AFPC recevront le d\u00e9dommagement g\u00e9n\u00e9ral pour les rat\u00e9s de Ph\u00e9nix sous la forme d\u2019un&nbsp;paiement forfaitaire avec leur&nbsp;<strong>paye du 3 mars<\/strong>,&nbsp;et le montant sera impos\u00e9 \u00e0 la source. Profond\u00e9ment d\u00e9\u00e7ue que le gouvernement soit all\u00e9 de l\u2019avant&nbsp;<a href=\"http:\/\/syndicatafpc.ca\/gouvernement-penalise-nouveau-victimes-phenix\" target=\"_blank\" rel=\"noreferrer noopener\">sans m\u00eame attendre la d\u00e9cision de l\u2019ARC<\/a>&nbsp;\u00e0 savoir si le montant est imposable ou non, l\u2019AFPC a d\u00e9cid\u00e9 de faire le suivi aupr\u00e8s de l\u2019ARC directement. Le fait de combiner le d\u00e9dommagement \u00e0 la paye, comme&nbsp;pour&nbsp;les paiements r\u00e9troactifs, est \u00e9galement source de pr\u00e9occupation.&nbsp;<\/p>\n\n\n\n<p>Pour plus de d\u00e9tail sur le montant qui vous sera vers\u00e9, rendez-vous dans&nbsp;<a href=\"https:\/\/www.tpsgc-pwgsc.gc.ca\/remuneration-compensation\/services-paye-pay-services\/paye-centre-pay\/mapayegc-mygcpay-fra.html\" target=\"_blank\" rel=\"noreferrer noopener\">MaPayeGC<\/a>&nbsp;(uniquement disponible sur le r\u00e9seau du gouvernement du Canada).&nbsp;&nbsp;<\/p>\n\n\n\n<p>Si vous avez des questions concernant le montant auquel vous avez droit, contactez votre service des ressources humaines. Si vous avez d\u2019autres inqui\u00e9tudes, adressez-vous au&nbsp;<a rel=\"noreferrer noopener\" href=\"https:\/\/www.tpsgc-pwgsc.gc.ca\/remuneration-compensation\/services-paye-pay-services\/paye-centre-pay\/cn-cu-fra.html\" target=\"_blank\">Centre de contact avec la client\u00e8le<\/a>. Pour en savoir plus sur le d\u00e9dommagement g\u00e9n\u00e9ral accord\u00e9 aux membres de l\u2019AFPC pour les rat\u00e9s de Ph\u00e9nix, consultez notre&nbsp;<a href=\"http:\/\/syndicatafpc.ca\/foire-questions-dedommagement-phenix\" target=\"_blank\" rel=\"noreferrer noopener\">foire aux questions<\/a>.&nbsp;&nbsp;<\/p>\n\n\n\n<p>Soulignons que les membres de l\u2019AFPC qui se sont vu accorder du temps compensatoire en vertu d\u2019une entente Ph\u00e9nix sign\u00e9e par un autre syndicat pourraient ne pas se faire verser le plein montant (2 500 $) le 3 mars et recevoir un paiement suppl\u00e9mentaire \u00e0 une date ult\u00e9rieure. Consultez la&nbsp;<a href=\"https:\/\/www.canada.ca\/fr\/secretariat-conseil-tresor\/sujets\/remuneration\/systeme-paye-phenix\/phenix\/indemnisation-generale-employes-comprendre-paiement.html\" target=\"_blank\" rel=\"noreferrer noopener\">page&nbsp;Web du gouvernement f\u00e9d\u00e9ral<\/a>&nbsp;pour plus d\u2019information sur la mani\u00e8re dont votre indemnit\u00e9 pourrait \u00eatre calcul\u00e9e si vous \u00e9tiez membre de diff\u00e9rents syndicats ou si vous n\u2019\u00e9tiez pas syndiqu\u00e9 pendant l\u2019un des exercices financiers de l\u2019entente Ph\u00e9nix.&nbsp;<\/p>\n\n\n\n<p>L\u2019AFPC surveillera la situation de pr\u00e8s afin que tous nos membres re\u00e7oivent l\u2019information compl\u00e8te et d\u00e9taill\u00e9e relative au versement du d\u00e9dommagement.&nbsp;&nbsp;<\/p>\n\n\n\n<p>Source: <a href=\"http:\/\/syndicatafpc.ca\/dedommagement-phenix-recu-bon-montant?_ga=2.117308934.1638527434.1614634354-1121130890.1580157739\">D\u00e9dommagement g\u00e9n\u00e9ral Ph\u00e9nix : avez-vous re\u00e7u le bon montant? | Alliance de la Fonction publique du Canada (syndicatafpc.ca)<\/a><\/p>\n","protected":false},"excerpt":{"rendered":"<p>1er mars 2021 Les membres de l\u2019AFPC recevront le d\u00e9dommagement g\u00e9n\u00e9ral pour les rat\u00e9s de Ph\u00e9nix sous la forme d\u2019un&nbsp;paiement forfaitaire avec leur&nbsp;paye du 3 mars,&nbsp;et le montant sera impos\u00e9 \u00e0 la source. Profond\u00e9ment d\u00e9\u00e7ue que le gouvernement soit all\u00e9 de l\u2019avant&nbsp;sans m\u00eame attendre la d\u00e9cision de l\u2019ARC&nbsp;\u00e0 savoir si le montant est imposable ou &hellip; <\/p>\n<p class=\"link-more\"><a href=\"https:\/\/www.unesen.ca\/press\/?p=8964&#038;lang=fr\" class=\"more-link\">>><span class=\"screen-reader-text\"> &#8220;D\u00e9dommagement g\u00e9n\u00e9ral Ph\u00e9nix : avez-vous re\u00e7u le bon montant?&#8221;<\/span><\/a><\/p>\n","protected":false},"author":6,"featured_media":0,"comment_status":"closed","ping_status":"open","sticky":false,"template":"","format":"standard","meta":{"_links_to":"","_links_to_target":""},"categories":[],"tags":[],"_links":{"self":[{"href":"https:\/\/www.unesen.ca\/press\/index.php?rest_route=\/wp\/v2\/posts\/8964"}],"collection":[{"href":"https:\/\/www.unesen.ca\/press\/index.php?rest_route=\/wp\/v2\/posts"}],"about":[{"href":"https:\/\/www.unesen.ca\/press\/index.php?rest_route=\/wp\/v2\/types\/post"}],"author":[{"embeddable":true,"href":"https:\/\/www.unesen.ca\/press\/index.php?rest_route=\/wp\/v2\/users\/6"}],"replies":[{"embeddable":true,"href":"https:\/\/www.unesen.ca\/press\/index.php?rest_route=%2Fwp%2Fv2%2Fcomments&post=8964"}],"version-history":[{"count":4,"href":"https:\/\/www.unesen.ca\/press\/index.php?rest_route=\/wp\/v2\/posts\/8964\/revisions"}],"predecessor-version":[{"id":8970,"href":"https:\/\/www.unesen.ca\/press\/index.php?rest_route=\/wp\/v2\/posts\/8964\/revisions\/8970"}],"wp:attachment":[{"href":"https:\/\/www.unesen.ca\/press\/index.php?rest_route=%2Fwp%2Fv2%2Fmedia&parent=8964"}],"wp:term":[{"taxonomy":"category","embeddable":true,"href":"https:\/\/www.unesen.ca\/press\/index.php?rest_route=%2Fwp%2Fv2%2Fcategories&post=8964"},{"taxonomy":"post_tag","embeddable":true,"href":"https:\/\/www.unesen.ca\/press\/index.php?rest_route=%2Fwp%2Fv2%2Ftags&post=8964"}],"curies":[{"name":"wp","href":"https:\/\/api.w.org\/{rel}","templated":true}]}}