{"id":8939,"date":"2021-02-23T14:06:55","date_gmt":"2021-02-23T19:06:55","guid":{"rendered":"http:\/\/fr.une-sen.org\/press\/?p=8939"},"modified":"2021-02-23T14:18:50","modified_gmt":"2021-02-23T19:18:50","slug":"celebrons-le-mois-de-lhistoire-des-noirs","status":"publish","type":"post","link":"https:\/\/www.unesen.ca\/press\/?p=8939&amp;lang=fr","title":{"rendered":"C\u00e9l\u00e9brons le Mois de l&#8217;histoire des Noirs"},"content":{"rendered":"\n<figure class=\"wp-block-image size-large\"><img loading=\"lazy\" width=\"1024\" height=\"538\" src=\"http:\/\/www.une-sen.org\/press\/wp-content\/uploads\/2021\/02\/HayleyPoem-f-1024x538.png\" alt=\"\" class=\"wp-image-8940\" srcset=\"https:\/\/www.unesen.ca\/press\/wp-content\/uploads\/2021\/02\/HayleyPoem-f-1024x538.png 1024w, https:\/\/www.unesen.ca\/press\/wp-content\/uploads\/2021\/02\/HayleyPoem-f-300x158.png 300w, https:\/\/www.unesen.ca\/press\/wp-content\/uploads\/2021\/02\/HayleyPoem-f-768x403.png 768w, https:\/\/www.unesen.ca\/press\/wp-content\/uploads\/2021\/02\/HayleyPoem-f.png 1200w\" sizes=\"(max-width: 767px) 89vw, (max-width: 1000px) 54vw, (max-width: 1071px) 543px, 580px\" \/><\/figure>\n\n\n\n<p>23 f\u00e9vrier 2021<\/p>\n\n\n\n<h2 class=\"has-text-align-center\"><em>Plein nord&nbsp;: Cap sur la LIBERT\u00c9<\/em><\/h2>\n\n\n\n<blockquote class=\"wp-block-quote has-text-align-center\"><p>Selon une perspective historique<\/p><p>Nos peuples furent<\/p><p>Afflig\u00e9s de fa\u00e7on dramatique<\/p><p>Sans m\u00e9lodrame ni \u00e9motions<\/p><\/blockquote>\n\n\n\n<blockquote class=\"wp-block-quote has-text-align-center\"><p>Libert\u00e9s limit\u00e9es<\/p><p>Limites servant de fondations<\/p><p>\u00c0 des murs d\u00e9j\u00e0 \u00e9rig\u00e9s<\/p><p>Et fortifi\u00e9s<\/p><\/blockquote>\n\n\n\n<blockquote class=\"wp-block-quote has-text-align-center\"><p>Bravant les dangers sur l\u2019oc\u00e9an<\/p><p>Captifs et effray\u00e9s<\/p><p>Tandis que d\u2019autres jonchent le plancher oc\u00e9anique<\/p><p>Vie fauch\u00e9e, loin de tout<\/p><\/blockquote>\n\n\n\n<blockquote class=\"wp-block-quote has-text-align-center\"><p>Cargaison humaine<\/p><p>Mise \u00e0 l\u2019\u00e9talage<\/p><p>Emball\u00e9e et transport\u00e9e<\/p><p>\u00c0 la h\u00e2te, dans la nuit noire<\/p><\/blockquote>\n\n\n\n<blockquote class=\"wp-block-quote has-text-align-center\"><p>Nous cheminons p\u00e9niblement<\/p><p>Dans une vie st\u00e9rile<\/p><p>Criminelle et inhumaine<\/p><p>R\u00eavant de nous \u00e9vader<\/p><\/blockquote>\n\n\n\n<blockquote class=\"wp-block-quote has-text-align-center\"><p>Guid\u00e9s par les \u00e9toiles,<\/p><p>Sur des voies secr\u00e8tes, clandestines<\/p><p>Refuges, sanctuaires, fanaux allum\u00e9s<\/p><p><strong>Plein nord&nbsp;: Cap sur la LIBERT\u00c9<\/strong><\/p><\/blockquote>\n\n\n\n<p>Hayley Millington, repr\u00e9sentante nationale de l&#8217;\u00e9quit\u00e9 pour les membres de minorit\u00e9s visibles du SEN<\/p>\n\n\n\n<p>Hayley Millington vous sugg\u00e8re \u00e9galement ces deux listes \u00e0 explorer, l&#8217;une de lecture et l&#8217;autre, une liste de baladodiffusion de langue anglaise:<\/p>\n\n\n\n<p><strong>Lectures de pr\u00e9dilection<\/strong><\/p>\n\n\n\n<ol type=\"1\"><li><em>Any known Blood<\/em>, de Lawrence Hill<\/li><li><em>The Skin We\u2019re in<\/em>, de Desmond Cole<\/li><li><em>NoirEs sous surveillance<\/em>, de Robyn Maynard<\/li><li><em>Black Writers Matter<\/em> &#8211; University of Regina Press<\/li><li><em>La Pendaison d\u2019Ang\u00e9lique<\/em>, d\u2019Afua Cooper<\/li><li><em>Frying Plantain<\/em>, de Zalika Benta<\/li><li><em>The Book of Negroes<\/em>, de Lawrence Hill<\/li><li><em>Shame on me<\/em>, de Tessa McWatt<\/li><li><em>What We All Long For<\/em>, de Dionne Brand<\/li><li><em>La Ronde des esprits<\/em>, de Nalo Hopkinson<\/li><\/ol>\n\n\n\n<p><strong>Balados pr\u00e9f\u00e9r\u00e9es<\/strong><\/p>\n\n\n\n<ol type=\"1\"><li>Black Tea<\/li><li>Colour Code<\/li><li>Born and Raised<\/li><li>The Secret Life of Canada<\/li><li>Victory Speaks<\/li><\/ol>\n","protected":false},"excerpt":{"rendered":"<p>23 f\u00e9vrier 2021 Plein nord&nbsp;: Cap sur la LIBERT\u00c9 Selon une perspective historique Nos peuples furent Afflig\u00e9s de fa\u00e7on dramatique Sans m\u00e9lodrame ni \u00e9motions Libert\u00e9s limit\u00e9es Limites servant de fondations \u00c0 des murs d\u00e9j\u00e0 \u00e9rig\u00e9s Et fortifi\u00e9s Bravant les dangers sur l\u2019oc\u00e9an Captifs et effray\u00e9s Tandis que d\u2019autres jonchent le plancher oc\u00e9anique Vie fauch\u00e9e, loin &hellip; <\/p>\n<p class=\"link-more\"><a href=\"https:\/\/www.unesen.ca\/press\/?p=8939&#038;lang=fr\" class=\"more-link\">>><span class=\"screen-reader-text\"> &#8220;C\u00e9l\u00e9brons le Mois de l&#8217;histoire des Noirs&#8221;<\/span><\/a><\/p>\n","protected":false},"author":6,"featured_media":0,"comment_status":"closed","ping_status":"open","sticky":false,"template":"","format":"standard","meta":{"_links_to":"","_links_to_target":""},"categories":[],"tags":[],"_links":{"self":[{"href":"https:\/\/www.unesen.ca\/press\/index.php?rest_route=\/wp\/v2\/posts\/8939"}],"collection":[{"href":"https:\/\/www.unesen.ca\/press\/index.php?rest_route=\/wp\/v2\/posts"}],"about":[{"href":"https:\/\/www.unesen.ca\/press\/index.php?rest_route=\/wp\/v2\/types\/post"}],"author":[{"embeddable":true,"href":"https:\/\/www.unesen.ca\/press\/index.php?rest_route=\/wp\/v2\/users\/6"}],"replies":[{"embeddable":true,"href":"https:\/\/www.unesen.ca\/press\/index.php?rest_route=%2Fwp%2Fv2%2Fcomments&post=8939"}],"version-history":[{"count":5,"href":"https:\/\/www.unesen.ca\/press\/index.php?rest_route=\/wp\/v2\/posts\/8939\/revisions"}],"predecessor-version":[{"id":8947,"href":"https:\/\/www.unesen.ca\/press\/index.php?rest_route=\/wp\/v2\/posts\/8939\/revisions\/8947"}],"wp:attachment":[{"href":"https:\/\/www.unesen.ca\/press\/index.php?rest_route=%2Fwp%2Fv2%2Fmedia&parent=8939"}],"wp:term":[{"taxonomy":"category","embeddable":true,"href":"https:\/\/www.unesen.ca\/press\/index.php?rest_route=%2Fwp%2Fv2%2Fcategories&post=8939"},{"taxonomy":"post_tag","embeddable":true,"href":"https:\/\/www.unesen.ca\/press\/index.php?rest_route=%2Fwp%2Fv2%2Ftags&post=8939"}],"curies":[{"name":"wp","href":"https:\/\/api.w.org\/{rel}","templated":true}]}}