{"id":8926,"date":"2021-02-23T09:27:16","date_gmt":"2021-02-23T14:27:16","guid":{"rendered":"http:\/\/fr.une-sen.org\/press\/?p=8926"},"modified":"2025-12-23T09:23:55","modified_gmt":"2025-12-23T14:23:55","slug":"negociations-oes-nouvelles-dates-et-seances-dinformation","status":"publish","type":"post","link":"https:\/\/www.unesen.ca\/press\/?p=8926&amp;lang=fr","title":{"rendered":"N\u00e9gociations OES : nouvelles dates et s\u00e9ances d\u2019information"},"content":{"rendered":"\n<p>19 f\u00e9vrier 2021<\/p>\n\n\n\n<p>L\u2019\u00e9quipe de n\u00e9gociation des Op\u00e9rations des enqu\u00eates statistiques (OES) organise des s\u00e9ances virtuelles pour renseigner les membres de toutes les r\u00e9gions sur ce qui se passe \u00e0 la table.<\/p>\n\n\n\n<p>Les n\u00e9gociations entre l\u2019AFPC (intervieweurs sur le terrain et intervieweurs des bureaux r\u00e9gionaux des OES) et l\u2019employeur, entam\u00e9es au d\u00e9but d\u00e9cembre, se sont poursuivies les 27 et 28 janvier. Les parties doivent retourner \u00e0 la table la premi\u00e8re semaine de mars.<\/p>\n\n\n\n<p>Les pourparlers accusent du retard, occasionn\u00e9 en partie par la pand\u00e9mie et par le temps qu\u2019a pris l\u2019employeur \u00e0 embaucher un nouveau n\u00e9gociateur.<\/p>\n\n\n\n<p>Les s\u00e9ances d\u2019information permettront aux membres des OES de discuter des revendications de l\u2019AFPC et des propositions de l\u2019employeur.<\/p>\n\n\n\n<p><strong>Parmi les principales revendications du syndicat, notons&nbsp;:<\/strong><\/p>\n\n\n\n<ul><li>une plus grande s\u00e9curit\u00e9 d\u2019emploi et de meilleurs horaires et heures de travail;<\/li><li>la bonification des cong\u00e9s parental et de maternit\u00e9;<\/li><li>de meilleures protections contre le harc\u00e8lement et les abus de pouvoir;<\/li><li>10 jours de cong\u00e9 pay\u00e9 pour les victimes de violence familiale;<\/li><li>l\u2019am\u00e9lioration des primes de soir et de fin de semaine;<\/li><li>la bonification des cong\u00e9s de maladie, du cong\u00e9 pour obligations familiales, des cong\u00e9s annuels, du cong\u00e9 de compassion et du cong\u00e9 pour proches aidants.<\/li><\/ul>\n\n\n\n<p>Les discussions se poursuivront \u00e0 la table sur ces questions et sur d\u2019autres dossiers.<br>&nbsp;<br><strong>Revendications de l&#8217;AFPC :<\/strong><\/p>\n\n\n\n<ul><li><a href=\"http:\/\/syndicatafpc.ca\/sites\/psac\/files\/2020-12-01_sso_ro_psac_bargaining_propsals_fr.pdf\" target=\"_blank\" rel=\"noreferrer noopener\"><strong>Intervieweurs des bureaux r\u00e9gionaux<\/strong><\/a><\/li><li><a href=\"http:\/\/syndicatafpc.ca\/sites\/psac\/files\/2020-12-02_psac-fi_bargaining_proposals_fr.pdf\" target=\"_blank\" rel=\"noreferrer noopener\"><strong>Intervieweurs sur le terrain<\/strong><\/a><\/li><\/ul>\n\n\n\n<p><strong>Revendications de l&#8217;employeur :<\/strong><\/p>\n\n\n\n<ul><li><a href=\"http:\/\/syndicatafpc.ca\/sites\/psac\/files\/employer_proposals_sso-office_bargaining_unit_f.pdf\" target=\"_blank\" rel=\"noreferrer noopener\"><strong>Intervieweurs des bureaux r\u00e9gionaux<\/strong><\/a><\/li><li><a href=\"http:\/\/syndicatafpc.ca\/sites\/psac\/files\/employer_proposals_sso-field_bargaining_unit_f.pdf\" target=\"_blank\" rel=\"noreferrer noopener\"><strong>Intervieweurs sur le terrain<\/strong><\/a><\/li><\/ul>\n\n\n\n<h3>S\u00e9ances d&#8217;information<\/h3>\n\n\n\n<p>Le n\u00e9gociateur de l\u2019AFPC, Hassan Husseini, collabore avec les membres de l\u2019\u00e9quipe de n\u00e9go \u00e0 l\u2019organisation des s\u00e9ances d\u2019information qui se tiendront au cours des prochaines semaines. Votre section locale vous avisera des r\u00e9unions pr\u00e9vues dans votre r\u00e9gion.<\/p>\n\n\n\n<p>Nous vous invitons \u00e0 faire votre possible pour participer aux s\u00e9ances afin de bien comprendre les enjeux.<\/p>\n\n\n\n<p>Source : <a href=\"http:\/\/syndicatafpc.ca\/negociations-oes-nouvelles-dates-seances?_ga=2.227327641.561504155.1614028933-1121130890.1580157739\">N\u00e9gociations OES : nouvelles dates et s\u00e9ances d\u2019information | Alliance de la Fonction publique du Canada (syndicatafpc.ca)<\/a><\/p>\n","protected":false},"excerpt":{"rendered":"<p>19 f\u00e9vrier 2021 L\u2019\u00e9quipe de n\u00e9gociation des Op\u00e9rations des enqu\u00eates statistiques (OES) organise des s\u00e9ances virtuelles pour renseigner les membres de toutes les r\u00e9gions sur ce qui se passe \u00e0 la table. Les n\u00e9gociations entre l\u2019AFPC (intervieweurs sur le terrain et intervieweurs des bureaux r\u00e9gionaux des OES) et l\u2019employeur, entam\u00e9es au d\u00e9but d\u00e9cembre, se sont &hellip; <\/p>\n<p class=\"link-more\"><a href=\"https:\/\/www.unesen.ca\/press\/?p=8926&#038;lang=fr\" class=\"more-link\">>><span class=\"screen-reader-text\"> &#8220;N\u00e9gociations OES : nouvelles dates et s\u00e9ances d\u2019information&#8221;<\/span><\/a><\/p>\n","protected":false},"author":6,"featured_media":0,"comment_status":"closed","ping_status":"open","sticky":false,"template":"","format":"standard","meta":{"_links_to":"","_links_to_target":""},"categories":[],"tags":[],"_links":{"self":[{"href":"https:\/\/www.unesen.ca\/press\/index.php?rest_route=\/wp\/v2\/posts\/8926"}],"collection":[{"href":"https:\/\/www.unesen.ca\/press\/index.php?rest_route=\/wp\/v2\/posts"}],"about":[{"href":"https:\/\/www.unesen.ca\/press\/index.php?rest_route=\/wp\/v2\/types\/post"}],"author":[{"embeddable":true,"href":"https:\/\/www.unesen.ca\/press\/index.php?rest_route=\/wp\/v2\/users\/6"}],"replies":[{"embeddable":true,"href":"https:\/\/www.unesen.ca\/press\/index.php?rest_route=%2Fwp%2Fv2%2Fcomments&post=8926"}],"version-history":[{"count":2,"href":"https:\/\/www.unesen.ca\/press\/index.php?rest_route=\/wp\/v2\/posts\/8926\/revisions"}],"predecessor-version":[{"id":12972,"href":"https:\/\/www.unesen.ca\/press\/index.php?rest_route=\/wp\/v2\/posts\/8926\/revisions\/12972"}],"wp:attachment":[{"href":"https:\/\/www.unesen.ca\/press\/index.php?rest_route=%2Fwp%2Fv2%2Fmedia&parent=8926"}],"wp:term":[{"taxonomy":"category","embeddable":true,"href":"https:\/\/www.unesen.ca\/press\/index.php?rest_route=%2Fwp%2Fv2%2Fcategories&post=8926"},{"taxonomy":"post_tag","embeddable":true,"href":"https:\/\/www.unesen.ca\/press\/index.php?rest_route=%2Fwp%2Fv2%2Ftags&post=8926"}],"curies":[{"name":"wp","href":"https:\/\/api.w.org\/{rel}","templated":true}]}}