{"id":8859,"date":"2021-02-04T14:03:53","date_gmt":"2021-02-04T19:03:53","guid":{"rendered":"http:\/\/fr.une-sen.org\/press\/?p=8859"},"modified":"2021-02-04T14:03:55","modified_gmt":"2021-02-04T19:03:55","slug":"lafpc-se-rejouit-de-lexamen-tant-attendu-des-mesures-de-dotation-du-federal","status":"publish","type":"post","link":"https:\/\/www.unesen.ca\/press\/?p=8859&amp;lang=fr","title":{"rendered":"L\u2019AFPC se r\u00e9jouit de l\u2019examen tant attendu des mesures de dotation du f\u00e9d\u00e9ral"},"content":{"rendered":"\n<figure class=\"wp-block-image size-large\"><img loading=\"lazy\" width=\"960\" height=\"400\" src=\"http:\/\/www.une-sen.org\/press\/wp-content\/uploads\/2021\/02\/2020-fall-ouv-federal_4_0-1.jpg\" alt=\"\" class=\"wp-image-8860\" srcset=\"https:\/\/www.unesen.ca\/press\/wp-content\/uploads\/2021\/02\/2020-fall-ouv-federal_4_0-1.jpg 960w, https:\/\/www.unesen.ca\/press\/wp-content\/uploads\/2021\/02\/2020-fall-ouv-federal_4_0-1-300x125.jpg 300w, https:\/\/www.unesen.ca\/press\/wp-content\/uploads\/2021\/02\/2020-fall-ouv-federal_4_0-1-768x320.jpg 768w\" sizes=\"(max-width: 767px) 89vw, (max-width: 1000px) 54vw, (max-width: 1071px) 543px, 580px\" \/><\/figure>\n\n\n\n<p>3 f\u00e9vrier 2021<\/p>\n\n\n\n<p>Le Conseil du Tr\u00e9sor (CT) a&nbsp;<a href=\"https:\/\/www.canada.ca\/fr\/secretariat-conseil-tresor\/nouvelles\/2021\/01\/le-gouvernement-annonce-des-mesures-prioritaires-pour-accroitre-la-diversite-et-linclusion-dans-la-fonction-publique.html\" target=\"_blank\" rel=\"noreferrer noopener\">pr\u00e9sent\u00e9 r\u00e9cemment sa strat\u00e9gie<\/a>&nbsp;pour accro\u00eetre la diversit\u00e9 et l\u2019inclusion dans la fonction publique f\u00e9d\u00e9rale. Le CT s\u2019engage notamment \u00e0 revoir la&nbsp;<em>Loi sur l\u2019emploi dans la fonction publique<\/em>&nbsp;en vue de favoriser la diversit\u00e9 au moment de l\u2019embauche.<\/p>\n\n\n\n<p>L\u2019AFPC applaudit cet examen. Il est plus que temps de revoir de fond en comble les mesures de dotation du gouvernement f\u00e9d\u00e9ral pour \u00e9liminer les obstacles syst\u00e9miques auxquels se butent les membres des groupes marginalis\u00e9s.<\/p>\n\n\n\n<p>La dotation est l\u2019un des plus importants probl\u00e8mes soulev\u00e9s par les fonctionnaires, qui se disent nombreux \u00e0 avoir \u00e9t\u00e9 victimes de racisme, de sexisme, de capacitisme et de discrimination dans le cadre du processus d\u2019embauche. Malheureusement, beaucoup d\u2019entre eux h\u00e9sitent \u00e0 d\u00e9poser un grief ou une plainte par peur de repr\u00e9sailles.<\/p>\n\n\n\n<p>Cela dit, le gouvernement ne peut proc\u00e9der \u00e0 des changements l\u00e9gislatifs de cette nature sans d\u2019abord consulter l\u2019AFPC, les autres agents n\u00e9gociateurs et les fonctionnaires qui subissent ces pratiques discriminatoires. Il faut aussi renforcer la&nbsp;<em>Loi sur l\u2019\u00e9quit\u00e9 en mati\u00e8re d\u2019emploi<\/em>, ce que le gouvernement a promis.<\/p>\n\n\n\n<h3><strong>Un nouveau rapport trace la voie de la diversit\u00e9 et de l\u2019inclusion<\/strong><\/h3>\n\n\n\n<p>La Commission de la fonction publique a publi\u00e9 cette semaine un&nbsp;<a href=\"https:\/\/www.canada.ca\/fr\/commission-fonction-publique\/services\/publications\/verification-representation-groupes-vises-equite-matiere-demploi-lors-du-recrutement.html#2_5\" target=\"_blank\" rel=\"noreferrer noopener\">rapport sur l\u2019\u00e9quit\u00e9 en mati\u00e8re d\u2019emploi<\/a>&nbsp;confirmant que les groupes d\u2019\u00e9quit\u00e9 ne sont pas repr\u00e9sent\u00e9s proportionnellement dans le processus de recrutement. Pour rem\u00e9dier \u00e0 la situation, la Commission recommande trois choses&nbsp;:<\/p>\n\n\n\n<ul><li>que les minist\u00e8res revoient leurs pratiques d\u2019embauche afin de cerner et d\u2019\u00e9liminer les obstacles auxquels se heurtent les groupes d\u2019\u00e9quit\u00e9, et d\u2019am\u00e9liorer leur taux de succ\u00e8s aux diff\u00e9rents stades de recrutement;<\/li><li>que la Commission de la fonction publique examine les obstacles syst\u00e9miques dans l\u2019ensemble de la fonction publique pour en conna\u00eetre les causes sous-jacentes et corriger la situation;<\/li><li>que tous les gestionnaires de la fonction publique suivent une formation obligatoire sur les pr\u00e9jug\u00e9s inconscients et obtiennent plus de soutien \u00e0 cet \u00e9gard.<\/li><\/ul>\n\n\n\n<p>Nous appuyons ces recommandations qui visent \u00e0 redresser des pratiques de dotation opaques et particuli\u00e8rement injustes pour les membres de groupes marginalis\u00e9s. Mais ce n\u2019est pas assez. Ces obstacles n\u2019ont rien de nouveau et les groupes sous-repr\u00e9sent\u00e9s attendent depuis trop longtemps de se tailler une meilleure place dans la fonction publique.&nbsp;<\/p>\n\n\n\n<p>L\u2019AFPC continuera donc de s\u2019attaquer au racisme syst\u00e9mique et \u00e0 la discrimination dans la fonction publique. Quoi de mieux, pour la fonction publique, qu\u2019un effectif diversifi\u00e9, riche d\u2019une vari\u00e9t\u00e9 de perspectives et d\u2019exp\u00e9riences de vie?<\/p>\n\n\n\n<p>Source : <a href=\"http:\/\/syndicatafpc.ca\/lafpc-se-rejouit-lexamen-tant-attendu-mesures?_ga=2.102055490.277008251.1612384947-1121130890.1580157739\">L\u2019AFPC se r\u00e9jouit de l\u2019examen tant attendu des mesures de dotation du f\u00e9d\u00e9ral | Alliance de la Fonction publique du Canada (syndicatafpc.ca)<\/a><\/p>\n","protected":false},"excerpt":{"rendered":"<p>3 f\u00e9vrier 2021 Le Conseil du Tr\u00e9sor (CT) a&nbsp;pr\u00e9sent\u00e9 r\u00e9cemment sa strat\u00e9gie&nbsp;pour accro\u00eetre la diversit\u00e9 et l\u2019inclusion dans la fonction publique f\u00e9d\u00e9rale. Le CT s\u2019engage notamment \u00e0 revoir la&nbsp;Loi sur l\u2019emploi dans la fonction publique&nbsp;en vue de favoriser la diversit\u00e9 au moment de l\u2019embauche. L\u2019AFPC applaudit cet examen. Il est plus que temps de revoir &hellip; <\/p>\n<p class=\"link-more\"><a href=\"https:\/\/www.unesen.ca\/press\/?p=8859&#038;lang=fr\" class=\"more-link\">>><span class=\"screen-reader-text\"> &#8220;L\u2019AFPC se r\u00e9jouit de l\u2019examen tant attendu des mesures de dotation du f\u00e9d\u00e9ral&#8221;<\/span><\/a><\/p>\n","protected":false},"author":6,"featured_media":0,"comment_status":"closed","ping_status":"open","sticky":false,"template":"","format":"standard","meta":{"_links_to":"","_links_to_target":""},"categories":[],"tags":[],"_links":{"self":[{"href":"https:\/\/www.unesen.ca\/press\/index.php?rest_route=\/wp\/v2\/posts\/8859"}],"collection":[{"href":"https:\/\/www.unesen.ca\/press\/index.php?rest_route=\/wp\/v2\/posts"}],"about":[{"href":"https:\/\/www.unesen.ca\/press\/index.php?rest_route=\/wp\/v2\/types\/post"}],"author":[{"embeddable":true,"href":"https:\/\/www.unesen.ca\/press\/index.php?rest_route=\/wp\/v2\/users\/6"}],"replies":[{"embeddable":true,"href":"https:\/\/www.unesen.ca\/press\/index.php?rest_route=%2Fwp%2Fv2%2Fcomments&post=8859"}],"version-history":[{"count":3,"href":"https:\/\/www.unesen.ca\/press\/index.php?rest_route=\/wp\/v2\/posts\/8859\/revisions"}],"predecessor-version":[{"id":8864,"href":"https:\/\/www.unesen.ca\/press\/index.php?rest_route=\/wp\/v2\/posts\/8859\/revisions\/8864"}],"wp:attachment":[{"href":"https:\/\/www.unesen.ca\/press\/index.php?rest_route=%2Fwp%2Fv2%2Fmedia&parent=8859"}],"wp:term":[{"taxonomy":"category","embeddable":true,"href":"https:\/\/www.unesen.ca\/press\/index.php?rest_route=%2Fwp%2Fv2%2Fcategories&post=8859"},{"taxonomy":"post_tag","embeddable":true,"href":"https:\/\/www.unesen.ca\/press\/index.php?rest_route=%2Fwp%2Fv2%2Ftags&post=8859"}],"curies":[{"name":"wp","href":"https:\/\/api.w.org\/{rel}","templated":true}]}}