{"id":8843,"date":"2021-02-01T09:22:27","date_gmt":"2021-02-01T14:22:27","guid":{"rendered":"http:\/\/fr.une-sen.org\/press\/?p=8843"},"modified":"2021-02-01T09:22:29","modified_gmt":"2021-02-01T14:22:29","slug":"mois-de-lhistoire-des-noirs-2","status":"publish","type":"post","link":"https:\/\/www.unesen.ca\/press\/?p=8843&amp;lang=fr","title":{"rendered":"Mois de l&#8217;histoire des Noirs"},"content":{"rendered":"\n<figure class=\"wp-block-image size-large\"><img loading=\"lazy\" width=\"1024\" height=\"538\" src=\"http:\/\/www.une-sen.org\/press\/wp-content\/uploads\/2021\/02\/BHM1-f-1024x538.png\" alt=\"\" class=\"wp-image-8844\" srcset=\"https:\/\/www.unesen.ca\/press\/wp-content\/uploads\/2021\/02\/BHM1-f-1024x538.png 1024w, https:\/\/www.unesen.ca\/press\/wp-content\/uploads\/2021\/02\/BHM1-f-300x158.png 300w, https:\/\/www.unesen.ca\/press\/wp-content\/uploads\/2021\/02\/BHM1-f-768x403.png 768w, https:\/\/www.unesen.ca\/press\/wp-content\/uploads\/2021\/02\/BHM1-f.png 1200w\" sizes=\"(max-width: 767px) 89vw, (max-width: 1000px) 54vw, (max-width: 1071px) 543px, 580px\" \/><\/figure>\n\n\n\n<p>1er f\u00e9vrier 2021<\/p>\n\n\n\n<p>Au cours du mois de f\u00e9vrier, les Canadiennes et Canadiens sont invit\u00e9s \u00e0 participer aux activit\u00e9s et \u00e9v\u00e9nements du Mois de l\u2019histoire des Noirs&nbsp;(MHN) qui honorent et reconnaissent l\u2019h\u00e9ritage des Canadiennes et Canadiens noirs, d\u2019hier \u00e0 aujourd\u2019hui.<\/p>\n\n\n\n<p>Pour 2021, \u00e0 l\u2019approche de f\u00e9vrier, l\u2019accent est mis sur le th\u00e8me <strong>l\u2019histoire des Noirs compte&nbsp;: \u00e9couter, apprendre, partager et agir<\/strong>, qui reconna\u00eet l\u2019h\u00e9ritage important des personnes d\u2019ascendance africaine et l\u2019histoire de longue date dans le d\u00e9veloppement du Canada.<\/p>\n\n\n\n<p>Le mois de f\u00e9vrier marque le moment pour les Canadiennes et Canadiens de c\u00e9l\u00e9brer les nombreuses r\u00e9alisations et contributions des Canadiennes et Canadiens noirs qui, tout au long de l\u2019histoire, ont contribu\u00e9 \u00e0 la riche mosa\u00efque du Canada.<\/p>\n\n\n\n<p>Il est important de faire savoir que les personnes d\u2019ascendance africaine ont contribu\u00e9 \u00e0 fa\u00e7onner le patrimoine et l\u2019identit\u00e9 du Canada depuis l\u2019arriv\u00e9e de Mathieu&nbsp;Da&nbsp;Costa, un Noir libre qui a agi \u00e0 titre de navigateur et d\u2019interpr\u00e8te pour les Europ\u00e9ens \u00e0 l\u2019\u00e9poque, au d\u00e9but des ann\u00e9es&nbsp;1600.<\/p>\n\n\n\n<p>Plus particuli\u00e8rement, le r\u00f4le des personnes d\u2019ascendance africaine au Canada n\u2019a pas toujours \u00e9t\u00e9 mis en \u00e9vidence dans le paysage historique du Canada. \u00c0 ce titre, nous voyons peu de mention des loyalistes qui sont venus ici apr\u00e8s la R\u00e9volution am\u00e9ricaine, qui se sont install\u00e9s dans les Maritimes et qui \u00e9taient des personnes d\u2019origine africaine. En outre, on a peu parl\u00e9 du patriotisme des soldats d\u2019origine africaine et des sacrifices qu\u2019ils ont consentis en temps de guerre d\u00e8s la guerre de&nbsp;1812.<\/p>\n\n\n\n<p>\u00c9tonnamment, peu de Canadiennes et de Canadiens sont conscients du fait que les Africaines et Africains \u00e9taient autrefois r\u00e9duits en esclavage dans le territoire que l\u2019on appelle maintenant le Canada. De plus, ils ne savent pas que ceux qui ont combattu l\u2019esclavage ont \u00e9galement contribu\u00e9 \u00e0 jeter les bases de la soci\u00e9t\u00e9 diversifi\u00e9e et inclusive qu\u2019est le Canada.<\/p>\n\n\n\n<p>Le Mois de l\u2019histoire des Noirs est l\u2019occasion d\u2019en apprendre davantage sur ces histoires canadiennes et sur les nombreuses autres contributions importantes des Canadiennes et Canadiens noirs \u00e0 l\u2019\u00e9tablissement, \u00e0 la croissance et \u00e0 l\u2019essor du Canada, ainsi que sur la diversit\u00e9 des communaut\u00e9s noires au Canada et leur importance pour l\u2019histoire du pays.<\/p>\n\n\n\n<p>La comm\u00e9moration du Mois de l\u2019histoire des Noirs remonte \u00e0 1926, lorsque l\u2019historien afro-am\u00e9ricain form\u00e9 \u00e0 Harvard, Carter&nbsp;G.&nbsp;Woodson, a propos\u00e9 de r\u00e9server une p\u00e9riode consacr\u00e9e \u00e0 honorer les r\u00e9alisations des Afro-Am\u00e9ricaines et Afro-Am\u00e9ricains et \u00e0 sensibiliser davantage \u00e0 l\u2019histoire des Noirs aux \u00c9tats-Unis. Cela a men\u00e9 \u00e0 la cr\u00e9ation de la Semaine de l\u2019histoire des Noirs en&nbsp;1926. Les c\u00e9l\u00e9brations de l\u2019histoire des Noirs ont \u00e9galement commenc\u00e9 au Canada peu de temps apr\u00e8s. Au d\u00e9but des ann\u00e9es&nbsp;1970, la semaine est devenue la Semaine de l\u2019histoire des Noirs, puis le Mois de l\u2019histoire des Noirs en&nbsp;1976.<\/p>\n\n\n\n<p>En d\u00e9cembre&nbsp;1995, la Chambre des communes a officiellement reconnu le mois de f\u00e9vrier comme le Mois de l\u2019histoire des Noirs au Canada \u00e0 la suite d\u2019une motion pr\u00e9sent\u00e9e par la premi\u00e8re Canadienne noire \u00e9lue au Parlement, l\u2019honorable Jean&nbsp;Augustine. La motion a \u00e9t\u00e9 adopt\u00e9e \u00e0 l\u2019unanimit\u00e9 par la Chambre des communes.<\/p>\n\n\n\n<p>En f\u00e9vrier&nbsp;2008, le s\u00e9nateur Donald&nbsp;Oliver, premier homme noir nomm\u00e9 au S\u00e9nat, a pr\u00e9sent\u00e9 la <a href=\"https:\/\/sencanada.ca\/en\/Content\/Sen\/chamber\/392\/debates\/034db_2008-02-14-f#74\">Motion visant \u00e0 reconna\u00eetre les contributions de la population noire canadienne et le mois de f\u00e9vrier comme le Mois de l\u2019histoire des Noirs<\/a>. La motion a \u00e9t\u00e9 approuv\u00e9e et adopt\u00e9e \u00e0 l\u2019unanimit\u00e9 le 4&nbsp;mars&nbsp;2008. L\u2019adoption de cette motion a conclu la position parlementaire du Canada sur le Mois de l\u2019histoire des Noirs.<\/p>\n\n\n\n<p>Cela dit, je vous encourage \u00e0 prendre le temps de vous plonger dans l\u2019histoire des personnes d\u2019ascendance africaine\u2026 <strong>L\u2019histoire des Noirs compte.<\/strong><\/p>\n\n\n\n<p>Hayley Millington<br>Repr\u00e9sentante nationale de l&#8217;\u00e9quit\u00e9 pour les membres de minorit\u00e9s visibles du SEN<\/p>\n","protected":false},"excerpt":{"rendered":"<p>1er f\u00e9vrier 2021 Au cours du mois de f\u00e9vrier, les Canadiennes et Canadiens sont invit\u00e9s \u00e0 participer aux activit\u00e9s et \u00e9v\u00e9nements du Mois de l\u2019histoire des Noirs&nbsp;(MHN) qui honorent et reconnaissent l\u2019h\u00e9ritage des Canadiennes et Canadiens noirs, d\u2019hier \u00e0 aujourd\u2019hui. Pour 2021, \u00e0 l\u2019approche de f\u00e9vrier, l\u2019accent est mis sur le th\u00e8me l\u2019histoire des Noirs &hellip; <\/p>\n<p class=\"link-more\"><a href=\"https:\/\/www.unesen.ca\/press\/?p=8843&#038;lang=fr\" class=\"more-link\">>><span class=\"screen-reader-text\"> &#8220;Mois de l&#8217;histoire des Noirs&#8221;<\/span><\/a><\/p>\n","protected":false},"author":6,"featured_media":0,"comment_status":"closed","ping_status":"open","sticky":false,"template":"","format":"standard","meta":{"_links_to":"","_links_to_target":""},"categories":[],"tags":[],"_links":{"self":[{"href":"https:\/\/www.unesen.ca\/press\/index.php?rest_route=\/wp\/v2\/posts\/8843"}],"collection":[{"href":"https:\/\/www.unesen.ca\/press\/index.php?rest_route=\/wp\/v2\/posts"}],"about":[{"href":"https:\/\/www.unesen.ca\/press\/index.php?rest_route=\/wp\/v2\/types\/post"}],"author":[{"embeddable":true,"href":"https:\/\/www.unesen.ca\/press\/index.php?rest_route=\/wp\/v2\/users\/6"}],"replies":[{"embeddable":true,"href":"https:\/\/www.unesen.ca\/press\/index.php?rest_route=%2Fwp%2Fv2%2Fcomments&post=8843"}],"version-history":[{"count":1,"href":"https:\/\/www.unesen.ca\/press\/index.php?rest_route=\/wp\/v2\/posts\/8843\/revisions"}],"predecessor-version":[{"id":8845,"href":"https:\/\/www.unesen.ca\/press\/index.php?rest_route=\/wp\/v2\/posts\/8843\/revisions\/8845"}],"wp:attachment":[{"href":"https:\/\/www.unesen.ca\/press\/index.php?rest_route=%2Fwp%2Fv2%2Fmedia&parent=8843"}],"wp:term":[{"taxonomy":"category","embeddable":true,"href":"https:\/\/www.unesen.ca\/press\/index.php?rest_route=%2Fwp%2Fv2%2Fcategories&post=8843"},{"taxonomy":"post_tag","embeddable":true,"href":"https:\/\/www.unesen.ca\/press\/index.php?rest_route=%2Fwp%2Fv2%2Ftags&post=8843"}],"curies":[{"name":"wp","href":"https:\/\/api.w.org\/{rel}","templated":true}]}}