{"id":8833,"date":"2021-01-27T08:56:55","date_gmt":"2021-01-27T13:56:55","guid":{"rendered":"http:\/\/fr.une-sen.org\/press\/?p=8833"},"modified":"2021-01-27T08:56:58","modified_gmt":"2021-01-27T13:56:58","slug":"sondage-sur-les-negos-avec-le-conseil-du-tresor-votre-chance-de-faconner-lavenir-du-travail-a-la-fonction-publique","status":"publish","type":"post","link":"https:\/\/www.unesen.ca\/press\/?p=8833&amp;lang=fr","title":{"rendered":"Sondage sur les n\u00e9gos avec le Conseil du Tr\u00e9sor : votre chance de fa\u00e7onner l\u2019avenir du travail \u00e0 la fonction publique"},"content":{"rendered":"\n<figure class=\"wp-block-image size-large\"><img loading=\"lazy\" width=\"960\" height=\"400\" src=\"http:\/\/www.une-sen.org\/press\/wp-content\/uploads\/2021\/01\/bargain-pattern-grey_3-1.png\" alt=\"\" class=\"wp-image-8834\" srcset=\"https:\/\/www.unesen.ca\/press\/wp-content\/uploads\/2021\/01\/bargain-pattern-grey_3-1.png 960w, https:\/\/www.unesen.ca\/press\/wp-content\/uploads\/2021\/01\/bargain-pattern-grey_3-1-300x125.png 300w, https:\/\/www.unesen.ca\/press\/wp-content\/uploads\/2021\/01\/bargain-pattern-grey_3-1-768x320.png 768w\" sizes=\"(max-width: 767px) 89vw, (max-width: 1000px) 54vw, (max-width: 1071px) 543px, 580px\" \/><\/figure>\n\n\n\n<p>26 janvier 2021<\/p>\n\n\n\n<p>La pand\u00e9mie a chamboul\u00e9 la fa\u00e7on dont travaillent les membres de l\u2019AFPC. T\u00e9l\u00e9travail, changements technologiques, effets de l\u2019incertitude \u00e9conomique sur la s\u00e9curit\u00e9 d\u2019emploi, grandes in\u00e9galit\u00e9s qui perdurent pour les femmes, les travailleuses et travailleurs racialis\u00e9s et d\u2019autres groupes marginalis\u00e9s\u2026 Voil\u00e0 quelques-uns des enjeux auxquels nous comptons nous attaquer durant le prochain cycle de n\u00e9gociations qui d\u00e9butera cet \u00e9t\u00e9.<\/p>\n\n\n\n<p><strong>Au c\u0153ur des pourparlers&nbsp;: l\u2019avenir du travail \u00e0 la fonction publique f\u00e9d\u00e9rale. Aidez-nous \u00e0 choisir les questions que nous pr\u00e9senterons \u00e0 la table de n\u00e9gociation!<\/strong><\/p>\n\n\n\n<p>15 minutes. C\u2019est tout le temps n\u00e9cessaire pour&nbsp;<strong><a href=\"https:\/\/www.surveymonkey.com\/r\/VCJXRKT\" target=\"_blank\" rel=\"noreferrer noopener\">remplir notre sondage<\/a><\/strong>&nbsp;et nous faire part de vos pr\u00e9occupations.&nbsp;<strong>Votre opinion compte!<\/strong>&nbsp;Dites-nous ce qui a chang\u00e9 au cours de la derni\u00e8re ann\u00e9e. Et parlez-nous de vous pour que nous puissions n\u00e9gocier un contrat qui tient compte des besoins de tous nos membres, sans exception.<\/p>\n\n\n\n<p><strong>Le succ\u00e8s des prochaines n\u00e9gociations repose sur vos r\u00e9ponses&nbsp;<a href=\"https:\/\/www.surveymonkey.com\/r\/VCJXRKT\" target=\"_blank\" rel=\"noreferrer noopener\">au sondage<\/a>&nbsp;et votre participation au processus de n\u00e9gociation dans son ensemble.<\/strong><\/p>\n\n\n\n<p>Le sondage s\u2019adresse aux membres des groupes&nbsp;<a href=\"http:\/\/syndicatafpc.ca\/groupe-pa?_ga=2.51326764.468831306.1611093067-2075787626.1562272402\" target=\"_blank\" rel=\"noreferrer noopener\">PA&nbsp;(Services des programmes et de l\u2019administration)<\/a>,&nbsp;<a href=\"http:\/\/syndicatafpc.ca\/groupe-tc?_ga=2.51326764.468831306.1611093067-2075787626.1562272402\" target=\"_blank\" rel=\"noreferrer noopener\">TC (Services techniques)<\/a>,&nbsp;<a href=\"http:\/\/syndicatafpc.ca\/groupe-sv?_ga=2.121513101.468831306.1611093067-2075787626.1562272402\" target=\"_blank\" rel=\"noreferrer noopener\">SV&nbsp;(Services d\u2019exploitation)<\/a>&nbsp;et&nbsp;<a href=\"http:\/\/syndicatafpc.ca\/groupe-eb-0?_ga=2.121513101.468831306.1611093067-2075787626.1562272402\" target=\"_blank\" rel=\"noreferrer noopener\">EB (Enseignement et biblioth\u00e9conomie)<\/a>.&nbsp;<strong>Il sera en ligne jusqu\u2019au 25 f\u00e9vrier 2021.<\/strong><\/p>\n\n\n\n<p><a rel=\"noreferrer noopener\" href=\"http:\/\/syndicatafpc.ca\/negociations-avec-conseil-du-tresor-dites-nous\" target=\"_blank\">Nous acceptons \u00e9galement vos propositions<\/a>&nbsp;jusqu&#8217;au 31 janvier visant \u00e0 am\u00e9liorer votre convention collective. Elles seront ensuite examin\u00e9es par votre \u00e9l\u00e9ment et l\u2019AFPC, puis discut\u00e9es en m\u00eame temps que les r\u00e9sultats du sondage lors de la conf\u00e9rence sur la n\u00e9gociation \u2013 cette assembl\u00e9e o\u00f9 des membres d\u00e9l\u00e9gu\u00e9s de partout au pays choisissent les priorit\u00e9s de n\u00e9gociation.<\/p>\n\n\n\n<p>Les conventions collectives en cours viennent \u00e0 \u00e9ch\u00e9ance aux dates suivantes&nbsp;:<\/p>\n\n\n\n<p><strong>PA&nbsp;:&nbsp;<\/strong>20&nbsp;juin&nbsp;2021<br><strong>TC&nbsp;:&nbsp;<\/strong>21&nbsp;juin&nbsp;2021<br><strong>SV&nbsp;:&nbsp;<\/strong>4&nbsp;ao\u00fbt&nbsp;2021<br><strong>EB&nbsp;:&nbsp;<\/strong>30&nbsp;juin&nbsp;2021<\/p>\n\n\n\n<p>Assurez-vous que vos coordonn\u00e9es sont \u00e0 jour dans le&nbsp;<a href=\"http:\/\/syndicatafpc.ca\/user?_ga=2.218688412.468831306.1611093067-2075787626.1562272402\" target=\"_blank\" rel=\"noreferrer noopener\">portail des membres<\/a>&nbsp;pour vous tenir au courant de la n\u00e9gociation de votre prochain contrat de travail.<\/p>\n\n\n\n<p>Source : <a href=\"http:\/\/syndicatafpc.ca\/sondage-sur-negos-avec-conseil-du-tresor-votre?_ga=2.167673982.1722037944.1611669799-1121130890.1580157739\">Sondage sur les n\u00e9gos avec le Conseil du Tr\u00e9sor : votre chance de fa\u00e7onner l\u2019avenir du travail \u00e0 la fonction publique | Alliance de la Fonction publique du Canada (syndicatafpc.ca)<\/a><\/p>\n","protected":false},"excerpt":{"rendered":"<p>26 janvier 2021 La pand\u00e9mie a chamboul\u00e9 la fa\u00e7on dont travaillent les membres de l\u2019AFPC. T\u00e9l\u00e9travail, changements technologiques, effets de l\u2019incertitude \u00e9conomique sur la s\u00e9curit\u00e9 d\u2019emploi, grandes in\u00e9galit\u00e9s qui perdurent pour les femmes, les travailleuses et travailleurs racialis\u00e9s et d\u2019autres groupes marginalis\u00e9s\u2026 Voil\u00e0 quelques-uns des enjeux auxquels nous comptons nous attaquer durant le prochain cycle &hellip; <\/p>\n<p class=\"link-more\"><a href=\"https:\/\/www.unesen.ca\/press\/?p=8833&#038;lang=fr\" class=\"more-link\">>><span class=\"screen-reader-text\"> &#8220;Sondage sur les n\u00e9gos avec le Conseil du Tr\u00e9sor : votre chance de fa\u00e7onner l\u2019avenir du travail \u00e0 la fonction publique&#8221;<\/span><\/a><\/p>\n","protected":false},"author":6,"featured_media":0,"comment_status":"closed","ping_status":"open","sticky":false,"template":"","format":"standard","meta":{"_links_to":"","_links_to_target":""},"categories":[],"tags":[],"_links":{"self":[{"href":"https:\/\/www.unesen.ca\/press\/index.php?rest_route=\/wp\/v2\/posts\/8833"}],"collection":[{"href":"https:\/\/www.unesen.ca\/press\/index.php?rest_route=\/wp\/v2\/posts"}],"about":[{"href":"https:\/\/www.unesen.ca\/press\/index.php?rest_route=\/wp\/v2\/types\/post"}],"author":[{"embeddable":true,"href":"https:\/\/www.unesen.ca\/press\/index.php?rest_route=\/wp\/v2\/users\/6"}],"replies":[{"embeddable":true,"href":"https:\/\/www.unesen.ca\/press\/index.php?rest_route=%2Fwp%2Fv2%2Fcomments&post=8833"}],"version-history":[{"count":3,"href":"https:\/\/www.unesen.ca\/press\/index.php?rest_route=\/wp\/v2\/posts\/8833\/revisions"}],"predecessor-version":[{"id":8838,"href":"https:\/\/www.unesen.ca\/press\/index.php?rest_route=\/wp\/v2\/posts\/8833\/revisions\/8838"}],"wp:attachment":[{"href":"https:\/\/www.unesen.ca\/press\/index.php?rest_route=%2Fwp%2Fv2%2Fmedia&parent=8833"}],"wp:term":[{"taxonomy":"category","embeddable":true,"href":"https:\/\/www.unesen.ca\/press\/index.php?rest_route=%2Fwp%2Fv2%2Fcategories&post=8833"},{"taxonomy":"post_tag","embeddable":true,"href":"https:\/\/www.unesen.ca\/press\/index.php?rest_route=%2Fwp%2Fv2%2Ftags&post=8833"}],"curies":[{"name":"wp","href":"https:\/\/api.w.org\/{rel}","templated":true}]}}