{"id":8823,"date":"2021-01-26T09:21:24","date_gmt":"2021-01-26T14:21:24","guid":{"rendered":"http:\/\/fr.une-sen.org\/press\/?p=8823"},"modified":"2021-01-26T09:21:26","modified_gmt":"2021-01-26T14:21:26","slug":"ameliorons-laccessibilite-dans-la-fonction-publique-federale","status":"publish","type":"post","link":"https:\/\/www.unesen.ca\/press\/?p=8823&amp;lang=fr","title":{"rendered":"Am\u00e9liorons l\u2019accessibilit\u00e9 dans la fonction publique f\u00e9d\u00e9rale"},"content":{"rendered":"\n<figure class=\"wp-block-image size-large\"><img loading=\"lazy\" width=\"960\" height=\"400\" src=\"http:\/\/www.une-sen.org\/press\/wp-content\/uploads\/2021\/01\/disability-survey-news-1.png\" alt=\"\" class=\"wp-image-8824\" srcset=\"https:\/\/www.unesen.ca\/press\/wp-content\/uploads\/2021\/01\/disability-survey-news-1.png 960w, https:\/\/www.unesen.ca\/press\/wp-content\/uploads\/2021\/01\/disability-survey-news-1-300x125.png 300w, https:\/\/www.unesen.ca\/press\/wp-content\/uploads\/2021\/01\/disability-survey-news-1-768x320.png 768w\" sizes=\"(max-width: 767px) 89vw, (max-width: 1000px) 54vw, (max-width: 1071px) 543px, 580px\" \/><\/figure>\n\n\n\n<p>22 janvier 2021<\/p>\n\n\n\n<p>Nos membres nous ont dit que le manque d\u2019accessibilit\u00e9 et de mesures d\u2019adaptation dans la fonction publique f\u00e9d\u00e9rale cr\u00e9e d\u2019importants obstacles \u00e0 leur pleine participation au travail. Malgr\u00e9 les progr\u00e8s r\u00e9alis\u00e9s gr\u00e2ce aux griefs et au militantisme, nous avons beaucoup de travail \u00e0 faire pour cr\u00e9er des milieux de travail compl\u00e8tement inclusifs.<\/p>\n\n\n\n<p>L\u2019Universit\u00e9 Carleton m\u00e8ne une \u00e9tude sur ces obstacles et sur les soutiens offerts aux personnes ayant un handicap dans le but de leur faciliter l\u2019acc\u00e8s \u00e0 l\u2019emploi dans la fonction publique f\u00e9d\u00e9rale.&nbsp;<\/p>\n\n\n\n<p>Vous avez un handicap et vous \u00eates fonctionnaire ou avez d\u00e9j\u00e0 postul\u00e9 \u00e0 un emploi dans la fonction publique? Participez \u00e0 cette l\u2019\u00e9tude, intitul\u00e9e \u00ab&nbsp;Transitions de carri\u00e8re et accessibilit\u00e9 dans la fonction publique f\u00e9d\u00e9rale&nbsp;\u00bb.<\/p>\n\n\n\n<p>Nous encourageons tous les membres de l\u2019AFPC ayant un handicap \u00e0 le faire.<\/p>\n\n\n\n<p><strong>Comment s\u2019y prendre<\/strong><\/p>\n\n\n\n<p>Vous pouvez r\u00e9pondre \u00e0 un sondage, passer une entrevue ou bien faire les deux!<\/p>\n\n\n\n<ol><li><strong>R\u00e9pondez au&nbsp;<a href=\"https:\/\/carletonu.az1.qualtrics.com\/jfe\/form\/SV_3r901gQAA5ZmQM5\" target=\"_blank\" rel=\"noreferrer noopener\">sondage anonyme<\/a>&nbsp;en ligne<\/strong><ul><li>Il existe aussi une version pour&nbsp;<strong><a href=\"https:\/\/carletonu.az1.qualtrics.com\/jfe\/form\/SV_b96trH8Z1ijSDGJ\" target=\"_blank\" rel=\"noreferrer noopener\">les lecteurs d\u2019\u00e9cran<\/a><\/strong>.<br>&nbsp;<\/li><\/ul><\/li><li><strong><a href=\"https:\/\/carletonu.az1.qualtrics.com\/jfe\/form\/SV_6m4Z8Tb1FIVI2ix\" target=\"_blank\" rel=\"noreferrer noopener\">Inscrivez-vous \u00e0 l\u2019entrevue virtuelle avec<\/a>&nbsp;l\u2019\u00e9quipe de recherche<\/strong><ul><li>Vous pouvez aussi vous prendre rendez-vous par t\u00e9l\u00e9phone au 613-520-2600, p.&nbsp;7310.<\/li><li>L\u2019entrevue se fera par t\u00e9l\u00e9phone ou par Zoom. Vos commentaires seront enregistr\u00e9s seulement avec votre consentement. Vous pouvez demander des mesures d\u2019adaptation au besoin.<\/li><\/ul><\/li><\/ol>\n\n\n\n<p><strong>La date limite pour participer \u00e0 l\u2019\u00e9tude est le 31 mars 2021.<\/strong>&nbsp;Les chercheurs publieront leur rapport d\u2019ici la fin de l\u2019ann\u00e9e et le transmettront \u00e0 l\u2019AFPC et au gouvernement f\u00e9d\u00e9ral.<\/p>\n\n\n\n<p>Pour plus de renseignements, communiquez avec&nbsp;<strong><a href=\"mailto:asc@carleton.ca\" target=\"_blank\" rel=\"noreferrer noopener\">Mirvat Sanaallah,<\/a>&nbsp;<\/strong>l\u2019agente du projet \u00e0 l\u2019Universit\u00e9 Carleton.<\/p>\n\n\n\n<p>Source : <a href=\"http:\/\/syndicatafpc.ca\/ameliorons-laccessibilite-fonction-publique?_ga=2.138300528.1722037944.1611669799-1121130890.1580157739\">Am\u00e9liorons l\u2019accessibilit\u00e9 dans la fonction publique f\u00e9d\u00e9rale | Alliance de la Fonction publique du Canada (syndicatafpc.ca)<\/a><\/p>\n","protected":false},"excerpt":{"rendered":"<p>22 janvier 2021 Nos membres nous ont dit que le manque d\u2019accessibilit\u00e9 et de mesures d\u2019adaptation dans la fonction publique f\u00e9d\u00e9rale cr\u00e9e d\u2019importants obstacles \u00e0 leur pleine participation au travail. Malgr\u00e9 les progr\u00e8s r\u00e9alis\u00e9s gr\u00e2ce aux griefs et au militantisme, nous avons beaucoup de travail \u00e0 faire pour cr\u00e9er des milieux de travail compl\u00e8tement inclusifs. &hellip; <\/p>\n<p class=\"link-more\"><a href=\"https:\/\/www.unesen.ca\/press\/?p=8823&#038;lang=fr\" class=\"more-link\">>><span class=\"screen-reader-text\"> &#8220;Am\u00e9liorons l\u2019accessibilit\u00e9 dans la fonction publique f\u00e9d\u00e9rale&#8221;<\/span><\/a><\/p>\n","protected":false},"author":6,"featured_media":0,"comment_status":"closed","ping_status":"open","sticky":false,"template":"","format":"standard","meta":{"_links_to":"","_links_to_target":""},"categories":[],"tags":[],"_links":{"self":[{"href":"https:\/\/www.unesen.ca\/press\/index.php?rest_route=\/wp\/v2\/posts\/8823"}],"collection":[{"href":"https:\/\/www.unesen.ca\/press\/index.php?rest_route=\/wp\/v2\/posts"}],"about":[{"href":"https:\/\/www.unesen.ca\/press\/index.php?rest_route=\/wp\/v2\/types\/post"}],"author":[{"embeddable":true,"href":"https:\/\/www.unesen.ca\/press\/index.php?rest_route=\/wp\/v2\/users\/6"}],"replies":[{"embeddable":true,"href":"https:\/\/www.unesen.ca\/press\/index.php?rest_route=%2Fwp%2Fv2%2Fcomments&post=8823"}],"version-history":[{"count":2,"href":"https:\/\/www.unesen.ca\/press\/index.php?rest_route=\/wp\/v2\/posts\/8823\/revisions"}],"predecessor-version":[{"id":8827,"href":"https:\/\/www.unesen.ca\/press\/index.php?rest_route=\/wp\/v2\/posts\/8823\/revisions\/8827"}],"wp:attachment":[{"href":"https:\/\/www.unesen.ca\/press\/index.php?rest_route=%2Fwp%2Fv2%2Fmedia&parent=8823"}],"wp:term":[{"taxonomy":"category","embeddable":true,"href":"https:\/\/www.unesen.ca\/press\/index.php?rest_route=%2Fwp%2Fv2%2Fcategories&post=8823"},{"taxonomy":"post_tag","embeddable":true,"href":"https:\/\/www.unesen.ca\/press\/index.php?rest_route=%2Fwp%2Fv2%2Ftags&post=8823"}],"curies":[{"name":"wp","href":"https:\/\/api.w.org\/{rel}","templated":true}]}}