{"id":8811,"date":"2021-01-18T15:18:45","date_gmt":"2021-01-18T20:18:45","guid":{"rendered":"http:\/\/fr.une-sen.org\/press\/?p=8811"},"modified":"2021-01-18T15:18:47","modified_gmt":"2021-01-18T20:18:47","slug":"lafpc-et-parcs-canada-signent-la-nouvelle-convention-collective","status":"publish","type":"post","link":"https:\/\/www.unesen.ca\/press\/?p=8811&amp;lang=fr","title":{"rendered":"L\u2019AFPC et Parcs Canada signent la nouvelle convention collective"},"content":{"rendered":"\n<figure class=\"wp-block-image size-large\"><img loading=\"lazy\" width=\"960\" height=\"400\" src=\"http:\/\/www.une-sen.org\/press\/wp-content\/uploads\/2021\/01\/dsc_3731-edit_4_2-1.jpg\" alt=\"\" class=\"wp-image-8812\" srcset=\"https:\/\/www.unesen.ca\/press\/wp-content\/uploads\/2021\/01\/dsc_3731-edit_4_2-1.jpg 960w, https:\/\/www.unesen.ca\/press\/wp-content\/uploads\/2021\/01\/dsc_3731-edit_4_2-1-300x125.jpg 300w, https:\/\/www.unesen.ca\/press\/wp-content\/uploads\/2021\/01\/dsc_3731-edit_4_2-1-768x320.jpg 768w\" sizes=\"(max-width: 767px) 89vw, (max-width: 1000px) 54vw, (max-width: 1071px) 543px, 580px\" \/><\/figure>\n\n\n\n<p>18 janvier 2021<\/p>\n\n\n\n<p>L\u2019AFPC et Parcs Canada ont sign\u00e9 la semaine derni\u00e8re la nouvelle convention collective qui avait \u00e9t\u00e9&nbsp;<strong><a rel=\"noreferrer noopener\" href=\"http:\/\/syndicatafpc.ca\/ratification-nouvelles-conventions-collectives?_ga=2.82477910.1569774924.1610982759-1025052687.1610982759\" target=\"_blank\">ratifi\u00e9e par les membres le 4&nbsp;novembre<\/a><\/strong>. La nouvelle entente offre \u00e0 plus 6&nbsp;000&nbsp;travailleuses et travailleurs de Parcs Canada des augmentations de salaire concurrentielles, une plus grande parit\u00e9 avec l\u2019administration publique centrale, de meilleures conditions et une s\u00e9curit\u00e9 d\u2019emploi accrue, sans aucune concession.<\/p>\n\n\n\n<p><strong>D\u00e9but de la p\u00e9riode de mise en \u0153uvre<\/strong><\/p>\n\n\n\n<p>Les nouvelles modalit\u00e9s entrent en vigueur au moment de la signature officielle de la convention collective, \u00e0 l\u2019exception des dispositions p\u00e9cuniaires, qui sont r\u00e9troactives. Parcs Canada dispose maintenant de 180&nbsp;jours pour appliquer les augmentations salariales, les rajustements salariaux et les indemnit\u00e9s.<\/p>\n\n\n\n<p><strong><a href=\"http:\/\/syndicatafpc.ca\/parcs-canada-trousse-ratification-texte-integral?_ga=2.73952082.1569774924.1610982759-1025052687.1610982759\" target=\"_blank\" rel=\"noreferrer noopener\">Comme le pr\u00e9cise la trousse de ratification<\/a><\/strong>, l\u2019AFPC a n\u00e9goci\u00e9 un paiement forfaitaire de 500&nbsp;$ pour compenser la prolongation du d\u00e9lai de mise en \u0153uvre de la nouvelle entente et un montant de 50&nbsp;$ pour chaque retard additionnel de 90&nbsp;jours.<\/p>\n\n\n\n<p>Assurez-vous que vos coordonn\u00e9es sont \u00e0 jour dans le&nbsp;<strong><a href=\"http:\/\/syndicatafpc.ca\/user?_ga=2.119769928.1569774924.1610982759-1025052687.1610982759\" target=\"_blank\" rel=\"noreferrer noopener\">portail des membres<\/a><\/strong>&nbsp;pour recevoir l\u2019information sur la mise en \u0153uvre de votre convention collective et le<strong>&nbsp;<a href=\"http:\/\/syndicatafpc.ca\/phenix?_ga=2.77621332.1569774924.1610982759-1025052687.1610982759\" target=\"_blank\" rel=\"noreferrer noopener\">d\u00e9dommagement Ph\u00e9nix<\/a><\/strong>.<\/p>\n\n\n\n<p>Source : <a href=\"http:\/\/syndicatafpc.ca\/lafpc-parcs-canada-signent-nouvelle-convention\">L\u2019AFPC et Parcs Canada signent la nouvelle convention collective | Alliance de la Fonction publique du Canada (syndicatafpc.ca)<\/a><\/p>\n\n\n\n<p><\/p>\n","protected":false},"excerpt":{"rendered":"<p>18 janvier 2021 L\u2019AFPC et Parcs Canada ont sign\u00e9 la semaine derni\u00e8re la nouvelle convention collective qui avait \u00e9t\u00e9&nbsp;ratifi\u00e9e par les membres le 4&nbsp;novembre. La nouvelle entente offre \u00e0 plus 6&nbsp;000&nbsp;travailleuses et travailleurs de Parcs Canada des augmentations de salaire concurrentielles, une plus grande parit\u00e9 avec l\u2019administration publique centrale, de meilleures conditions et une s\u00e9curit\u00e9 &hellip; <\/p>\n<p class=\"link-more\"><a href=\"https:\/\/www.unesen.ca\/press\/?p=8811&#038;lang=fr\" class=\"more-link\">>><span class=\"screen-reader-text\"> &#8220;L\u2019AFPC et Parcs Canada signent la nouvelle convention collective&#8221;<\/span><\/a><\/p>\n","protected":false},"author":6,"featured_media":0,"comment_status":"closed","ping_status":"open","sticky":false,"template":"","format":"standard","meta":{"_links_to":"","_links_to_target":""},"categories":[],"tags":[],"_links":{"self":[{"href":"https:\/\/www.unesen.ca\/press\/index.php?rest_route=\/wp\/v2\/posts\/8811"}],"collection":[{"href":"https:\/\/www.unesen.ca\/press\/index.php?rest_route=\/wp\/v2\/posts"}],"about":[{"href":"https:\/\/www.unesen.ca\/press\/index.php?rest_route=\/wp\/v2\/types\/post"}],"author":[{"embeddable":true,"href":"https:\/\/www.unesen.ca\/press\/index.php?rest_route=\/wp\/v2\/users\/6"}],"replies":[{"embeddable":true,"href":"https:\/\/www.unesen.ca\/press\/index.php?rest_route=%2Fwp%2Fv2%2Fcomments&post=8811"}],"version-history":[{"count":4,"href":"https:\/\/www.unesen.ca\/press\/index.php?rest_route=\/wp\/v2\/posts\/8811\/revisions"}],"predecessor-version":[{"id":8816,"href":"https:\/\/www.unesen.ca\/press\/index.php?rest_route=\/wp\/v2\/posts\/8811\/revisions\/8816"}],"wp:attachment":[{"href":"https:\/\/www.unesen.ca\/press\/index.php?rest_route=%2Fwp%2Fv2%2Fmedia&parent=8811"}],"wp:term":[{"taxonomy":"category","embeddable":true,"href":"https:\/\/www.unesen.ca\/press\/index.php?rest_route=%2Fwp%2Fv2%2Fcategories&post=8811"},{"taxonomy":"post_tag","embeddable":true,"href":"https:\/\/www.unesen.ca\/press\/index.php?rest_route=%2Fwp%2Fv2%2Ftags&post=8811"}],"curies":[{"name":"wp","href":"https:\/\/api.w.org\/{rel}","templated":true}]}}