{"id":8794,"date":"2021-01-14T08:21:50","date_gmt":"2021-01-14T13:21:50","guid":{"rendered":"http:\/\/fr.une-sen.org\/press\/?p=8794"},"modified":"2021-01-14T08:21:52","modified_gmt":"2021-01-14T13:21:52","slug":"le-point-sur-le-caractere-imposable-du-dedommagement-phenix","status":"publish","type":"post","link":"https:\/\/www.unesen.ca\/press\/?p=8794&amp;lang=fr","title":{"rendered":"Le point sur le caract\u00e8re imposable du d\u00e9dommagement Ph\u00e9nix"},"content":{"rendered":"\n<figure class=\"wp-block-image size-large\"><img loading=\"lazy\" width=\"960\" height=\"400\" src=\"http:\/\/www.une-sen.org\/press\/wp-content\/uploads\/2021\/01\/gettyimages-1197360862_1_0-1.jpg\" alt=\"\" class=\"wp-image-8795\" srcset=\"https:\/\/www.unesen.ca\/press\/wp-content\/uploads\/2021\/01\/gettyimages-1197360862_1_0-1.jpg 960w, https:\/\/www.unesen.ca\/press\/wp-content\/uploads\/2021\/01\/gettyimages-1197360862_1_0-1-300x125.jpg 300w, https:\/\/www.unesen.ca\/press\/wp-content\/uploads\/2021\/01\/gettyimages-1197360862_1_0-1-768x320.jpg 768w\" sizes=\"(max-width: 767px) 89vw, (max-width: 1000px) 54vw, (max-width: 1071px) 543px, 580px\" \/><\/figure>\n\n\n\n<p>13 janvier 2021<\/p>\n\n\n\n<p>Le Conseil du Tr\u00e9sor nous a transmis les conclusions pr\u00e9liminaires de l\u2019ARC sur le caract\u00e8re imposable des d\u00e9dommagements Ph\u00e9nix. Cette lettre, pr\u00e9par\u00e9e \u00e0 la demande du Conseil du Tr\u00e9sor sans la participation de l\u2019AFPC, n\u2019est&nbsp;<strong>pas<\/strong>&nbsp;une d\u00e9cision fiscale formelle et nous la contesterons.<\/p>\n\n\n\n<p>Nous r\u00e9affirmons qu\u2019en raison du \u00ab&nbsp;stress, de l\u2019exasp\u00e9ration, de la douleur et de la souffrance&nbsp;\u00bb subis par nos membres et de la mise en \u0153uvre tardive des conventions collectives, ces d\u00e9dommagements ne sont pas imposables. Ce que l\u2019ARC a reconnu dans d\u2019autres cas connexes.<\/p>\n\n\n\n<p>Nous avons&nbsp;<a href=\"http:\/\/syndicatafpc.ca\/dommages-causes-phenix-lafpc-obtient-meilleure\" target=\"_blank\" rel=\"noreferrer noopener\"><strong>soigneusement n\u00e9goci\u00e9 une entente<\/strong><\/a>&nbsp;qui tient compte des nombreuses r\u00e9percussions que nos membres ont subies, notamment le fardeau \u00e9motionnel li\u00e9 \u00e0 la mise en \u0153uvre du syst\u00e8me de paye Ph\u00e9nix. En raison de la nature du d\u00e9dommagement, les montants octroy\u00e9s ne devraient pas \u00eatre imposables. La lettre de l\u2019ARC contient plusieurs erreurs factuelles importantes et applique \u00e0 tort les principes d\u2019imp\u00f4t pertinents.<\/p>\n\n\n\n<p>Nous avons communiqu\u00e9 avec le Conseil du Tr\u00e9sor et l\u2019ARC concernant nos pr\u00e9occupations et nous nous efforcerons de r\u00e9soudre ces probl\u00e8mes. Nous voulons \u00e9viter de longues disputes complexes afin que nos membres puissent obtenir le d\u00e9dommagement qui leur est d\u00fb.<\/p>\n\n\n\n<p>R\u00e9soudre ces enjeux nous importe beaucoup et nous tiendrons les membres au courant des d\u00e9veloppements. Nous leur transmettrons aussi les dates auxquelles ils recevront leur paiement, aussit\u00f4t que le Conseil du Tr\u00e9sor nous en fera part.<\/p>\n\n\n\n<p>Source : <a href=\"http:\/\/syndicatafpc.ca\/point-sur-caractere-imposable-du-dedommagement?_ga=2.45521060.1032551574.1610629576-1121130890.1580157739\">Le point sur le caract\u00e8re imposable du d\u00e9dommagement Ph\u00e9nix | Alliance de la Fonction publique du Canada (syndicatafpc.ca)<\/a><\/p>\n","protected":false},"excerpt":{"rendered":"<p>13 janvier 2021 Le Conseil du Tr\u00e9sor nous a transmis les conclusions pr\u00e9liminaires de l\u2019ARC sur le caract\u00e8re imposable des d\u00e9dommagements Ph\u00e9nix. Cette lettre, pr\u00e9par\u00e9e \u00e0 la demande du Conseil du Tr\u00e9sor sans la participation de l\u2019AFPC, n\u2019est&nbsp;pas&nbsp;une d\u00e9cision fiscale formelle et nous la contesterons. Nous r\u00e9affirmons qu\u2019en raison du \u00ab&nbsp;stress, de l\u2019exasp\u00e9ration, de la &hellip; <\/p>\n<p class=\"link-more\"><a href=\"https:\/\/www.unesen.ca\/press\/?p=8794&#038;lang=fr\" class=\"more-link\">>><span class=\"screen-reader-text\"> &#8220;Le point sur le caract\u00e8re imposable du d\u00e9dommagement Ph\u00e9nix&#8221;<\/span><\/a><\/p>\n","protected":false},"author":6,"featured_media":0,"comment_status":"closed","ping_status":"open","sticky":false,"template":"","format":"standard","meta":{"_links_to":"","_links_to_target":""},"categories":[],"tags":[],"_links":{"self":[{"href":"https:\/\/www.unesen.ca\/press\/index.php?rest_route=\/wp\/v2\/posts\/8794"}],"collection":[{"href":"https:\/\/www.unesen.ca\/press\/index.php?rest_route=\/wp\/v2\/posts"}],"about":[{"href":"https:\/\/www.unesen.ca\/press\/index.php?rest_route=\/wp\/v2\/types\/post"}],"author":[{"embeddable":true,"href":"https:\/\/www.unesen.ca\/press\/index.php?rest_route=\/wp\/v2\/users\/6"}],"replies":[{"embeddable":true,"href":"https:\/\/www.unesen.ca\/press\/index.php?rest_route=%2Fwp%2Fv2%2Fcomments&post=8794"}],"version-history":[{"count":5,"href":"https:\/\/www.unesen.ca\/press\/index.php?rest_route=\/wp\/v2\/posts\/8794\/revisions"}],"predecessor-version":[{"id":8803,"href":"https:\/\/www.unesen.ca\/press\/index.php?rest_route=\/wp\/v2\/posts\/8794\/revisions\/8803"}],"wp:attachment":[{"href":"https:\/\/www.unesen.ca\/press\/index.php?rest_route=%2Fwp%2Fv2%2Fmedia&parent=8794"}],"wp:term":[{"taxonomy":"category","embeddable":true,"href":"https:\/\/www.unesen.ca\/press\/index.php?rest_route=%2Fwp%2Fv2%2Fcategories&post=8794"},{"taxonomy":"post_tag","embeddable":true,"href":"https:\/\/www.unesen.ca\/press\/index.php?rest_route=%2Fwp%2Fv2%2Ftags&post=8794"}],"curies":[{"name":"wp","href":"https:\/\/api.w.org\/{rel}","templated":true}]}}