{"id":8785,"date":"2021-01-11T07:01:48","date_gmt":"2021-01-11T12:01:48","guid":{"rendered":"http:\/\/fr.une-sen.org\/press\/?p=8785"},"modified":"2021-01-11T07:01:49","modified_gmt":"2021-01-11T12:01:49","slug":"conge-699-dautres-griefs-de-principe-et-une-plainte-en-matiere-de-droits-de-la-personne","status":"publish","type":"post","link":"https:\/\/www.unesen.ca\/press\/?p=8785&amp;lang=fr","title":{"rendered":"Cong\u00e9 699 : d\u2019autres griefs de principe et une plainte en mati\u00e8re de droits de la personne"},"content":{"rendered":"\n<figure class=\"wp-block-image size-large\"><img loading=\"lazy\" width=\"1024\" height=\"538\" src=\"http:\/\/www.une-sen.org\/press\/wp-content\/uploads\/2021\/01\/WFH-1-1024x538.png\" alt=\"\" class=\"wp-image-8786\" srcset=\"https:\/\/www.unesen.ca\/press\/wp-content\/uploads\/2021\/01\/WFH-1-1024x538.png 1024w, https:\/\/www.unesen.ca\/press\/wp-content\/uploads\/2021\/01\/WFH-1-300x158.png 300w, https:\/\/www.unesen.ca\/press\/wp-content\/uploads\/2021\/01\/WFH-1-768x403.png 768w, https:\/\/www.unesen.ca\/press\/wp-content\/uploads\/2021\/01\/WFH-1.png 1200w\" sizes=\"(max-width: 767px) 89vw, (max-width: 1000px) 54vw, (max-width: 1071px) 543px, 580px\" \/><\/figure>\n\n\n\n<p>L\u2019AFPC a d\u00e9pos\u00e9 des griefs de principe contre le Conseil du Tr\u00e9sor, l\u2019ACIA et d\u2019autres agences qui ont restreint l\u2019utilisation du cong\u00e9&nbsp;699 par les membres qui ne peuvent travailler en raison de la pand\u00e9mie. Ces griefs s\u2019ajoutent \u00e0&nbsp;<a href=\"http:\/\/syndicatafpc.ca\/changements-conge-699-lafpc-engage-dautres?_ga=2.101870273.1565843784.1610049184-1236042247.1568402190\">deux autres griefs de principe d\u00e9pos\u00e9s contre le Conseil du Tr\u00e9sor en octobre<\/a>.<\/p>\n\n\n\n<p><a href=\"http:\/\/syndicatafpc.ca\/changements-conge-699-lafpc-engage-dautres?_ga=2.217854801.697599683.1610107650-1491720172.1610107650\">En novembre<\/a>, le Conseil du Tr\u00e9sor et d\u2019autres agences ont modifi\u00e9 leurs directives au sujet du cong\u00e9&nbsp;699 afin d\u2019obliger les fonctionnaires f\u00e9d\u00e9raux \u00e0 \u00e9puiser tous leurs cong\u00e9s avant d\u2019utiliser cet \u00ab&nbsp;autre cong\u00e9 pay\u00e9&nbsp;\u00bb.<\/p>\n\n\n\n<p>Ce changement a un impact disproportionn\u00e9 sur les groupes&nbsp;<a href=\"http:\/\/syndicatafpc.ca\/lafpc-demande-gouvernements-dempecher-que-covid-19?_ga=2.57824365.697599683.1610107650-1491720172.1610107650\">qui sont les plus durement frapp\u00e9s par la pand\u00e9mie<\/a>, comme les femmes, les personnes racialis\u00e9es, les personnes ayant un handicap et celles qui ont des obligations familiales.<\/p>\n\n\n\n<p>Les parents qui doivent retirer leurs enfants malades de la garderie ou de l\u2019\u00e9cole et les fonctionnaires qui prennent soin de leurs proches doivent maintenant utiliser leurs cong\u00e9s annuels ou de maladie en raison de circonstances ind\u00e9pendantes de leur volont\u00e9. Tout cela au moment o\u00f9 les provinces resserrent les mesures de confinement, ce qui accentue la pression sur les travailleurs et travailleuses partout au pays.<\/p>\n\n\n\n<p>Les restrictions impos\u00e9es par le gouvernement f\u00e9d\u00e9ral vont directement \u00e0 l\u2019encontre des conventions collectives et de la&nbsp;<em>Loi canadienne sur les droits de la personne<\/em>. L\u2019AFPC d\u00e9posera d\u2019ailleurs une plainte aupr\u00e8s de la&nbsp;<a href=\"https:\/\/www.chrc-ccdp.gc.ca\/fra\">Commission canadienne des droits de la personne<\/a>.<\/p>\n\n\n\n<p>Les fonctionnaires sont en droit d\u2019utiliser le cong\u00e9&nbsp;699. Il fait partie de leurs conventions collectives et ne peut leur \u00eatre retir\u00e9 de fa\u00e7on arbitraire par la direction. La nouvelle r\u00e8gle du Conseil du Tr\u00e9sor est incompatible avec la crise sanitaire qui frappe la population canadienne et nuit au bien-\u00eatre des fonctionnaires f\u00e9d\u00e9raux.<\/p>\n\n\n\n<p>L\u2019AFPC continuera donc de se battre pour que ses membres, particuli\u00e8rement les femmes, les proches aidants, les personnes racialis\u00e9es et les personnes ayant un handicap, continuent d\u2019avoir acc\u00e8s au soutien n\u00e9cessaire et aux cong\u00e9s pay\u00e9s\u00a0699 durant la pand\u00e9mie.<\/p>\n\n\n\n<p>Source : <a href=\"http:\/\/syndicatafpc.ca\/conge-699-dautres-griefs-principe-plainte-en\">http:\/\/syndicatafpc.ca\/conge-699-dautres-griefs-principe-plainte-en<\/a><\/p>\n","protected":false},"excerpt":{"rendered":"<p>L\u2019AFPC a d\u00e9pos\u00e9 des griefs de principe contre le Conseil du Tr\u00e9sor, l\u2019ACIA et d\u2019autres agences qui ont restreint l\u2019utilisation du cong\u00e9&nbsp;699 par les membres qui ne peuvent travailler en raison de la pand\u00e9mie. Ces griefs s\u2019ajoutent \u00e0&nbsp;deux autres griefs de principe d\u00e9pos\u00e9s contre le Conseil du Tr\u00e9sor en octobre. En novembre, le Conseil du &hellip; <\/p>\n<p class=\"link-more\"><a href=\"https:\/\/www.unesen.ca\/press\/?p=8785&#038;lang=fr\" class=\"more-link\">>><span class=\"screen-reader-text\"> &#8220;Cong\u00e9 699 : d\u2019autres griefs de principe et une plainte en mati\u00e8re de droits de la personne&#8221;<\/span><\/a><\/p>\n","protected":false},"author":2,"featured_media":0,"comment_status":"closed","ping_status":"open","sticky":false,"template":"","format":"standard","meta":{"_links_to":"","_links_to_target":""},"categories":[],"tags":[],"_links":{"self":[{"href":"https:\/\/www.unesen.ca\/press\/index.php?rest_route=\/wp\/v2\/posts\/8785"}],"collection":[{"href":"https:\/\/www.unesen.ca\/press\/index.php?rest_route=\/wp\/v2\/posts"}],"about":[{"href":"https:\/\/www.unesen.ca\/press\/index.php?rest_route=\/wp\/v2\/types\/post"}],"author":[{"embeddable":true,"href":"https:\/\/www.unesen.ca\/press\/index.php?rest_route=\/wp\/v2\/users\/2"}],"replies":[{"embeddable":true,"href":"https:\/\/www.unesen.ca\/press\/index.php?rest_route=%2Fwp%2Fv2%2Fcomments&post=8785"}],"version-history":[{"count":1,"href":"https:\/\/www.unesen.ca\/press\/index.php?rest_route=\/wp\/v2\/posts\/8785\/revisions"}],"predecessor-version":[{"id":8787,"href":"https:\/\/www.unesen.ca\/press\/index.php?rest_route=\/wp\/v2\/posts\/8785\/revisions\/8787"}],"wp:attachment":[{"href":"https:\/\/www.unesen.ca\/press\/index.php?rest_route=%2Fwp%2Fv2%2Fmedia&parent=8785"}],"wp:term":[{"taxonomy":"category","embeddable":true,"href":"https:\/\/www.unesen.ca\/press\/index.php?rest_route=%2Fwp%2Fv2%2Fcategories&post=8785"},{"taxonomy":"post_tag","embeddable":true,"href":"https:\/\/www.unesen.ca\/press\/index.php?rest_route=%2Fwp%2Fv2%2Ftags&post=8785"}],"curies":[{"name":"wp","href":"https:\/\/api.w.org\/{rel}","templated":true}]}}