{"id":8768,"date":"2020-12-14T09:49:24","date_gmt":"2020-12-14T14:49:24","guid":{"rendered":"http:\/\/fr.une-sen.org\/press\/?p=8768"},"modified":"2020-12-14T09:49:26","modified_gmt":"2020-12-14T14:49:26","slug":"negociations-avec-le-conseil-du-tresor-dites-nous-comment-ameliorer-votre-convention-collective","status":"publish","type":"post","link":"https:\/\/www.unesen.ca\/press\/?p=8768&amp;lang=fr","title":{"rendered":"N\u00e9gociations avec le Conseil du Tr\u00e9sor : Dites-nous comment am\u00e9liorer votre convention collective"},"content":{"rendered":"\n<figure class=\"wp-block-image size-large\"><img loading=\"lazy\" width=\"960\" height=\"400\" src=\"http:\/\/www.une-sen.org\/press\/wp-content\/uploads\/2020\/12\/bargaining_input_-_proposition_de_nego-1.jpg\" alt=\"\" class=\"wp-image-8769\" srcset=\"https:\/\/www.unesen.ca\/press\/wp-content\/uploads\/2020\/12\/bargaining_input_-_proposition_de_nego-1.jpg 960w, https:\/\/www.unesen.ca\/press\/wp-content\/uploads\/2020\/12\/bargaining_input_-_proposition_de_nego-1-300x125.jpg 300w, https:\/\/www.unesen.ca\/press\/wp-content\/uploads\/2020\/12\/bargaining_input_-_proposition_de_nego-1-768x320.jpg 768w\" sizes=\"(max-width: 767px) 89vw, (max-width: 1000px) 54vw, (max-width: 1071px) 543px, 580px\" \/><\/figure>\n\n\n\n<p>11 d\u00e9cembre 2020<\/p>\n\n\n\n<p>L\u2019AFPC se pr\u00e9pare \u00e0 la prochaine ronde de n\u00e9gociations pour les&nbsp;<a href=\"http:\/\/syndicatafpc.ca\/groupe-pa?_ga=2.95602972.1227275597.1607610823-2050668281.1558442663\" target=\"_blank\" rel=\"noreferrer noopener\">groupes PA (Services des programmes et de l\u2019administration)<\/a>,&nbsp;<a href=\"http:\/\/syndicatafpc.ca\/groupe-tc?_ga=2.21226939.1227275597.1607610823-2050668281.1558442663\" target=\"_blank\" rel=\"noreferrer noopener\">TC (Services techniques)<\/a>,&nbsp;<a href=\"http:\/\/syndicatafpc.ca\/groupe-sv?_ga=2.88247963.1227275597.1607610823-2050668281.1558442663\" target=\"_blank\" rel=\"noreferrer noopener\">SV (Services d\u2019exploitation)<\/a>&nbsp;et&nbsp;<a href=\"http:\/\/syndicatafpc.ca\/groupe-eb-0?_ga=2.67168529.1227275597.1607610823-2050668281.1558442663\" target=\"_blank\" rel=\"noreferrer noopener\">EB (Enseignement et biblioth\u00e9conomie)<\/a>. Pour entamer le processus, nous avons besoin de votre avis.<\/p>\n\n\n\n<p>Que souhaitez-vous voir dans votre prochaine convention collective? De meilleures conditions de t\u00e9l\u00e9travail? Un meilleur \u00e9quilibre travail-vie personnelle? Plus de ressources en sant\u00e9 mentale? C\u2019est l\u2019occasion de nous pr\u00e9senter vos id\u00e9es. En tant que syndicat, nous tirons notre force de la participation de nos membres.<\/p>\n\n\n\n<p><strong>Envoyez-nous vos propositions au moyen de notre&nbsp;<a href=\"http:\/\/syndicatafpc.ca\/eform\/submit\/bargaining-input\" target=\"_blank\" rel=\"noreferrer noopener\">formulaire en ligne<\/a>.<\/strong><\/p>\n\n\n\n<p>C\u2019est simple et rapide. Si vous n\u2019avez pas de compte,&nbsp;<a href=\"http:\/\/syndicatafpc.ca\/user?_ga=2.259097738.1227275597.1607610823-2050668281.1558442663\" target=\"_blank\" rel=\"noreferrer noopener\">vous pouvez en cr\u00e9er un d\u00e8s maintenant<\/a>.<\/p>\n\n\n\n<p><strong>Nous acceptons les propositions jusqu\u2019au 31&nbsp;janvier&nbsp;2021.<\/strong><\/p>\n\n\n\n<p>Votre \u00c9l\u00e9ment et l\u2019AFPC examineront ensuite toutes vos propositions et les pr\u00e9senteront \u00e0 la conf\u00e9rence sur la n\u00e9gociation du printemps prochain. \u00c0 cette occasion, les d\u00e9l\u00e9gations des sections locales du pays les classeront par ordre de priorit\u00e9 en vue des n\u00e9gociations, qui devraient commencer \u00e0 l\u2019\u00e9t\u00e9&nbsp;2021.<\/p>\n\n\n\n<p>Les conventions collectives en cours viennent \u00e0 \u00e9ch\u00e9ance aux dates suivantes&nbsp;:<\/p>\n\n\n\n<p><strong>PA<\/strong>&nbsp;: 20&nbsp;juin&nbsp;2021<br><strong>TC<\/strong>&nbsp;: 21&nbsp;juin&nbsp;2021<br><strong>SV<\/strong>&nbsp;: 4&nbsp;ao\u00fbt&nbsp;2021<br><strong>EB<\/strong>&nbsp;: 30&nbsp;juin&nbsp;2021<\/p>\n\n\n\n<p>Assurez-vous que vos coordonn\u00e9es sont \u00e0 jour dans le&nbsp;<a href=\"http:\/\/syndicatafpc.ca\/user?_ga=2.96133788.1227275597.1607610823-2050668281.1558442663\" target=\"_blank\" rel=\"noreferrer noopener\">portail des membres<\/a>&nbsp;pour recevoir les derni\u00e8res nouvelles sur l\u2019\u00e9tat des pr\u00e9paratifs.<\/p>\n\n\n\n<p>Source : <a href=\"http:\/\/syndicatafpc.ca\/negociations-avec-conseil-du-tresor-dites-nous?_ga=2.230240540.1277091522.1607954254-1121130890.1580157739\">N\u00e9gociations avec le Conseil du Tr\u00e9sor : Dites-nous comment am\u00e9liorer votre convention collective | Alliance de la Fonction publique du Canada (syndicatafpc.ca)<\/a><\/p>\n","protected":false},"excerpt":{"rendered":"<p>11 d\u00e9cembre 2020 L\u2019AFPC se pr\u00e9pare \u00e0 la prochaine ronde de n\u00e9gociations pour les&nbsp;groupes PA (Services des programmes et de l\u2019administration),&nbsp;TC (Services techniques),&nbsp;SV (Services d\u2019exploitation)&nbsp;et&nbsp;EB (Enseignement et biblioth\u00e9conomie). Pour entamer le processus, nous avons besoin de votre avis. Que souhaitez-vous voir dans votre prochaine convention collective? De meilleures conditions de t\u00e9l\u00e9travail? Un meilleur \u00e9quilibre travail-vie &hellip; <\/p>\n<p class=\"link-more\"><a href=\"https:\/\/www.unesen.ca\/press\/?p=8768&#038;lang=fr\" class=\"more-link\">>><span class=\"screen-reader-text\"> &#8220;N\u00e9gociations avec le Conseil du Tr\u00e9sor : Dites-nous comment am\u00e9liorer votre convention collective&#8221;<\/span><\/a><\/p>\n","protected":false},"author":6,"featured_media":0,"comment_status":"closed","ping_status":"open","sticky":false,"template":"","format":"standard","meta":{"_links_to":"","_links_to_target":""},"categories":[],"tags":[],"_links":{"self":[{"href":"https:\/\/www.unesen.ca\/press\/index.php?rest_route=\/wp\/v2\/posts\/8768"}],"collection":[{"href":"https:\/\/www.unesen.ca\/press\/index.php?rest_route=\/wp\/v2\/posts"}],"about":[{"href":"https:\/\/www.unesen.ca\/press\/index.php?rest_route=\/wp\/v2\/types\/post"}],"author":[{"embeddable":true,"href":"https:\/\/www.unesen.ca\/press\/index.php?rest_route=\/wp\/v2\/users\/6"}],"replies":[{"embeddable":true,"href":"https:\/\/www.unesen.ca\/press\/index.php?rest_route=%2Fwp%2Fv2%2Fcomments&post=8768"}],"version-history":[{"count":2,"href":"https:\/\/www.unesen.ca\/press\/index.php?rest_route=\/wp\/v2\/posts\/8768\/revisions"}],"predecessor-version":[{"id":8772,"href":"https:\/\/www.unesen.ca\/press\/index.php?rest_route=\/wp\/v2\/posts\/8768\/revisions\/8772"}],"wp:attachment":[{"href":"https:\/\/www.unesen.ca\/press\/index.php?rest_route=%2Fwp%2Fv2%2Fmedia&parent=8768"}],"wp:term":[{"taxonomy":"category","embeddable":true,"href":"https:\/\/www.unesen.ca\/press\/index.php?rest_route=%2Fwp%2Fv2%2Fcategories&post=8768"},{"taxonomy":"post_tag","embeddable":true,"href":"https:\/\/www.unesen.ca\/press\/index.php?rest_route=%2Fwp%2Fv2%2Ftags&post=8768"}],"curies":[{"name":"wp","href":"https:\/\/api.w.org\/{rel}","templated":true}]}}