{"id":876,"date":"2012-05-01T20:10:39","date_gmt":"2012-05-02T00:10:39","guid":{"rendered":"http:\/\/www.une-sen.org\/press\/?p=876"},"modified":"2014-02-25T19:01:12","modified_gmt":"2014-02-25T19:01:12","slug":"solidarite-contre-lausterite","status":"publish","type":"post","link":"https:\/\/www.unesen.ca\/press\/?p=876&amp;lang=fr","title":{"rendered":"Solidarit\u00e9 contre l&#8217;aust\u00e9rit\u00e9"},"content":{"rendered":"<p><img loading=\"lazy\" class=\"alignnone size-full wp-image-893\" title=\"MAY1_F\" alt=\"\" src=\"http:\/\/www.une-sen.org\/press\/wp-content\/uploads\/2012\/05\/MAY1_F1.jpg\" width=\"541\" height=\"360\" srcset=\"https:\/\/www.unesen.ca\/press\/wp-content\/uploads\/2012\/05\/MAY1_F1.jpg 541w, https:\/\/www.unesen.ca\/press\/wp-content\/uploads\/2012\/05\/MAY1_F1-300x199.jpg 300w\" sizes=\"(max-width: 541px) 100vw, 541px\" \/><\/p>\n<p>Aujourd\u2019hui, des membres du Syndicat des employ\u00e9es et employ\u00e9s nationaux se sont joints \u00e0 un rassemblement contre l\u2019aust\u00e9rit\u00e9 \u00e0 Ottawa. Le rassemblement a attir\u00e9 plus de 1500 militantes et militants; plusieurs d\u2019entre eux \u00e9taient des membres du SEN des quatre coins du Canada qui \u00e9taient \u00e0 Ottawa pour participer au Congr\u00e8s national triennal de l\u2019AFPC.<\/p>\n<p>\u00ab Nous sommes ici pour livrer un message clair \u00bb, dit Larry Rousseau, Vice-pr\u00e9sident ex\u00e9cutif r\u00e9gional de la r\u00e9gion de la Capitale nationale de l\u2019AFPC, \u00ab lorsque vous vous attaquez aux services publics \u2013 lorsque vous d\u00e9truisez les services publics \u2013 vous d\u00e9truisez le Canada. \u00bb<\/p>\n<p>Une chose est certaine, nos membres \u00e9taient pleins d\u2019\u00e9nergie lors du rassemblement. \u00ab C\u2019\u00e9tait excellent \u00bb, dit Mike Leblanc, le Vice-pr\u00e9sident r\u00e9gional adjoint de l\u2019Atlantique (NB). \u00ab Nous avons besoin d\u2019en avoir davantage et partout \u00e0 travers le pays. \u00bb<\/p>\n<p>Plusieurs autres groupes militants pr\u00f4nant la justice sociale y \u00e9taient \u00e9galement. Parmi les organisations, il y avait des militantes et militants d\u2019<a href=\"http:\/\/www.facebook.com\/acorncanada\">ACORN Canada<\/a>, un groupe qui vise \u00e0 renforcer le pouvoir des familles \u00e0 faible revenu ou au revenu moyen. Nous avons aussi retrouv\u00e9 parmi la foule Bridget Tolley et Kristen Gilchrist, des b\u00e9n\u00e9voles de <a href=\"http:\/\/www.facebook.com\/pages\/Families-of-Sisters-in-Spirit\/169989823049052\">Families of Sisters in Spirit<\/a>; une organisation qui r\u00e9clame justice pour les femmes autochtones assassin\u00e9es et port\u00e9es disparues \u00e0 travers le Canada.<\/p>\n<p><img loading=\"lazy\" class=\"alignnone size-full wp-image-890\" title=\"Untitled-3\" alt=\"\" src=\"http:\/\/www.une-sen.org\/press\/wp-content\/uploads\/2012\/05\/Untitled-31.jpg\" width=\"30\" height=\"30\" \/> Nous avons une tonne de photos du rassemblement. Allez les voir sur <a href=\"http:\/\/www.flickr.com\/photos\/element_national_component\/sets\/72157629944023959\/\">notre page Flickr<\/a>!<\/p>\n","protected":false},"excerpt":{"rendered":"<p>Aujourd\u2019hui, des membres du Syndicat des employ\u00e9es et employ\u00e9s nationaux se sont joints \u00e0 un rassemblement contre l\u2019aust\u00e9rit\u00e9 \u00e0 Ottawa. Le rassemblement a attir\u00e9 plus de 1500 militantes et militants; plusieurs d\u2019entre eux \u00e9taient des membres du SEN des quatre coins du Canada qui \u00e9taient \u00e0 Ottawa pour participer au Congr\u00e8s national triennal de l\u2019AFPC. &hellip; <\/p>\n<p class=\"link-more\"><a href=\"https:\/\/www.unesen.ca\/press\/?p=876&#038;lang=fr\" class=\"more-link\">>><span class=\"screen-reader-text\"> &#8220;Solidarit\u00e9 contre l&#8217;aust\u00e9rit\u00e9&#8221;<\/span><\/a><\/p>\n","protected":false},"author":3,"featured_media":0,"comment_status":"open","ping_status":"open","sticky":false,"template":"","format":"standard","meta":{"_links_to":"","_links_to_target":""},"categories":[],"tags":[],"_links":{"self":[{"href":"https:\/\/www.unesen.ca\/press\/index.php?rest_route=\/wp\/v2\/posts\/876"}],"collection":[{"href":"https:\/\/www.unesen.ca\/press\/index.php?rest_route=\/wp\/v2\/posts"}],"about":[{"href":"https:\/\/www.unesen.ca\/press\/index.php?rest_route=\/wp\/v2\/types\/post"}],"author":[{"embeddable":true,"href":"https:\/\/www.unesen.ca\/press\/index.php?rest_route=\/wp\/v2\/users\/3"}],"replies":[{"embeddable":true,"href":"https:\/\/www.unesen.ca\/press\/index.php?rest_route=%2Fwp%2Fv2%2Fcomments&post=876"}],"version-history":[{"count":1,"href":"https:\/\/www.unesen.ca\/press\/index.php?rest_route=\/wp\/v2\/posts\/876\/revisions"}],"predecessor-version":[{"id":3545,"href":"https:\/\/www.unesen.ca\/press\/index.php?rest_route=\/wp\/v2\/posts\/876\/revisions\/3545"}],"wp:attachment":[{"href":"https:\/\/www.unesen.ca\/press\/index.php?rest_route=%2Fwp%2Fv2%2Fmedia&parent=876"}],"wp:term":[{"taxonomy":"category","embeddable":true,"href":"https:\/\/www.unesen.ca\/press\/index.php?rest_route=%2Fwp%2Fv2%2Fcategories&post=876"},{"taxonomy":"post_tag","embeddable":true,"href":"https:\/\/www.unesen.ca\/press\/index.php?rest_route=%2Fwp%2Fv2%2Ftags&post=876"}],"curies":[{"name":"wp","href":"https:\/\/api.w.org\/{rel}","templated":true}]}}