{"id":8759,"date":"2020-12-10T10:28:33","date_gmt":"2020-12-10T15:28:33","guid":{"rendered":"http:\/\/fr.une-sen.org\/press\/?p=8759"},"modified":"2020-12-10T10:28:35","modified_gmt":"2020-12-10T15:28:35","slug":"journee-internationale-des-droits-de-la-personne%e2%80%af-contrer-les-effets-de-la-covid-19-sur-les-communautes-marginalisees","status":"publish","type":"post","link":"https:\/\/www.unesen.ca\/press\/?p=8759&amp;lang=fr","title":{"rendered":"Journ\u00e9e internationale des droits de la personne\u202f: contrer les effets de la COVID-19 sur les communaut\u00e9s marginalis\u00e9es"},"content":{"rendered":"\n<figure class=\"wp-block-image size-large\"><img loading=\"lazy\" width=\"960\" height=\"400\" src=\"http:\/\/www.une-sen.org\/press\/wp-content\/uploads\/2020\/12\/gettyimages-1274688751-1.jpg\" alt=\"\" class=\"wp-image-8760\" srcset=\"https:\/\/www.unesen.ca\/press\/wp-content\/uploads\/2020\/12\/gettyimages-1274688751-1.jpg 960w, https:\/\/www.unesen.ca\/press\/wp-content\/uploads\/2020\/12\/gettyimages-1274688751-1-300x125.jpg 300w, https:\/\/www.unesen.ca\/press\/wp-content\/uploads\/2020\/12\/gettyimages-1274688751-1-768x320.jpg 768w\" sizes=\"(max-width: 767px) 89vw, (max-width: 1000px) 54vw, (max-width: 1071px) 543px, 580px\" \/><\/figure>\n\n\n\n<p>10 d\u00e9cembre 2020<\/p>\n\n\n\n<p>La&nbsp;Journ\u00e9e internationale des droits de la personne est l\u2019occasion de r\u00e9affirmer notre engagement envers les droits de la personne,&nbsp;ici et ailleurs dans le monde.&nbsp;<\/p>\n\n\n\n<p>Il y a soixante-douze ans, le 10 d\u00e9cembre 1948,&nbsp;les Nations Unies adoptaient la D\u00e9claration&nbsp;universelle&nbsp;des droits de l\u2019homme, un document r\u00e9volutionnaire \u00e0 l\u2019\u00e9poque.&nbsp;&nbsp;<\/p>\n\n\n\n<p>Le monde sortait tout juste d\u2019une guerre sans merci ayant tu\u00e9 75 millions de personnes.&nbsp;Les gens et les travailleurs r\u00e9clamaient un avenir meilleur. Ils voulaient la paix. Ils voulaient des emplois. Et ils voulaient mettre fin \u00e0 toutes les formes de discrimination. Ils savaient que la paix passait par l\u2019\u00e9quit\u00e9 et la justice. Les nations puissantes du monde entier n\u2019ont eu d\u2019autre choix que de r\u00e9agir.&nbsp;<\/p>\n\n\n\n<p>Depuis neuf mois, nous sommes au c\u0153ur d\u2019une autre catastrophe mondiale. Au Canada,&nbsp;les communaut\u00e9s marginalis\u00e9es sont&nbsp;le plus&nbsp;durement touch\u00e9es par la pand\u00e9mie\u202f: les personnes ayant un handicap, les Autochtones, les communaut\u00e9s noires et racialis\u00e9es, les a\u00een\u00e9s, les femmes, les LGBTQ2+&nbsp;ainsi&nbsp;que les personnes \u00e0 faible revenu, sans emploi ou sans abri.&nbsp;&nbsp;<\/p>\n\n\n\n<p>La pand\u00e9mie a lev\u00e9 le voile sur des iniquit\u00e9s bien ancr\u00e9es comme les violences polici\u00e8res disproportionn\u00e9es envers les personnes noires et autochtones.&nbsp;Les travailleuses et travailleurs noirs et racialis\u00e9s ainsi que les femmes&nbsp;et les&nbsp;personnes ayant un handicap&nbsp;ont&nbsp;souffert&nbsp;le plus&nbsp;de cette crise. Ces personnes occupent en grande partie les emplois de premi\u00e8re ligne, \u00e0 faible salaire et \u00e0 risque. Ce sont davantage les femmes que les hommes qui ont d\u00fb quitter leur emploi ou r\u00e9duire leurs heures de travail pour prendre soin des enfants et des a\u00een\u00e9s.&nbsp;<\/p>\n\n\n\n<p>Alors que nous commen\u00e7ons peu \u00e0 peu \u00e0 nous remettre des ravages de cette pand\u00e9mie, nous devons nous aussi exiger un&nbsp;monde&nbsp;meilleur&nbsp;et nous mobiliser pour les changements souhait\u00e9s. La pand\u00e9mie a lev\u00e9 le voile sur les in\u00e9galit\u00e9s syst\u00e9miques de longue date au pays.&nbsp;Nous devons aplanir ces in\u00e9galit\u00e9s.&nbsp;<\/p>\n\n\n\n<p>C\u2019est pourquoi le gouvernement f\u00e9d\u00e9ral doit\u202f:&nbsp;<\/p>\n\n\n\n<ul><li>tenir&nbsp;sa promesse de cr\u00e9er un r\u00e9seau&nbsp;pancanadien de services de garde universels, abordables et de qualit\u00e9;&nbsp;<\/li><\/ul>\n\n\n\n<ul><li>prot\u00e9ger&nbsp;les a\u00een\u00e9s et les plus vuln\u00e9rables&nbsp;en veillant \u00e0 ce que les profits dans les soins de longue dur\u00e9e ne fassent&nbsp;pas&nbsp;partie de l\u2019\u00e9quation;&nbsp;<\/li><li>faire&nbsp;des avanc\u00e9es concr\u00e8tes et veiller au financement de ses promesses en vue d\u2019accro\u00eetre la diversit\u00e9 et l\u2019inclusion dans les milieux de travail et d\u2019\u00e9liminer le racisme syst\u00e9mique partout au Canada;&nbsp;<\/li><li>assurer&nbsp;la mise en \u0153uvre de la D\u00e9claration des Nations Unies sur les droits des peuples autochtones.&nbsp;<\/li><\/ul>\n\n\n\n<p>La relance \u00e9quitable&nbsp;post-pand\u00e9mie sera la priorit\u00e9 de l\u2019AFPC.&nbsp;<\/p>\n\n\n\n<p>Source : <a href=\"http:\/\/syndicatafpc.ca\/journee-internationale-droits-personne-contrer?_ga=2.148727924.216870736.1607612054-1121130890.1580157739\">Journ\u00e9e internationale des droits de la personne\u202f: contrer les effets de la COVID-19 sur les communaut\u00e9s marginalis\u00e9es | Alliance de la Fonction publique du Canada (syndicatafpc.ca)<\/a><\/p>\n\n\n\n<p><\/p>\n","protected":false},"excerpt":{"rendered":"<p>10 d\u00e9cembre 2020 La&nbsp;Journ\u00e9e internationale des droits de la personne est l\u2019occasion de r\u00e9affirmer notre engagement envers les droits de la personne,&nbsp;ici et ailleurs dans le monde.&nbsp; Il y a soixante-douze ans, le 10 d\u00e9cembre 1948,&nbsp;les Nations Unies adoptaient la D\u00e9claration&nbsp;universelle&nbsp;des droits de l\u2019homme, un document r\u00e9volutionnaire \u00e0 l\u2019\u00e9poque.&nbsp;&nbsp; Le monde sortait tout juste d\u2019une &hellip; <\/p>\n<p class=\"link-more\"><a href=\"https:\/\/www.unesen.ca\/press\/?p=8759&#038;lang=fr\" class=\"more-link\">>><span class=\"screen-reader-text\"> &#8220;Journ\u00e9e internationale des droits de la personne\u202f: contrer les effets de la COVID-19 sur les communaut\u00e9s marginalis\u00e9es&#8221;<\/span><\/a><\/p>\n","protected":false},"author":6,"featured_media":0,"comment_status":"closed","ping_status":"open","sticky":false,"template":"","format":"standard","meta":{"_links_to":"","_links_to_target":""},"categories":[],"tags":[],"_links":{"self":[{"href":"https:\/\/www.unesen.ca\/press\/index.php?rest_route=\/wp\/v2\/posts\/8759"}],"collection":[{"href":"https:\/\/www.unesen.ca\/press\/index.php?rest_route=\/wp\/v2\/posts"}],"about":[{"href":"https:\/\/www.unesen.ca\/press\/index.php?rest_route=\/wp\/v2\/types\/post"}],"author":[{"embeddable":true,"href":"https:\/\/www.unesen.ca\/press\/index.php?rest_route=\/wp\/v2\/users\/6"}],"replies":[{"embeddable":true,"href":"https:\/\/www.unesen.ca\/press\/index.php?rest_route=%2Fwp%2Fv2%2Fcomments&post=8759"}],"version-history":[{"count":2,"href":"https:\/\/www.unesen.ca\/press\/index.php?rest_route=\/wp\/v2\/posts\/8759\/revisions"}],"predecessor-version":[{"id":8763,"href":"https:\/\/www.unesen.ca\/press\/index.php?rest_route=\/wp\/v2\/posts\/8759\/revisions\/8763"}],"wp:attachment":[{"href":"https:\/\/www.unesen.ca\/press\/index.php?rest_route=%2Fwp%2Fv2%2Fmedia&parent=8759"}],"wp:term":[{"taxonomy":"category","embeddable":true,"href":"https:\/\/www.unesen.ca\/press\/index.php?rest_route=%2Fwp%2Fv2%2Fcategories&post=8759"},{"taxonomy":"post_tag","embeddable":true,"href":"https:\/\/www.unesen.ca\/press\/index.php?rest_route=%2Fwp%2Fv2%2Ftags&post=8759"}],"curies":[{"name":"wp","href":"https:\/\/api.w.org\/{rel}","templated":true}]}}